{"id":84740,"date":"2014-06-27T19:59:40","date_gmt":"2014-06-27T17:59:40","guid":{"rendered":"http:\/\/kulturbloggen.com\/?p=84740"},"modified":"2014-06-27T19:59:40","modified_gmt":"2014-06-27T17:59:40","slug":"putte-i-parken-2014-presenterar-hela-spelschemat","status":"publish","type":"post","link":"https:\/\/kulturbloggen.com\/?p=84740","title":{"rendered":"Putte i Parken 2014 presenterar hela spelschemat"},"content":{"rendered":"<p><a href=\"http:\/\/kulturbloggen.com\/wp-content\/uploads\/2014\/06\/putteiparken.jpg\"><img loading=\"lazy\" decoding=\"async\" src=\"http:\/\/kulturbloggen.com\/wp-content\/uploads\/2014\/06\/putteiparken.jpg\" alt=\"putteiparken\" width=\"450\" height=\"242\" class=\"aligncenter size-full wp-image-84745\" srcset=\"https:\/\/kulturbloggen.com\/wp-content\/uploads\/2014\/06\/putteiparken.jpg 450w, https:\/\/kulturbloggen.com\/wp-content\/uploads\/2014\/06\/putteiparken-300x161.jpg 300w\" sizes=\"auto, (max-width: 450px) 100vw, 450px\" \/><\/a><\/p>\n<p>Nedr\u00e4kningen har b\u00f6rjat. Snart \u00e4r det dags f\u00f6r tredagarsfestivalen som \u00e4r gratis i \u00e5r.<br \/>\nFestivalen som i \u00e5r gick sin egen v\u00e4g och blev gratis f\u00f6r alla &#8211; Putte i Parken \u00e4ger rum 3-5 juli i Karlstad.<\/p>\n<p><strong>Ett pressmail skriver inf\u00f6r festivalstarten:<\/strong><br \/>\nPutte i Parken bjuder in hela V\u00e4rmland (och jod\u00e5, hela Sverige i \u00f6vrigt ocks\u00e5) till tre sansl\u00f6sa dagar i Mariebergsskogen 3-5 juli. Och bevisar att de b\u00e4sta sakerna i livet faktiskt \u00e4r gratis. Alldeles gratis.<br \/>\nF\u00f6r n\u00e4r vi fick chansen s\u00e5 tog vi den. Tre dagar i Mariebergsskogen n\u00e4r vi bjuder alla p\u00e5 det mesta av det b\u00e4sta.<br \/>\nFr\u00e5n USA kommer Marky Ramone\u00b4s Blitzkrieg with Andrew W.K. och Black Label Society.<br \/>\nFr\u00e5n Norge Turbonegro.<br \/>\nFr\u00e5n Sverige top of the line-akter som Stiftelsen, Ken Ring, Dregen, Ulf Lundell, Linnea Henriksson, Raubtier och Syster Sol.<br \/>\nOch vi f\u00e5r en redan klassisk spelning av Sten &#038; Stanley.<br \/>\nTre fantastiska dagar i Mariebergsskogen.<br \/>\nSom vi bjuder dig p\u00e5. Och alla du k\u00e4nner.<br \/>\nF\u00f6r att inte tala om alla som du inte k\u00e4nner \u00e4n.<br \/>\nPutte i Parken 2014 \u00f6ppnar portarna till Mariebergsskogen 3-5 juli och bjuder gratis f\u00f6r alla p\u00e5 29 akter under tre dagar.<\/p>\n<p><strong>Lineup:<\/strong><br \/>\nTurbonegro (NO)<br \/>\nUlf Lundell<br \/>\nBlack Label Society (US)<br \/>\nStiftelsen<br \/>\nNause<br \/>\nKen Ring<br \/>\nLinnea Henriksson<br \/>\nMarky Ramones Blitzkrieg with Andrew W.K (US)<br \/>\nDregen<br \/>\nRaubtier<br \/>\nLinda Pira<br \/>\nStor<br \/>\nThe Salazar Brothers<br \/>\nTiger Bell<br \/>\nImperial State Electric<br \/>\nSyster Sol<br \/>\nSten &#038; Stanley<br \/>\nEgonaut<br \/>\nDeadly Spirits<br \/>\nLancer<br \/>\nMaryland<br \/>\nV\u00e5ldsamt Motst\u00e5nd<br \/>\nStil<br \/>\nLive Oaks<br \/>\nElin Landelius &#038; Folkt\u00e5get<br \/>\nAmong Souls<br \/>\nDemotional<br \/>\nBenjamin &#038; The Traveling Family<br \/>\nDamien<br \/>\nJohanna Lillvik<br \/>\nLarm!<\/p>\n<p><a href=\"http:\/\/www.putteiparken.se\">www.putteiparken.se<\/a><\/p>\n<p>Hela spelschemat ser du h\u00e4r: klicka p\u00e5 bilden s\u00e5 \u00f6ppnar den sig i st\u00f6rre format.<\/p>\n<p><a href=\"http:\/\/kulturbloggen.com\/wp-content\/uploads\/2014\/06\/Spelschema_PIP14.jpeg\"><img loading=\"lazy\" decoding=\"async\" src=\"http:\/\/kulturbloggen.com\/wp-content\/uploads\/2014\/06\/Spelschema_PIP14-300x133.jpeg\" alt=\"Spelschema_PIP14\" width=\"300\" height=\"133\" class=\"aligncenter size-medium wp-image-84742\" srcset=\"https:\/\/kulturbloggen.com\/wp-content\/uploads\/2014\/06\/Spelschema_PIP14-300x133.jpeg 300w, https:\/\/kulturbloggen.com\/wp-content\/uploads\/2014\/06\/Spelschema_PIP14-1024x454.jpeg 1024w, https:\/\/kulturbloggen.com\/wp-content\/uploads\/2014\/06\/Spelschema_PIP14.jpeg 1259w\" sizes=\"auto, (max-width: 300px) 100vw, 300px\" \/><\/a><\/p>\n","protected":false},"excerpt":{"rendered":"<p>Nedr\u00e4kningen har b\u00f6rjat. Snart \u00e4r det dags f\u00f6r tredagarsfestivalen som \u00e4r gratis i \u00e5r. Festivalen som i \u00e5r gick sin egen v\u00e4g och blev gratis f\u00f6r alla &#8211; Putte i Parken \u00e4ger rum 3-5 juli i Karlstad. Ett pressmail skriver inf\u00f6r festivalstarten: Putte i Parken bjuder in hela V\u00e4rmland (och jod\u00e5, hela Sverige i \u00f6vrigt [&hellip;]<\/p>\n","protected":false},"author":13,"featured_media":0,"comment_status":"open","ping_status":"open","sticky":false,"template":"","format":"standard","meta":{"_genesis_hide_title":false,"_genesis_hide_breadcrumbs":false,"_genesis_hide_singular_image":false,"_genesis_hide_footer_widgets":false,"_genesis_custom_body_class":"","_genesis_custom_post_class":"","_genesis_layout":"","footnotes":""},"categories":[7],"tags":[2085,3844,11085,11086,6067],"class_list":{"0":"post-84740","1":"post","2":"type-post","3":"status-publish","4":"format-standard","6":"category-musik","7":"tag-gratis","8":"tag-musikfestival","9":"tag-putte-i-parken","10":"tag-turbonegro","11":"tag-ulf-lundell","12":"entry"},"_links":{"self":[{"href":"https:\/\/kulturbloggen.com\/index.php?rest_route=\/wp\/v2\/posts\/84740","targetHints":{"allow":["GET"]}}],"collection":[{"href":"https:\/\/kulturbloggen.com\/index.php?rest_route=\/wp\/v2\/posts"}],"about":[{"href":"https:\/\/kulturbloggen.com\/index.php?rest_route=\/wp\/v2\/types\/post"}],"author":[{"embeddable":true,"href":"https:\/\/kulturbloggen.com\/index.php?rest_route=\/wp\/v2\/users\/13"}],"replies":[{"embeddable":true,"href":"https:\/\/kulturbloggen.com\/index.php?rest_route=%2Fwp%2Fv2%2Fcomments&post=84740"}],"version-history":[{"count":4,"href":"https:\/\/kulturbloggen.com\/index.php?rest_route=\/wp\/v2\/posts\/84740\/revisions"}],"predecessor-version":[{"id":84746,"href":"https:\/\/kulturbloggen.com\/index.php?rest_route=\/wp\/v2\/posts\/84740\/revisions\/84746"}],"wp:attachment":[{"href":"https:\/\/kulturbloggen.com\/index.php?rest_route=%2Fwp%2Fv2%2Fmedia&parent=84740"}],"wp:term":[{"taxonomy":"category","embeddable":true,"href":"https:\/\/kulturbloggen.com\/index.php?rest_route=%2Fwp%2Fv2%2Fcategories&post=84740"},{"taxonomy":"post_tag","embeddable":true,"href":"https:\/\/kulturbloggen.com\/index.php?rest_route=%2Fwp%2Fv2%2Ftags&post=84740"}],"curies":[{"name":"wp","href":"https:\/\/api.w.org\/{rel}","templated":true}]}}