{"id":84294,"date":"2014-06-13T14:30:15","date_gmt":"2014-06-13T12:30:15","guid":{"rendered":"http:\/\/kulturbloggen.com\/?p=84294"},"modified":"2014-06-13T14:30:15","modified_gmt":"2014-06-13T12:30:15","slug":"radiotjanst-har-fatt-hybris","status":"publish","type":"post","link":"https:\/\/kulturbloggen.com\/?p=84294","title":{"rendered":"Radiotj\u00e4nst har f\u00e5tt hybris"},"content":{"rendered":"<p><a href=\"http:\/\/kulturbloggen.com\/wp-content\/uploads\/2014\/06\/radiotjanst.jpg\"><img loading=\"lazy\" decoding=\"async\" src=\"http:\/\/kulturbloggen.com\/wp-content\/uploads\/2014\/06\/radiotjanst.jpg\" alt=\"radiotjanst\" width=\"151\" height=\"135\" class=\"aligncenter size-full wp-image-84295\" srcset=\"https:\/\/kulturbloggen.com\/wp-content\/uploads\/2014\/06\/radiotjanst.jpg 151w, https:\/\/kulturbloggen.com\/wp-content\/uploads\/2014\/06\/radiotjanst-150x135.jpg 150w\" sizes=\"auto, (max-width: 151px) 100vw, 151px\" \/><\/a><\/p>\n<p>Om en enskild vanlig medborgare har lurat samh\u00e4llet p\u00e5 ers\u00e4ttning och det uppdagas &#8211; d\u00e5 vet vi alla att denna enskilda medborgare m\u00e5ste betala tillbaka till samh\u00e4llet. Men n\u00e4r samh\u00e4llet har tagit avgifter fr\u00e5n sina medborgare p\u00e5 or\u00e4tta grunder, d\u00e5 f\u00e5r de sm\u00e5 enskilda m\u00e4nniskorna st\u00e5 d\u00e4r grundlurade. Det \u00e4r precis det som h\u00e4nder nu. Radiotj\u00e4nst har av grumlig logik best\u00e4mt att alla som har en surfplatta eller en smartphone eller en dator med Internetuppkoppling ska bara tv-licens, oavsett om de n\u00e5gonsin tittar p\u00e5 Sveriges television med sin telefon, dator eller surfplatta.<\/p>\n<p>Det \u00e4r egentligen ett helt sjukt krav fr\u00e5n Radiotj\u00e4nst. Det inser v\u00e4l vem som helst?<\/p>\n<p>Det finns massor datorer som st\u00e5r p\u00e5 arbetsplatser och som inte anv\u00e4nds f\u00f6r att titta p\u00e5 tv &#8211; och det finns m\u00e5nga som har en dator utan att anv\u00e4nda den f\u00f6r att titta p\u00e5 SVT Play.<\/p>\n<p>Javisst beh\u00f6vs public service. Det \u00e4r jag den f\u00f6rste att skriva under p\u00e5. Men det betyder inte att public service har r\u00e4tt att bete sig som en diktator i en stalinistisk stat. <\/p>\n<p>H\u00f6gsta f\u00f6rvaltningsdomstolen har nu tagit ett klokt &#8211; och egentligen sj\u00e4lvklart och logiskt &#8211; beslut att en dator inte \u00e4r en tv-mottagare och den som har en dator ska inte vara tvingad att betala tv-licens. <a href=\"http:\/\/kulturbloggen.com\/?p=84282\">H\u00e4r skrev vi om detta i morse.<\/a><\/p>\n<p>Radiotj\u00e4nst har kr\u00e4vt m\u00e4nniskor p\u00e5 avgift f\u00f6r tv-licens f\u00f6r att dessa medborgare har en dator, eller en surfplatta eller en smartphone. Sj\u00e4lvklart har m\u00e5nga protesterat och nu har protesterna f\u00e5tt geh\u00f6r. Men respekterar Radiotj\u00e4nst detta? Nja. Radiotj\u00e4nst meddelar i princip nu att alla som betalat in avgift hittills kan k\u00e4nna sig bl\u00e5sta.<\/p>\n<p><strong><a href=\"http:\/\/www.radiotjanst.se\/Avgiften\/Lagar-och-regler\/Viktigt-meddelande\/\">Radiotj\u00e4nst skriver n\u00e4mligen p\u00e5 sin hemsida<\/a><\/strong> att de som betalar fram tills nu inte kommer att f\u00e5 tillbaka vad de betalat in:<br \/>\n<em>H\u00f6gsta f\u00f6rvaltningsdomstolens beslut inneb\u00e4r ny praxis fr o m 2014-06-13. Fram till detta datum har r\u00e4ttssystemet bekr\u00e4ftat tidigare praxis. Detta inneb\u00e4r att tidigare avgifter \u00e4r korrekt p\u00e5f\u00f6rda och kan ej \u00e5terbetalas.<\/em><\/p>\n<p>Det \u00e4r inte sant som Radiotj\u00e4nst skriver. Det var en praxis som de sj\u00e4lva best\u00e4mt. Nu har H\u00f6gsta f\u00f6rvaltningsdomstolen tagit beslutet &#8211; vilket Radiotj\u00e4nst b\u00f6r f\u00f6lja. T\u00e4nk vad som hade h\u00e4nt om det varit tv\u00e4rtom: om medborgare v\u00e4grat betala tidigare och nu f\u00e5tt besked att de skulle betala. De skulle minsann tvingats att betala f\u00f6r hela tiden och inte fr\u00e5n den dag som H\u00f6gsta f\u00f6rvaltningsdomstolen tagit beslut.<\/p>\n<p>R\u00e4tt ska vara r\u00e4tt och det som g\u00e4ller ska g\u00e4lla f\u00f6r b\u00e5de myndigheter och medborgare.<br \/>\nSk\u00e4rpning Radiotj\u00e4nst. Ni f\u00e5r ni bita i det sura \u00e4pplet och ta konserverna av er orimliga girighet.<\/p>\n<p>Relaterat: <a href=\"http:\/\/www.svd.se\/naringsliv\/tv-licensen_3655238.svd?sidan=10\">Svenska Dagbladet<\/a> och \u00e4nnu mer i <a href=\"http:\/\/www.svd.se\/naringsliv\/tv-licensen_3655238.svd?sidan=8\">Svenska Dagblade<\/a>t.<\/p>\n","protected":false},"excerpt":{"rendered":"<p>Om en enskild vanlig medborgare har lurat samh\u00e4llet p\u00e5 ers\u00e4ttning och det uppdagas &#8211; d\u00e5 vet vi alla att denna enskilda medborgare m\u00e5ste betala tillbaka till samh\u00e4llet. Men n\u00e4r samh\u00e4llet har tagit avgifter fr\u00e5n sina medborgare p\u00e5 or\u00e4tta grunder, d\u00e5 f\u00e5r de sm\u00e5 enskilda m\u00e4nniskorna st\u00e5 d\u00e4r grundlurade. Det \u00e4r precis det som h\u00e4nder nu. [&hellip;]<\/p>\n","protected":false},"author":2,"featured_media":0,"comment_status":"open","ping_status":"open","sticky":false,"template":"","format":"standard","meta":{"_genesis_hide_title":false,"_genesis_hide_breadcrumbs":false,"_genesis_hide_singular_image":false,"_genesis_hide_footer_widgets":false,"_genesis_custom_body_class":"","_genesis_custom_post_class":"","_genesis_layout":"","footnotes":""},"categories":[44,62],"tags":[11040,2811,11039,6016],"class_list":{"0":"post-84294","1":"post","2":"type-post","3":"status-publish","4":"format-standard","6":"category-chadie","7":"category-medie-och-kulturpolitik","8":"tag-hogsta-forvaltningsdomstolen","9":"tag-juridik","10":"tag-radiotjanst","11":"tag-tv-licens","12":"entry"},"_links":{"self":[{"href":"https:\/\/kulturbloggen.com\/index.php?rest_route=\/wp\/v2\/posts\/84294","targetHints":{"allow":["GET"]}}],"collection":[{"href":"https:\/\/kulturbloggen.com\/index.php?rest_route=\/wp\/v2\/posts"}],"about":[{"href":"https:\/\/kulturbloggen.com\/index.php?rest_route=\/wp\/v2\/types\/post"}],"author":[{"embeddable":true,"href":"https:\/\/kulturbloggen.com\/index.php?rest_route=\/wp\/v2\/users\/2"}],"replies":[{"embeddable":true,"href":"https:\/\/kulturbloggen.com\/index.php?rest_route=%2Fwp%2Fv2%2Fcomments&post=84294"}],"version-history":[{"count":3,"href":"https:\/\/kulturbloggen.com\/index.php?rest_route=\/wp\/v2\/posts\/84294\/revisions"}],"predecessor-version":[{"id":84298,"href":"https:\/\/kulturbloggen.com\/index.php?rest_route=\/wp\/v2\/posts\/84294\/revisions\/84298"}],"wp:attachment":[{"href":"https:\/\/kulturbloggen.com\/index.php?rest_route=%2Fwp%2Fv2%2Fmedia&parent=84294"}],"wp:term":[{"taxonomy":"category","embeddable":true,"href":"https:\/\/kulturbloggen.com\/index.php?rest_route=%2Fwp%2Fv2%2Fcategories&post=84294"},{"taxonomy":"post_tag","embeddable":true,"href":"https:\/\/kulturbloggen.com\/index.php?rest_route=%2Fwp%2Fv2%2Ftags&post=84294"}],"curies":[{"name":"wp","href":"https:\/\/api.w.org\/{rel}","templated":true}]}}