{"id":84210,"date":"2014-06-12T13:35:41","date_gmt":"2014-06-12T11:35:41","guid":{"rendered":"http:\/\/kulturbloggen.com\/?p=84210"},"modified":"2014-06-12T13:35:41","modified_gmt":"2014-06-12T11:35:41","slug":"girl-band-gor-sin-forsta-sverige-spelning-i-host","status":"publish","type":"post","link":"https:\/\/kulturbloggen.com\/?p=84210","title":{"rendered":"Girl Band g\u00f6r sin f\u00f6rsta Sverige-spelning i h\u00f6st"},"content":{"rendered":"<p><a href=\"http:\/\/kulturbloggen.com\/wp-content\/uploads\/2014\/06\/girlband.jpeg\"><img loading=\"lazy\" decoding=\"async\" class=\"aligncenter size-medium wp-image-84211\" src=\"http:\/\/kulturbloggen.com\/wp-content\/uploads\/2014\/06\/girlband-300x200.jpeg\" alt=\"girlband\" width=\"300\" height=\"200\" srcset=\"https:\/\/kulturbloggen.com\/wp-content\/uploads\/2014\/06\/girlband-300x200.jpeg 300w, https:\/\/kulturbloggen.com\/wp-content\/uploads\/2014\/06\/girlband.jpeg 600w\" sizes=\"auto, (max-width: 300px) 100vw, 300px\" \/><\/a><\/p>\n<p>De kommer fr\u00e5n Irland och nyligen s\u00e5g vi dem g\u00f6ra en tung spelning p\u00e5 Primavera Sound-festivalen i Barcelona. Nu st\u00e5r det klart att den hyllade kvartetten g\u00f6r sin f\u00f6rsta Sverige-spelning n\u00e5gonsin p\u00e5 Lilla Hotellbaren den 3 september. S\u00e5 h\u00e4r skriver Fritz&#8217;s Corner i ett pressmeddelande:<\/p>\n<blockquote><p><em>&#8221;Irl\u00e4ndska Girl Band har under det senaste \u00e5ret vuxit fram som ett av de absolut mest sp\u00e4nnande namnen fr\u00e5n de brittiska \u00f6arna. Onsdagen den 3:e september st\u00e5r de p\u00e5 Lilla Hotellbarens scen kl 21:00.<\/em><\/p>\n<p><em>Girl Band &#8211; Dara Kiely, Alan Duggan, Daniel Fox och Adam Faulkner &#8211; bildades 2011 och efter n\u00e5gra limiterade singlar och EP-sl\u00e4pp presenterade sig bandet p\u00e5 riktigt med den lysande singeln &#8217;Lawman&#8217; i januari i \u00e5r. En brutalt stark mix av post-punk och noise som slog musikjournalister och lyssnare v\u00e4rlden \u00f6ver med h\u00e4pnade och &#8217;Lawman&#8217; hyllades unisont &#8211; bland annat p\u00e5 Pitchfork, Noisey, Stereogum och BBC. N\u00e4sta singel &#8217;De Bom Bom&#8217; sl\u00e4pps i augusti.<\/em><\/p>\n<p><em>Med ett rykte som ett spektakul\u00e4rt bra liveband med uts\u00e5lda spelningar \u00f6ver hela Storbritannien och Irland, gigs p\u00e5 festivaler som Primavera och The Great Escape och med l\u00f6fte om ny musik presenterar Fritz\u2019s Corner stolt Girl Bands f\u00f6rsta Sverigespelning p\u00e5 Lilla Hotellbaren i Stockholm den 3 september.<\/em><em>&#8221;<\/em><\/p><\/blockquote>\n<p><strong>Se musikvideon till <em>Lawman<\/em> h\u00e4r nedan:<\/strong><\/p>\n<p><iframe loading=\"lazy\" src=\"\/\/www.youtube.com\/embed\/nqxe3NZKYL0\" width=\"420\" height=\"315\" frameborder=\"0\" allowfullscreen=\"allowfullscreen\"><\/iframe><\/p>\n","protected":false},"excerpt":{"rendered":"<p>De kommer fr\u00e5n Irland och nyligen s\u00e5g vi dem g\u00f6ra en tung spelning p\u00e5 Primavera Sound-festivalen i Barcelona. Nu st\u00e5r det klart att den hyllade kvartetten g\u00f6r sin f\u00f6rsta Sverige-spelning n\u00e5gonsin p\u00e5 Lilla Hotellbaren den 3 september. S\u00e5 h\u00e4r skriver Fritz&#8217;s Corner i ett pressmeddelande: &#8221;Irl\u00e4ndska Girl Band har under det senaste \u00e5ret vuxit fram [&hellip;]<\/p>\n","protected":false},"author":3,"featured_media":0,"comment_status":"open","ping_status":"open","sticky":false,"template":"","format":"standard","meta":{"_genesis_hide_title":false,"_genesis_hide_breadcrumbs":false,"_genesis_hide_singular_image":false,"_genesis_hide_footer_widgets":false,"_genesis_custom_body_class":"","_genesis_custom_post_class":"","_genesis_layout":"","footnotes":""},"categories":[7],"tags":[11030,11029,3287],"class_list":{"0":"post-84210","1":"post","2":"type-post","3":"status-publish","4":"format-standard","6":"category-musik","7":"tag-fritzs-corner","8":"tag-girl-band","9":"tag-lilla-hotellbaren","10":"entry"},"_links":{"self":[{"href":"https:\/\/kulturbloggen.com\/index.php?rest_route=\/wp\/v2\/posts\/84210","targetHints":{"allow":["GET"]}}],"collection":[{"href":"https:\/\/kulturbloggen.com\/index.php?rest_route=\/wp\/v2\/posts"}],"about":[{"href":"https:\/\/kulturbloggen.com\/index.php?rest_route=\/wp\/v2\/types\/post"}],"author":[{"embeddable":true,"href":"https:\/\/kulturbloggen.com\/index.php?rest_route=\/wp\/v2\/users\/3"}],"replies":[{"embeddable":true,"href":"https:\/\/kulturbloggen.com\/index.php?rest_route=%2Fwp%2Fv2%2Fcomments&post=84210"}],"version-history":[{"count":1,"href":"https:\/\/kulturbloggen.com\/index.php?rest_route=\/wp\/v2\/posts\/84210\/revisions"}],"predecessor-version":[{"id":84212,"href":"https:\/\/kulturbloggen.com\/index.php?rest_route=\/wp\/v2\/posts\/84210\/revisions\/84212"}],"wp:attachment":[{"href":"https:\/\/kulturbloggen.com\/index.php?rest_route=%2Fwp%2Fv2%2Fmedia&parent=84210"}],"wp:term":[{"taxonomy":"category","embeddable":true,"href":"https:\/\/kulturbloggen.com\/index.php?rest_route=%2Fwp%2Fv2%2Fcategories&post=84210"},{"taxonomy":"post_tag","embeddable":true,"href":"https:\/\/kulturbloggen.com\/index.php?rest_route=%2Fwp%2Fv2%2Ftags&post=84210"}],"curies":[{"name":"wp","href":"https:\/\/api.w.org\/{rel}","templated":true}]}}