{"id":84078,"date":"2014-06-09T16:27:32","date_gmt":"2014-06-09T14:27:32","guid":{"rendered":"http:\/\/kulturbloggen.com\/?p=84078"},"modified":"2014-06-09T16:27:32","modified_gmt":"2014-06-09T14:27:32","slug":"titta-blood-orange-youre-not-good-enough","status":"publish","type":"post","link":"https:\/\/kulturbloggen.com\/?p=84078","title":{"rendered":"Titta: Blood Orange &#8211; You&#8217;re Not Good Enough"},"content":{"rendered":"<p><a href=\"http:\/\/kulturbloggen.com\/wp-content\/uploads\/2014\/06\/bloodorange.jpg\"><img loading=\"lazy\" decoding=\"async\" class=\"aligncenter size-medium wp-image-84079\" src=\"http:\/\/kulturbloggen.com\/wp-content\/uploads\/2014\/06\/bloodorange-300x200.jpg\" alt=\"bloodorange\" width=\"300\" height=\"200\" srcset=\"https:\/\/kulturbloggen.com\/wp-content\/uploads\/2014\/06\/bloodorange-300x200.jpg 300w, https:\/\/kulturbloggen.com\/wp-content\/uploads\/2014\/06\/bloodorange-1024x684.jpg 1024w, https:\/\/kulturbloggen.com\/wp-content\/uploads\/2014\/06\/bloodorange.jpg 1280w\" sizes=\"auto, (max-width: 300px) 100vw, 300px\" \/><\/a><\/p>\n<p>Blood Orange var en av h\u00f6jdpunkterna under \u00e5rets Primavera Sound-festival i Barcelona. Spelningen\u00a0g\u00e4stades vid ett flertal tillf\u00e4llen av flickv\u00e4nnen (och Friends-s\u00e5ngerskan) Samantha Urbani. Nu har paret\u00a0delat med sig av en ny musikvideo till <em>You&#8217;re Not Good Enough<\/em>.\u00a0L\u00e5ten \u00e4r med i soundtracket till Gia Coppolas film <em>Palo Alto<\/em>, och hon har \u00e4ven regisserat musikivideon.<\/p>\n<p><strong>Du kan se musikvideon h\u00e4r nedan:<\/strong><\/p>\n<p><iframe loading=\"lazy\" src=\"\/\/www.youtube.com\/embed\/7gtdpnKbT10\" width=\"560\" height=\"315\" frameborder=\"0\" allowfullscreen=\"allowfullscreen\"><\/iframe><\/p>\n","protected":false},"excerpt":{"rendered":"<p>Blood Orange var en av h\u00f6jdpunkterna under \u00e5rets Primavera Sound-festival i Barcelona. Spelningen\u00a0g\u00e4stades vid ett flertal tillf\u00e4llen av flickv\u00e4nnen (och Friends-s\u00e5ngerskan) Samantha Urbani. Nu har paret\u00a0delat med sig av en ny musikvideo till You&#8217;re Not Good Enough.\u00a0L\u00e5ten \u00e4r med i soundtracket till Gia Coppolas film Palo Alto, och hon har \u00e4ven regisserat musikivideon. Du kan [&hellip;]<\/p>\n","protected":false},"author":3,"featured_media":0,"comment_status":"open","ping_status":"open","sticky":false,"template":"","format":"standard","meta":{"_genesis_hide_title":false,"_genesis_hide_breadcrumbs":false,"_genesis_hide_singular_image":false,"_genesis_hide_footer_widgets":false,"_genesis_custom_body_class":"","_genesis_custom_post_class":"","_genesis_layout":"","footnotes":""},"categories":[7],"tags":[10308,11021],"class_list":{"0":"post-84078","1":"post","2":"type-post","3":"status-publish","4":"format-standard","6":"category-musik","7":"tag-blood-orange","8":"tag-youre-not-good-enough","9":"entry"},"_links":{"self":[{"href":"https:\/\/kulturbloggen.com\/index.php?rest_route=\/wp\/v2\/posts\/84078","targetHints":{"allow":["GET"]}}],"collection":[{"href":"https:\/\/kulturbloggen.com\/index.php?rest_route=\/wp\/v2\/posts"}],"about":[{"href":"https:\/\/kulturbloggen.com\/index.php?rest_route=\/wp\/v2\/types\/post"}],"author":[{"embeddable":true,"href":"https:\/\/kulturbloggen.com\/index.php?rest_route=\/wp\/v2\/users\/3"}],"replies":[{"embeddable":true,"href":"https:\/\/kulturbloggen.com\/index.php?rest_route=%2Fwp%2Fv2%2Fcomments&post=84078"}],"version-history":[{"count":1,"href":"https:\/\/kulturbloggen.com\/index.php?rest_route=\/wp\/v2\/posts\/84078\/revisions"}],"predecessor-version":[{"id":84080,"href":"https:\/\/kulturbloggen.com\/index.php?rest_route=\/wp\/v2\/posts\/84078\/revisions\/84080"}],"wp:attachment":[{"href":"https:\/\/kulturbloggen.com\/index.php?rest_route=%2Fwp%2Fv2%2Fmedia&parent=84078"}],"wp:term":[{"taxonomy":"category","embeddable":true,"href":"https:\/\/kulturbloggen.com\/index.php?rest_route=%2Fwp%2Fv2%2Fcategories&post=84078"},{"taxonomy":"post_tag","embeddable":true,"href":"https:\/\/kulturbloggen.com\/index.php?rest_route=%2Fwp%2Fv2%2Ftags&post=84078"}],"curies":[{"name":"wp","href":"https:\/\/api.w.org\/{rel}","templated":true}]}}