{"id":84058,"date":"2014-06-09T14:05:29","date_gmt":"2014-06-09T12:05:29","guid":{"rendered":"http:\/\/kulturbloggen.com\/?p=84058"},"modified":"2014-06-09T14:09:40","modified_gmt":"2014-06-09T12:09:40","slug":"a-georges-adeagbos-forsta-utstallning-i-sverige-kommer-till-moderna-museet","status":"publish","type":"post","link":"https:\/\/kulturbloggen.com\/?p=84058","title":{"rendered":"Georges Ad\u00e9agbos f\u00f6rsta utst\u00e4llning i Sverige kommer till Moderna Museet"},"content":{"rendered":"<p><a href=\"http:\/\/kulturbloggen.com\/wp-content\/uploads\/2014\/06\/georgesadeagbo_moderna.jpg\"><img loading=\"lazy\" decoding=\"async\" src=\"http:\/\/kulturbloggen.com\/wp-content\/uploads\/2014\/06\/georgesadeagbo_moderna-300x225.jpg\" alt=\"georgesadeagbo_moderna\" width=\"300\" height=\"225\" class=\"aligncenter size-medium wp-image-84059\" srcset=\"https:\/\/kulturbloggen.com\/wp-content\/uploads\/2014\/06\/georgesadeagbo_moderna-300x225.jpg 300w, https:\/\/kulturbloggen.com\/wp-content\/uploads\/2014\/06\/georgesadeagbo_moderna.jpg 450w\" sizes=\"auto, (max-width: 300px) 100vw, 300px\" \/><\/a><\/p>\n<p>Moderna Museet presenterar Georges Ad\u00e9agbos f\u00f6rsta utst\u00e4llning i Sverige. Ad\u00e9agbo unders\u00f6ker historiska och kulturella sidor av den stad eller plats d\u00e4r han st\u00e4ller ut och bygger utifr\u00e5n det sina komplexa installationer. I utst\u00e4llningen La naissance de Stockholm..! \/ Stockholms f\u00f6delse..! l\u00e5ter Ad\u00e9agbo Sverige och Benin m\u00f6tas och skapar kulturella omplaceringar och nya ber\u00e4ttelser. Utst\u00e4llningen visas p\u00e5 Moderna Museet i Stockholm 28 juni \u2013 7 september 2014 <\/p>\n<p>Ett pressmeddelande ber\u00e4ttar:<br \/>\nSedan 1990-talet och deltagandet i Venedigbiennalen 1999 har Georges Ad\u00e9agbos (f 1942, Cotonou, Benin) arbete visats internationellt. Ett viktigt element i Ad\u00e9agbos metod \u00e4r att unders\u00f6ka hur f\u00f6rem\u00e5l och h\u00e4ndelser f\u00f6rklaras och laddas med mening utifr\u00e5n olika betraktares kulturella sammanhang. Genom att utforska staden eller platsen samt dess kultur och historia bygger han sina verk till komplexa collage. B\u00f6cker, tidningar och kl\u00e4der som inf\u00f6rskaffats p\u00e5 bland annat loppmarknader i Stockholm och Cotonou f\u00f6rs samman med illustrationer och tr\u00e4sniderier och sammanfl\u00e4tas med konstn\u00e4rens handskrivna texter.<\/p>\n<p>&#8211; I Georges Ad\u00e9agbos nya verk f\u00f6r Moderna Museet skapar han ett collage av h\u00e4ndelser och personer d\u00e4r historia, filosofi, politik och religion \u00e4r \u00e5terkommande teman. Jesus, Drottning Kristina, Ren\u00e9 Descartes och Okwui Enwezor ing\u00e5r alla i hans installation. Genom att skapa nya sammanhang och betydelser utmanar och f\u00f6r\u00e4ndrar Ad\u00e9agbo invanda s\u00e4tt att se p\u00e5 v\u00e4rlden, s\u00e4ger curator Matilda Olof-Ors <\/p>\n<p>En av de \u00e4ldsta avbildningarna av Stockholm \u00e5terfinns p\u00e5 V\u00e4dersolstavlan i Storkyrkan i Stockholm. Den f\u00f6rest\u00e4ller s\u00e5 kallade haloringar, ett atmosf\u00e4riskt optiskt fenomen som visade sig \u00f6ver staden i april \u00e5r 1535. Under ett f\u00f6rberedande bes\u00f6k i Stockholm, f\u00e5ngade detta medeltida konstverk Ad\u00e9agbos intresse. Han har \u201d\u00f6versatt\u201d V\u00e4dersolstavlan genom att best\u00e4lla en tr\u00e4relief av m\u00e5lningen fr\u00e5n en hantverkare i sin hemstad Cotonou. M\u00e5lningarna i Ad\u00e9agbos installationer utf\u00f6rs aldrig av honom sj\u00e4lv, utan best\u00e4lls och tillverkas av lokala hantverkare i Benin enligt hans anvisningar. <\/p>\n<p>I utst\u00e4llningen unders\u00f6ker Ad\u00e9agbo \u00e4ven Moderna Museets historia och konstsamling. Konstverk med legendarisk status som \u00e5terfinns bland den v\u00e4sterl\u00e4ndska modernistiska traditionens mest erk\u00e4nda verk har omskapats till nya versioner. Den d\u00e4ckbeprydde geten i Robert Rauschenbergs ber\u00f6mda verk Monogram (1955\u201359) omtolkas i Ad\u00e9agbos installation till Abrahams bibliska offer. I utst\u00e4llningen visas m\u00e5lningar baserade p\u00e5 fotografier av flera centrala \u00f6gonblick i museets historia. Till exempel \u00e5terges ett fotografi fr\u00e5n 1967 av Moderna Museets tidigare chef Pontus Hult\u00e9n och konstn\u00e4ren Lucio Fontana i form av en svartvit m\u00e5lning.<\/p>\n","protected":false},"excerpt":{"rendered":"<p>Moderna Museet presenterar Georges Ad\u00e9agbos f\u00f6rsta utst\u00e4llning i Sverige. Ad\u00e9agbo unders\u00f6ker historiska och kulturella sidor av den stad eller plats d\u00e4r han st\u00e4ller ut och bygger utifr\u00e5n det sina komplexa installationer. I utst\u00e4llningen La naissance de Stockholm..! \/ Stockholms f\u00f6delse..! l\u00e5ter Ad\u00e9agbo Sverige och Benin m\u00f6tas och skapar kulturella omplaceringar och nya ber\u00e4ttelser. Utst\u00e4llningen visas [&hellip;]<\/p>\n","protected":false},"author":13,"featured_media":0,"comment_status":"open","ping_status":"open","sticky":false,"template":"","format":"standard","meta":{"_genesis_hide_title":false,"_genesis_hide_breadcrumbs":false,"_genesis_hide_singular_image":false,"_genesis_hide_footer_widgets":false,"_genesis_custom_body_class":"","_genesis_custom_post_class":"","_genesis_layout":"","footnotes":""},"categories":[20],"tags":[11018,3009,3740],"class_list":{"0":"post-84058","1":"post","2":"type-post","3":"status-publish","4":"format-standard","6":"category-film","7":"tag-georges-adeagbo","8":"tag-konst","9":"tag-moderna-museet","10":"entry"},"_links":{"self":[{"href":"https:\/\/kulturbloggen.com\/index.php?rest_route=\/wp\/v2\/posts\/84058","targetHints":{"allow":["GET"]}}],"collection":[{"href":"https:\/\/kulturbloggen.com\/index.php?rest_route=\/wp\/v2\/posts"}],"about":[{"href":"https:\/\/kulturbloggen.com\/index.php?rest_route=\/wp\/v2\/types\/post"}],"author":[{"embeddable":true,"href":"https:\/\/kulturbloggen.com\/index.php?rest_route=\/wp\/v2\/users\/13"}],"replies":[{"embeddable":true,"href":"https:\/\/kulturbloggen.com\/index.php?rest_route=%2Fwp%2Fv2%2Fcomments&post=84058"}],"version-history":[{"count":2,"href":"https:\/\/kulturbloggen.com\/index.php?rest_route=\/wp\/v2\/posts\/84058\/revisions"}],"predecessor-version":[{"id":84061,"href":"https:\/\/kulturbloggen.com\/index.php?rest_route=\/wp\/v2\/posts\/84058\/revisions\/84061"}],"wp:attachment":[{"href":"https:\/\/kulturbloggen.com\/index.php?rest_route=%2Fwp%2Fv2%2Fmedia&parent=84058"}],"wp:term":[{"taxonomy":"category","embeddable":true,"href":"https:\/\/kulturbloggen.com\/index.php?rest_route=%2Fwp%2Fv2%2Fcategories&post=84058"},{"taxonomy":"post_tag","embeddable":true,"href":"https:\/\/kulturbloggen.com\/index.php?rest_route=%2Fwp%2Fv2%2Ftags&post=84058"}],"curies":[{"name":"wp","href":"https:\/\/api.w.org\/{rel}","templated":true}]}}