{"id":84009,"date":"2014-06-09T16:43:31","date_gmt":"2014-06-09T14:43:31","guid":{"rendered":"http:\/\/kulturbloggen.com\/?p=84009"},"modified":"2017-12-01T07:23:52","modified_gmt":"2017-12-01T06:23:52","slug":"filmpodcast-filmladan-11-godzilla-godzilla-godzilla","status":"publish","type":"post","link":"https:\/\/kulturbloggen.com\/?p=84009","title":{"rendered":"Filmpodcast: Filml\u00e5dan #11 &#8211; Godzilla! Godzilla! Godzilla!"},"content":{"rendered":"<p><a href=\"http:\/\/kulturbloggen.com\/wp-content\/uploads\/2014\/06\/godzilla1.jpg\"><img loading=\"lazy\" decoding=\"async\" class=\"alignleft wp-image-84010 size-medium\" src=\"http:\/\/kulturbloggen.com\/wp-content\/uploads\/2014\/06\/godzilla1-300x220.jpg\" alt=\"godzilla1\" width=\"300\" height=\"220\" srcset=\"https:\/\/kulturbloggen.com\/wp-content\/uploads\/2014\/06\/godzilla1-300x220.jpg 300w, https:\/\/kulturbloggen.com\/wp-content\/uploads\/2014\/06\/godzilla1.jpg 582w\" sizes=\"auto, (max-width: 300px) 100vw, 300px\" \/><\/a><\/p>\n<p style=\"text-align: justify;\"><strong>Filml\u00e5dan<\/strong> presenterar ett specialavsnitt med Godzilla-tema. Med avstamp i klassikern fr\u00e5n 1954 promenerar Franz, Robert och Magnus \u00e4nda fram till bioaktuella nyinspelningen <em>Godzilla<\/em> fr\u00e5n 2014. Ladda ner i mobilen, mp3-spelaren eller lyssna direkt i browsern och g\u00f6r oss s\u00e4llskap ute i junisolen! Robert <em>vr\u00e5lar det patenterade Godzillavr\u00e5let<\/em> minst sju g\u00e5nger, Magnus h\u00e5ller huvudet kallt och Franz <em>bombarderar avsnittet med k\u00e4rlek<\/em>. Allt i v\u00e5r Godzillaspecial!<\/p>\n<p style=\"text-align: justify;\">Dessutom! Hur mycket atombombs\u00e5ngest t\u00e5l egentligen de medverkande? \u00c4r sk\u00e5disar i gummidr\u00e4kter \u00f6vertygande som monster? Varf\u00f6r \u00e4lskar Franz Godzilla s\u00e5 mycket och vad \u00e4r bakgrundshistorien till hans Godzillatatuering? Finns det <em>n\u00e5got basalt i m\u00e4nniskan<\/em> som tilltalas av att trampa s\u00f6nder miniatyrer? Och varf\u00f6r ansluter inte Magnus till Roberts och Franz <em>a cappella-version av Godzilla-soundtracket<\/em> i avsnittets sista sk\u00e4lvande minuter?<\/p>\n<p>ALLT DETTA OCH MER I FILML\u00c5DAN #11 !<\/p>\n<p><strong>SPELSCHEMA<\/strong> (cirkatider)<br \/>\n<strong>00:00-04:00<\/strong>: INTRO<br \/>\n<strong>04:00-14:20<\/strong>: Godzilla (1954)<br \/>\n<strong>14:20-18:15<\/strong>: Godzilla vs. King Kong<br \/>\n<strong>18:15-32:30<\/strong>: Godzilla vs. King Ghidora<br \/>\n<strong>32:30-45:55<\/strong>: Godzilla (1998)<br \/>\n<strong>45:55-1:05:20<\/strong>: Godzilla (2014)<br \/>\n<strong>1:05:20-1:17:40<\/strong>: Det b\u00e4sta och s\u00e4msta fr\u00e5n varje film<br \/>\n<strong>1:17:40-1:18:48<\/strong>: OUTRO<br \/>\n.<br \/>\n.<br \/>\n<a href=\"http:\/\/traffic.libsyn.com\/filmladan\/Filmldan_Episode_11.mp3\"><strong>LADDA NER SOM MP3<\/strong><\/a> (H\u00f6gerklicka och v\u00e4lj &#8221;spara l\u00e4nk som..&#8221;)<br \/>\n.<br \/>\n.<br \/>\nL\u00e4nk till <a href=\"https:\/\/itunes.apple.com\/se\/podcast\/filmladan\/id731118441?l=en\"><strong>iTunes<\/strong><\/a><br \/>\n.<br \/>\n.<br \/>\n.<br \/>\n<audio class=\"wp-audio-shortcode\" id=\"audio-84009-1\" preload=\"none\" style=\"width: 100%;\" controls=\"controls\"><source type=\"audio\/mpeg\" src=\"http:\/\/traffic.libsyn.com\/filmladan\/Filmldan_Episode_11.mp3?_=1\" \/><a href=\"http:\/\/traffic.libsyn.com\/filmladan\/Filmldan_Episode_11.mp3\">http:\/\/traffic.libsyn.com\/filmladan\/Filmldan_Episode_11.mp3<\/a><\/audio><br \/>\n.<br \/>\n.<br \/>\n<a title=\"H\u00e4r hittar du alla avsnitt av Filml\u00e5dan\" href=\"http:\/\/filmladan.libsyn.com\" target=\"_blank\"><em>H\u00e4r hittar du <strong>alla<\/strong> tidigare avsnitt<\/em>!<\/a><br \/>\n.<br \/>\n.<br \/>\n<strong>GLAD SOMMAR \u00d6NSKAR FILML\u00c5DAN<\/strong><\/p>\n","protected":false},"excerpt":{"rendered":"<p>Filml\u00e5dan presenterar ett specialavsnitt med Godzilla-tema. Med avstamp i klassikern fr\u00e5n 1954 promenerar Franz, Robert och Magnus \u00e4nda fram till bioaktuella nyinspelningen Godzilla fr\u00e5n 2014. Ladda ner i mobilen, mp3-spelaren eller lyssna direkt i browsern och g\u00f6r oss s\u00e4llskap ute i junisolen! Robert vr\u00e5lar det patenterade Godzillavr\u00e5let minst sju g\u00e5nger, Magnus h\u00e5ller huvudet kallt och [&hellip;]<\/p>\n","protected":false},"author":13,"featured_media":0,"comment_status":"open","ping_status":"open","sticky":false,"template":"","format":"standard","meta":{"_genesis_hide_title":false,"_genesis_hide_breadcrumbs":false,"_genesis_hide_singular_image":false,"_genesis_hide_footer_widgets":false,"_genesis_custom_body_class":"","_genesis_custom_post_class":"","_genesis_layout":"","footnotes":""},"categories":[50,51,16],"tags":[10956,4407],"class_list":{"0":"post-84009","1":"post","2":"type-post","3":"status-publish","4":"format-standard","6":"category-filmfilm","7":"category-filmer","8":"category-recension","9":"tag-godzilla","10":"tag-podcast","11":"entry"},"_links":{"self":[{"href":"https:\/\/kulturbloggen.com\/index.php?rest_route=\/wp\/v2\/posts\/84009","targetHints":{"allow":["GET"]}}],"collection":[{"href":"https:\/\/kulturbloggen.com\/index.php?rest_route=\/wp\/v2\/posts"}],"about":[{"href":"https:\/\/kulturbloggen.com\/index.php?rest_route=\/wp\/v2\/types\/post"}],"author":[{"embeddable":true,"href":"https:\/\/kulturbloggen.com\/index.php?rest_route=\/wp\/v2\/users\/13"}],"replies":[{"embeddable":true,"href":"https:\/\/kulturbloggen.com\/index.php?rest_route=%2Fwp%2Fv2%2Fcomments&post=84009"}],"version-history":[{"count":13,"href":"https:\/\/kulturbloggen.com\/index.php?rest_route=\/wp\/v2\/posts\/84009\/revisions"}],"predecessor-version":[{"id":84077,"href":"https:\/\/kulturbloggen.com\/index.php?rest_route=\/wp\/v2\/posts\/84009\/revisions\/84077"}],"wp:attachment":[{"href":"https:\/\/kulturbloggen.com\/index.php?rest_route=%2Fwp%2Fv2%2Fmedia&parent=84009"}],"wp:term":[{"taxonomy":"category","embeddable":true,"href":"https:\/\/kulturbloggen.com\/index.php?rest_route=%2Fwp%2Fv2%2Fcategories&post=84009"},{"taxonomy":"post_tag","embeddable":true,"href":"https:\/\/kulturbloggen.com\/index.php?rest_route=%2Fwp%2Fv2%2Ftags&post=84009"}],"curies":[{"name":"wp","href":"https:\/\/api.w.org\/{rel}","templated":true}]}}