{"id":83625,"date":"2014-05-28T22:05:35","date_gmt":"2014-05-28T20:05:35","guid":{"rendered":"http:\/\/kulturbloggen.com\/?p=83625"},"modified":"2014-05-28T22:06:06","modified_gmt":"2014-05-28T20:06:06","slug":"lyssna-sommarens-fotbollslat-med-panetoz","status":"publish","type":"post","link":"https:\/\/kulturbloggen.com\/?p=83625","title":{"rendered":"Lyssna: sommarens fotbollsl\u00e5t  \u201dWorld Clap\u201d med Panetoz"},"content":{"rendered":"<p><a href=\"http:\/\/kulturbloggen.com\/wp-content\/uploads\/2014\/05\/panetoz.jpg\"><img loading=\"lazy\" decoding=\"async\" src=\"http:\/\/kulturbloggen.com\/wp-content\/uploads\/2014\/05\/panetoz.jpg\" alt=\"panetoz\" width=\"454\" height=\"191\" class=\"aligncenter size-full wp-image-83626\" srcset=\"https:\/\/kulturbloggen.com\/wp-content\/uploads\/2014\/05\/panetoz.jpg 454w, https:\/\/kulturbloggen.com\/wp-content\/uploads\/2014\/05\/panetoz-300x126.jpg 300w\" sizes=\"auto, (max-width: 454px) 100vw, 454px\" \/><\/a><\/p>\n<p>Panetoz g\u00f6r sommarens fotbollsl\u00e5t tillsammans med TV4.<\/p>\n<p>I mitten av juni sparkas fotbolls-VM ig\u00e5ng i Brasilien och Panetoz har f\u00e5tt den stora \u00e4ran att \u201dskapa kaos\u201d p\u00e5 det s\u00e4tt de kan b\u00e4st. Tillsammans med Joy och Linnea Deb har de tagit fram \u00e5rets fotbollsl\u00e5t i samarbete med TV4.<\/p>\n<p>Ett pressmeddelande ber\u00e4ttar om \u201dWorld Clap\u201d, en l\u00e5t som hyllar den gl\u00e4dje och gemenskap som Fotbolls-VM inneb\u00e4r f\u00f6r alla de miljontals tittare v\u00e4rlden \u00f6ver.<\/p>\n<p>Panetoz har f\u00e5tt hela Sverige att \u201dDansa Pausa\u201d sedan det stora genombrottet 2012 och nu senast i Melodifestivalen 2014 med l\u00e5ten \u201dEfter Solsken\u201d. Gruppen, best\u00e5ende av barndomsv\u00e4nnerna fr\u00e5n Jordbro, trotsar alla f\u00f6rdomar du haft om hur hiphop ska l\u00e5ta och hur man ska bete sig som f\u00f6rortskid fr\u00e5n s\u00f6der om Stockholm. Det h\u00e4r \u00e4r ett sammansvetsat g\u00e4ng som drivs av v\u00e4nskap, gl\u00e4djen till musiken och viljan att g\u00f6ra skillnad.<\/p>\n<p>Panetoz har nu, tillsammans med Joy och Linnea Deb, tagit fram l\u00e5ten \u201dWorld Clap\u201d som med sina tydliga brasilianska fotbollsinfluenser  hyllar gl\u00e4djen, festen och ger tittarna m\u00f6jligheten att klappa och vara med i festst\u00e4mningen under Fotbolls-VM i TV4. Oavsett om man klappar f\u00f6r ett lag eller en spelare \u00e4r man v\u00e4lkommen att vara med i World Clap.<\/p>\n<p>\u2013 Det \u00e4r en \u00e4ra att vi fick f\u00f6rfr\u00e5gan. Vi har alla en stor k\u00e4rlek f\u00f6r fotboll s\u00e5 det var sj\u00e4lvklart att st\u00e4lla upp, s\u00e4ger Johan Hirvi fr\u00e5n Panetoz.<\/p>\n<p><iframe loading=\"lazy\" width=\"560\" height=\"315\" src=\"\/\/www.youtube.com\/embed\/cemN3opIBfQ\" frameborder=\"0\" allowfullscreen><\/iframe><\/p>\n","protected":false},"excerpt":{"rendered":"<p>Panetoz g\u00f6r sommarens fotbollsl\u00e5t tillsammans med TV4. I mitten av juni sparkas fotbolls-VM ig\u00e5ng i Brasilien och Panetoz har f\u00e5tt den stora \u00e4ran att \u201dskapa kaos\u201d p\u00e5 det s\u00e4tt de kan b\u00e4st. Tillsammans med Joy och Linnea Deb har de tagit fram \u00e5rets fotbollsl\u00e5t i samarbete med TV4. Ett pressmeddelande ber\u00e4ttar om \u201dWorld Clap\u201d, en [&hellip;]<\/p>\n","protected":false},"author":13,"featured_media":0,"comment_status":"open","ping_status":"open","sticky":false,"template":"","format":"standard","meta":{"_genesis_hide_title":false,"_genesis_hide_breadcrumbs":false,"_genesis_hide_singular_image":false,"_genesis_hide_footer_widgets":false,"_genesis_custom_body_class":"","_genesis_custom_post_class":"","_genesis_layout":"","footnotes":""},"categories":[7],"tags":[12292,10992],"class_list":{"0":"post-83625","1":"post","2":"type-post","3":"status-publish","4":"format-standard","6":"category-musik","7":"tag-fotboll-sport-nyheter","8":"tag-panetoz","9":"entry"},"_links":{"self":[{"href":"https:\/\/kulturbloggen.com\/index.php?rest_route=\/wp\/v2\/posts\/83625","targetHints":{"allow":["GET"]}}],"collection":[{"href":"https:\/\/kulturbloggen.com\/index.php?rest_route=\/wp\/v2\/posts"}],"about":[{"href":"https:\/\/kulturbloggen.com\/index.php?rest_route=\/wp\/v2\/types\/post"}],"author":[{"embeddable":true,"href":"https:\/\/kulturbloggen.com\/index.php?rest_route=\/wp\/v2\/users\/13"}],"replies":[{"embeddable":true,"href":"https:\/\/kulturbloggen.com\/index.php?rest_route=%2Fwp%2Fv2%2Fcomments&post=83625"}],"version-history":[{"count":2,"href":"https:\/\/kulturbloggen.com\/index.php?rest_route=\/wp\/v2\/posts\/83625\/revisions"}],"predecessor-version":[{"id":83628,"href":"https:\/\/kulturbloggen.com\/index.php?rest_route=\/wp\/v2\/posts\/83625\/revisions\/83628"}],"wp:attachment":[{"href":"https:\/\/kulturbloggen.com\/index.php?rest_route=%2Fwp%2Fv2%2Fmedia&parent=83625"}],"wp:term":[{"taxonomy":"category","embeddable":true,"href":"https:\/\/kulturbloggen.com\/index.php?rest_route=%2Fwp%2Fv2%2Fcategories&post=83625"},{"taxonomy":"post_tag","embeddable":true,"href":"https:\/\/kulturbloggen.com\/index.php?rest_route=%2Fwp%2Fv2%2Ftags&post=83625"}],"curies":[{"name":"wp","href":"https:\/\/api.w.org\/{rel}","templated":true}]}}