{"id":83573,"date":"2014-05-27T13:08:06","date_gmt":"2014-05-27T12:08:06","guid":{"rendered":"http:\/\/kulturbloggen.com\/?p=83573"},"modified":"2014-05-27T13:08:06","modified_gmt":"2014-05-27T12:08:06","slug":"stockholms-kulturfestival-har-slappt-arets-forsta-akter","status":"publish","type":"post","link":"https:\/\/kulturbloggen.com\/?p=83573","title":{"rendered":"Stockholms Kulturfestival har sl\u00e4ppt \u00e5rets f\u00f6rsta akter"},"content":{"rendered":"<p><a href=\"http:\/\/kulturbloggen.com\/wp-content\/uploads\/2014\/05\/Stockholms-Kulturfestival-We-Are-Sthlm-2013_Gustav.jpg\"><img loading=\"lazy\" decoding=\"async\" class=\"aligncenter size-medium wp-image-83574\" src=\"http:\/\/kulturbloggen.com\/wp-content\/uploads\/2014\/05\/Stockholms-Kulturfestival-We-Are-Sthlm-2013_Gustav-300x200.jpg\" alt=\"Stockholms Kulturfestival We Are Sthlm 2013_Gustav\" width=\"300\" height=\"200\" srcset=\"https:\/\/kulturbloggen.com\/wp-content\/uploads\/2014\/05\/Stockholms-Kulturfestival-We-Are-Sthlm-2013_Gustav-300x200.jpg 300w, https:\/\/kulturbloggen.com\/wp-content\/uploads\/2014\/05\/Stockholms-Kulturfestival-We-Are-Sthlm-2013_Gustav-1024x682.jpg 1024w\" sizes=\"auto, (max-width: 300px) 100vw, 300px\" \/><\/a><\/p>\n<p>Manu Chao, Liv Warfield och Hoffmaestro \u00e4r n\u00e5gra av banden som upptr\u00e4der p\u00e5 \u00e5rets Kulturfestival, som i \u00e5r har Barcelona-tema och \u00e4ger rum mellan den 12 och den 17 augusti. Nedan ser du de artister som hittills \u00e4r klara f\u00f6r festivalens st\u00f6rsta scen p\u00e5 Gustav Adolfs torg:<\/p>\n<p><strong>12 augusti<\/strong><\/p>\n<p>Che Sudaka (ES)<br \/>\nTxarango (ES)<\/p>\n<p><strong>13 augusti<\/strong><\/p>\n<p>Sveriges Radios Symfoniorkester med g\u00e4ster<\/p>\n<p><strong>14 augusti<\/strong><\/p>\n<p>Edda Magnason med Modern Fantazias<br \/>\nBarnkammarboken med Nassim<\/p>\n<p><strong>15 augusti<\/strong><\/p>\n<p>Manu Chao (FR)<br \/>\nHoffmaestro<\/p>\n<p><strong>16 augusti<\/strong><\/p>\n<p>Kungliga Operan<br \/>\nLiv Warfield (US).<\/p>\n<p>Barcelona-temat tar bland annat uttryck i s\u00e5 kallade <em>castell<\/em>s, m\u00e4nskliga torn i sju v\u00e5ningar. L\u00e4s v\u00e5rt reportage\u00a0om det\u00a0<strong><a href=\"http:\/\/kulturbloggen.com\/?p=82041\">h\u00e4r<\/a>.<\/strong>\u00a0Dessutom bjuds det p\u00e5 en storskalig 3D-show, samtidigt tar ungdomsfestivalen We Are Sthlm tar \u00f6ver Kungstr\u00e4dg\u00e5rden med bokningar som Marlene, Miriam Bryant och Beatrice Eli.<\/p>\n","protected":false},"excerpt":{"rendered":"<p>Manu Chao, Liv Warfield och Hoffmaestro \u00e4r n\u00e5gra av banden som upptr\u00e4der p\u00e5 \u00e5rets Kulturfestival, som i \u00e5r har Barcelona-tema och \u00e4ger rum mellan den 12 och den 17 augusti. Nedan ser du de artister som hittills \u00e4r klara f\u00f6r festivalens st\u00f6rsta scen p\u00e5 Gustav Adolfs torg: 12 augusti Che Sudaka (ES) Txarango (ES) 13 [&hellip;]<\/p>\n","protected":false},"author":3,"featured_media":0,"comment_status":"open","ping_status":"open","sticky":false,"template":"","format":"standard","meta":{"_genesis_hide_title":false,"_genesis_hide_breadcrumbs":false,"_genesis_hide_singular_image":false,"_genesis_hide_footer_widgets":false,"_genesis_custom_body_class":"","_genesis_custom_post_class":"","_genesis_layout":"","footnotes":""},"categories":[7],"tags":[10986,5416],"class_list":["post-83573","post","type-post","status-publish","format-standard","category-musik","tag-manu-chao","tag-stockholms-kulturfestival","entry"],"_links":{"self":[{"href":"https:\/\/kulturbloggen.com\/index.php?rest_route=\/wp\/v2\/posts\/83573","targetHints":{"allow":["GET"]}}],"collection":[{"href":"https:\/\/kulturbloggen.com\/index.php?rest_route=\/wp\/v2\/posts"}],"about":[{"href":"https:\/\/kulturbloggen.com\/index.php?rest_route=\/wp\/v2\/types\/post"}],"author":[{"embeddable":true,"href":"https:\/\/kulturbloggen.com\/index.php?rest_route=\/wp\/v2\/users\/3"}],"replies":[{"embeddable":true,"href":"https:\/\/kulturbloggen.com\/index.php?rest_route=%2Fwp%2Fv2%2Fcomments&post=83573"}],"version-history":[{"count":1,"href":"https:\/\/kulturbloggen.com\/index.php?rest_route=\/wp\/v2\/posts\/83573\/revisions"}],"predecessor-version":[{"id":83575,"href":"https:\/\/kulturbloggen.com\/index.php?rest_route=\/wp\/v2\/posts\/83573\/revisions\/83575"}],"wp:attachment":[{"href":"https:\/\/kulturbloggen.com\/index.php?rest_route=%2Fwp%2Fv2%2Fmedia&parent=83573"}],"wp:term":[{"taxonomy":"category","embeddable":true,"href":"https:\/\/kulturbloggen.com\/index.php?rest_route=%2Fwp%2Fv2%2Fcategories&post=83573"},{"taxonomy":"post_tag","embeddable":true,"href":"https:\/\/kulturbloggen.com\/index.php?rest_route=%2Fwp%2Fv2%2Ftags&post=83573"}],"curies":[{"name":"wp","href":"https:\/\/api.w.org\/{rel}","templated":true}]}}