{"id":8343,"date":"2009-04-05T11:05:53","date_gmt":"2009-04-05T10:05:53","guid":{"rendered":"http:\/\/kulturbloggen.com\/?p=8343"},"modified":"2009-04-05T11:05:53","modified_gmt":"2009-04-05T10:05:53","slug":"vad-beror-raset-for-s-egentligen-pa-mental-spagat","status":"publish","type":"post","link":"https:\/\/kulturbloggen.com\/?p=8343","title":{"rendered":"Vad beror raset f\u00f6r S egentligen p\u00e5? Mental spagat?"},"content":{"rendered":"<p><img loading=\"lazy\" decoding=\"async\" src=\"http:\/\/sodergren.com\/kulturbloggen\/wp-content\/uploads\/2009\/04\/spagat290.jpg\" alt=\"spagat290\" title=\"spagat290\" width=\"290\" height=\"200\" class=\"alignright size-full wp-image-8345\" \/><br \/>\nSocialdemokraterna har rasat i opinionsunders\u00f6kningarna.<br \/>\nDemoskops unders\u00f6kning g\u00f6rs p\u00e5 n\u00e5got annat s\u00e4tt \u00e4n Sifo och Synnovate, s\u00e5 f\u00f6rmodligen \u00e4r raset i verkligheten inte fullt s\u00e5 stort &#8211; som Brors skriver i DN:<\/p>\n<blockquote><p>Det \u00e4r stora skillnader mellan de tv\u00e5 opinionsm\u00e4tningarna och siffrorna f\u00f6r respektive parti b\u00f6r tas med en nypa salt. Demoskops uppg\u00e5ng f\u00f6r Moderaterna p\u00e5 9 procentenheter p\u00e5 en m\u00e5nad motsvarar en halv miljon v\u00e4ljare, vilket framst\u00e5r som h\u00f6gst osannolikt. De b\u00e5da instituten anv\u00e4nder annorlunda m\u00e4tmetoder j\u00e4mf\u00f6rt med de st\u00f6rre opinionsm\u00e4tningar som g\u00f6rs av till exempel Synovate och Sifo.<\/p><\/blockquote>\n<p>Men att v\u00e4ljarnas f\u00f6rtroende f\u00f6r socialdemokraterna minskat \u00e4r \u00e4nd\u00e5 r\u00e4tt uppenbart.<br \/>\n<!--more--><br \/>\nVad beror det p\u00e5? I Peter Anderssons blogg har en intressant diskussion kring detta f\u00f6rts bland kommentarer till <a href=\"http:\/\/peterlandersson.blogspot.com\/2009\/04\/ohyggligt-allvarligt-lage-for-s.html\">det h\u00e4r inl\u00e4gget<\/a>.<\/p>\n<p>De svenska medierna styrs till st\u00f6rsta delen av h\u00f6gerpartiernas intressen. S\u00e5 det \u00e4r klart att skandaler inom S och dess allierade lyfts fram stort. Men det \u00e4r ingen f\u00f6rklaring till minskade opinionssiffror. Svenska folket \u00e4r inte s\u00e5 l\u00e4ttmanipulerade, \u00e4nd\u00e5. Tror jag. Svenska folket har r\u00f6stat emot elitens id\u00e9er f\u00f6rr. Med eliten i det h\u00e4r fallet menar jag medie-eliten, den medelklass som bor i centrala Stockholm och p\u00e5 S\u00f6dermalm och som jobbar p\u00e5 de centrala medieredaktionerna.<\/p>\n<p>S\u00e5 det g\u00e5r inte att skylla p\u00e5 medierna. En 55-\u00e5rig industriarbetare i en mindre stad r\u00f6star inte efter vad som skildrar i DN.<\/p>\n<p>Wanja Lundby-Wedin, LO-basen, satt tillsammans med gubbar fr\u00e5n Svenskt N\u00e4ringsliv och r\u00f6stade p\u00e5 ja-knappen f\u00f6r h\u00f6gt pensionsavtal f\u00f6r AMF-chefen, trots att AMF enligt sin reklam ska ha s\u00e5 l\u00e5ga avgifter som m\u00f6jligt f\u00f6r att s\u00e5 stor andel av placeringsvinsterna som m\u00f6jligt ska g\u00e5 till de pensioner som sparas hos dem. Visst, det ser illa ut. Men jag tror \u00e4nd\u00e5 inte det skulle blivit s\u00e4rskilt stor aff\u00e4r av det om inte Lundby-Wedin hade st\u00e4ngt in sig, rest bort och v\u00e4grat prata med medierna de f\u00f6rsta dagarna. <a href=\"http:\/\/www.dn.se\/opinion\/debatt\/skyll-inte-krisen-pa-giriga-direktorer-1.838289\">P\u00e5 DN Debatt<\/a> skriver tv\u00e5 av Wallenbergs-sf\u00e4rens fr\u00e4msta f\u00f6retr\u00e4dare att finanskrisen inte ska skyllas p\u00e5 giriga direkt\u00f6rer. Och en unders\u00f6kning nyligen visade ocks\u00e5 att en majoritet av svenska folket inte tycker bonusystem i sig \u00e4r fel. Det \u00e4r mer hur det anv\u00e4nts i vissa fall, som v\u00e4ckt anst\u00f6t. <\/p>\n<p>Men jag tror \u00e4nd\u00e5 inte att det f\u00f6rklarar det stora raset f\u00f6r S. \u00c4ven om Lundby-Wedin sitter med i partistyrelsen f\u00f6r S.<\/p>\n<p>T\u00e4nk dig om du \u00e4r ett sjukv\u00e5rdsbitr\u00e4de i Norrland eller du \u00e4r en byggnadsarbetare i V\u00e4rmland: vad t\u00e4nker du om ett parti som f\u00f6rst g\u00e5r ut och talar om att de inf\u00f6r valet vill samarbeta med milj\u00f6partiet och inte med v\u00e4nstern. N\u00e5gra dagar senare g\u00e5r partiet ut och meddelar att det visst ska samarbeta med v\u00e4nsterpartiet och kan t\u00e4nka sig bilda en regering tillsammans med dem. Allts\u00e5, vilket ben st\u00e5r partiet p\u00e5 d\u00e5? Ena dagen si, n\u00e4sta dag s\u00e5?<\/p>\n<p>N\u00e4r mediedrevet gick som v\u00e4rst kring LO-basen meddelade s-basen att hon har f\u00f6rtroende f\u00f6r Lundby-Wedin. N\u00e5gra dagar senare f\u00e5r medierna chansen att ropa ut att Sahlin vill att Lundby-Wedin avg\u00e5r (fast d\u00e5 menar hon fr\u00e5n AMF-styrelsen). Men det var inte s\u00e5 bra att ge medierna det betet.<\/p>\n<p>S \u00e4r ett brett parti, som har medlemmar med sympatier p\u00e5 v\u00e4nsterkanten och medlemmar som \u00e4r betydligt mer \u00e5t mitten. Alla kan inte styra lika mycket. D\u00e5 blir det mental spagat.<\/p>\n<p>Mental spagat=n\u00e4r du vill flera saker lika mycket och d\u00e4rf\u00f6r stannar kvar p\u00e5 golvet i spagat, eftersom du inte kan best\u00e4mma dig f\u00f6r vilka tv\u00e5 ben du ska st\u00e5 p\u00e5.<\/p>\n<p>Att st\u00e5 upp \u00e4r en f\u00f6ruts\u00e4ttning f\u00f6r att kunna g\u00e5, eller springa. Vill man inte kravla fram p\u00e5 golvet i mental spagat m\u00e5ste man s\u00e4tta ned f\u00f6tterna, s\u00e5 att s\u00e4ga.<\/p>\n<p>Det har inte S gjort. N\u00e4r S g\u00f6r det kanske det blir ett litet ras till,  men sedan blir det en bas, en grund, att bygga vidare p\u00e5. Som det \u00e4r nu vet inte v\u00e4ljare vad S st\u00e5r f\u00f6r.<\/p>\n<p>Relaterat:<br \/>\n<a href=\"http:\/\/www.expressen.se\/Nyheter\/1.1523459\/wanja-offras\">Expressen:<\/a><\/p>\n<blockquote><p>Socialdemokraternas taktik efter katastrofsiffrorna i Expressen st\u00e5r klar: man skyller p\u00e5 LO-basen Wanja Lundby-Wedin. Nu kommer avg\u00e5ngskrav fr\u00e5n Socialdemokraternas partistyrelse. &#8211; Wanja borde avg\u00e5 s\u00e5 fort som m\u00f6jligt. Vi klarar inte valet n\u00e4sta \u00e5r om hon \u00e4r kvar, s\u00e4ger Hans Hoff, S-riksdagsman och ledamot i partistyrelsen.<\/p><\/blockquote>\n<p><a href=\"http:\/\/www.aftonbladet.se\/nyheter\/article4826809.ab\">Aftonbladet<\/a>:<\/p>\n<blockquote><p>Socialdemokraterna rasar i opinionen efter AMF-skandalen.<br \/>\nNu kr\u00e4ver Mona Sahlin att LO-ordf\u00f6randen ska l\u00e4mna flera av sina styrelseuppdrag.<br \/>\n\u2013 LO och Wanja har mycket att visa, s\u00e4ger Mona Sahlin (S) till Aftonbladet.<\/p><\/blockquote>\n<p><a href=\"http:\/\/www.wiktzac.com\/2009\/04\/mona-positionerar-sig-ifran-wanja.html\">Zac\u00b4s \u00e5sikter<\/a>:<\/p>\n<blockquote><p>Nu tar S till handling f\u00f6r att b\u00f6rja st\u00e4vja <a href=\"http:\/\/www.wiktzac.com\/2009\/04\/alpina-landslaget-mona.html\">de fritt fallande opinionssiffrorna<\/a>. F\u00f6rtroendeomr\u00f6stningarna p\u00e5 webben haglar t\u00e4tt och det \u00e4r ingen uppmuntrande l\u00e4sning f\u00f6r S. Jag tittade t ex p\u00e5 AB&#8217;s omr\u00f6stning om man har f\u00f6rtroende f\u00f6r dels Wanja och dels Mona.<br \/>\n90% hade inget f\u00f6rtroende f\u00f6r Wanja och \u00f6ver 80% r\u00f6stade nej f\u00f6r Mona &#8230; <\/p><\/blockquote>\n<p><a href=\"http:\/\/www.metrobloggen.se\/jsp\/public\/permalink.jsp?article=19.8480778\">JJ.n skriver<\/a>:<\/p>\n<blockquote><p>Vi f\u00e5r se vad som h\u00e4nder under dagen med det inplanerade m\u00f6tet (<a href=\"http:\/\/sydsvenskan.se\/sverige\/article424347\/LO-mote-i-dag-om-Lundby-Wedin.html\">SDS)<\/a>&#8230; Tyv\u00e4rr verkar ju inte Lundby-Wedin sj\u00e4lv ha sj\u00e4lvkritik nog att inse att hon skadar inte bara LO, utan \u00e4ven S och riskerar vara en bidragande orsak till att borgarna pl\u00f6tsligt har b\u00e4ttre m\u00f6jligheter \u00e4n n\u00e5gonsin &#8230;<\/p><\/blockquote>\n<p>Jag tror att h\u00f6gerpartierna kommer att anv\u00e4nda situationen v\u00e4l. Senaste v\u00e4ljarunders\u00f6kningen var visserligen positiv f\u00f6r moderaterna, men inte f\u00f6r dess regeringskamrater. Enligt Demoskop skulle b\u00e5de Kristdemokraterna och Centerpartiet falla ur riksdagen. Men f\u00f6rmodligen g\u00f6r h\u00f6gerpartierna som <a href=\"http:\/\/www.svd.se\/opinion\/ledarsidan\/artikel_2698387.svd\">Ledarbloggen f\u00f6resl\u00e5r<\/a>: bildar en t\u00e4tare allians och d\u00e5 g\u00f6r det inget om KD och C inte f\u00e5r 4 procent.<\/p>\n<p><a href=\"http:\/\/www.aftonbladet.se\/nyheter\/article4827374.ab\">AB: Du har fel, Mona.<\/a><br \/>\n<a href=\"http:\/\/www.aftonbladet.se\/nyheter\/article4827171.ab\">AB: H\u00e4r g\u00f6mmer sig LO-basen.<\/a><br \/>\n<a href=\"http:\/\/www.aftonbladet.se\/nyheter\/article4827480.ab\">AB: Det h\u00e4r kan bli Reinfeldts \u00e5r.<\/a><br \/>\n<a href=\"http:\/\/www.dn.se\/ekonomi\/lo-mote-i-dag-om-lundby-wedin-1.838325\">DN: LO-m\u00f6te idag om Wanja Lundby-Wedin<\/a><br \/>\n<a href=\"http:\/\/www.dn.se\/nyheter\/politik\/kalabalik-inom-socialdemokratin-1.838153\">DN: Kalabalik inom Socialdemokratin<\/a><br \/>\n<a href=\"http:\/\/www.svd.se\/naringsliv\/nyheter\/artikel_2692591.svd\">SVD: Oj, vilken soppa<\/a><\/p>\n<p>Andra bloggar om: <a href=\"http:\/\/bloggar.se\/om\/opinion\" rel=\"tag\">opinion<\/a>, <a href=\"http:\/\/bloggar.se\/om\/politik\" rel=\"tag\">politik<\/a>, <a href=\"http:\/\/bloggar.se\/om\/socialdemokraterna\" rel=\"tag\">socialdemokraterna<\/a>, <a href=\"http:\/\/bloggar.se\/om\/statistik\" rel=\"tag\">statistik<\/a>, <a href=\"http:\/\/bloggar.se\/om\/v%E4ljarunders%F6kning\" rel=\"tag\">v\u00e4ljarunders\u00f6kning<\/a>, <a href=\"http:\/\/bloggar.se\/om\/moderaterna\" rel=\"tag\">moderaterna<\/a>, <a href=\"http:\/\/bloggar.se\/om\/Lundby-Wedin\" rel=\"tag\">Lundby-Wedin<\/a>, <a href=\"http:\/\/bloggar.se\/om\/r%F6dgr%F6na\" rel=\"tag\">r\u00f6dgr\u00f6na<\/a>, <a href=\"http:\/\/bloggar.se\/om\/Mona+Sahlin\" rel=\"tag\">Mona Sahlin<\/a><\/p>\n<p><img loading=\"lazy\" decoding=\"async\" src=\"http:\/\/sodergren.com\/kulturbloggen\/wp-content\/uploads\/2009\/04\/spagat600.jpg\" alt=\"spagat600\" title=\"spagat600\" width=\"600\" height=\"200\" class=\"alignright size-full wp-image-8346\" \/><\/p>\n","protected":false},"excerpt":{"rendered":"<p>Socialdemokraterna har rasat i opinionsunders\u00f6kningarna. Demoskops unders\u00f6kning g\u00f6rs p\u00e5 n\u00e5got annat s\u00e4tt \u00e4n Sifo och Synnovate, s\u00e5 f\u00f6rmodligen \u00e4r raset i verkligheten inte fullt s\u00e5 stort &#8211; som Brors skriver i DN: Det \u00e4r stora skillnader mellan de tv\u00e5 opinionsm\u00e4tningarna och siffrorna f\u00f6r respektive parti b\u00f6r tas med en nypa salt. Demoskops uppg\u00e5ng f\u00f6r Moderaterna [&hellip;]<\/p>\n","protected":false},"author":2,"featured_media":0,"comment_status":"open","ping_status":"open","sticky":false,"template":"","format":"standard","meta":{"_genesis_hide_title":false,"_genesis_hide_breadcrumbs":false,"_genesis_hide_singular_image":false,"_genesis_hide_footer_widgets":false,"_genesis_custom_body_class":"","_genesis_custom_post_class":"","_genesis_layout":"","footnotes":""},"categories":[20],"tags":[4191,12284,5229,5357,6307],"class_list":{"0":"post-8343","1":"post","2":"type-post","3":"status-publish","4":"format-standard","6":"category-film","7":"tag-opinion","8":"tag-politik","9":"tag-socialdemokraterna","10":"tag-statistik","11":"tag-valjarundersokning","12":"entry"},"_links":{"self":[{"href":"https:\/\/kulturbloggen.com\/index.php?rest_route=\/wp\/v2\/posts\/8343","targetHints":{"allow":["GET"]}}],"collection":[{"href":"https:\/\/kulturbloggen.com\/index.php?rest_route=\/wp\/v2\/posts"}],"about":[{"href":"https:\/\/kulturbloggen.com\/index.php?rest_route=\/wp\/v2\/types\/post"}],"author":[{"embeddable":true,"href":"https:\/\/kulturbloggen.com\/index.php?rest_route=\/wp\/v2\/users\/2"}],"replies":[{"embeddable":true,"href":"https:\/\/kulturbloggen.com\/index.php?rest_route=%2Fwp%2Fv2%2Fcomments&post=8343"}],"version-history":[{"count":0,"href":"https:\/\/kulturbloggen.com\/index.php?rest_route=\/wp\/v2\/posts\/8343\/revisions"}],"wp:attachment":[{"href":"https:\/\/kulturbloggen.com\/index.php?rest_route=%2Fwp%2Fv2%2Fmedia&parent=8343"}],"wp:term":[{"taxonomy":"category","embeddable":true,"href":"https:\/\/kulturbloggen.com\/index.php?rest_route=%2Fwp%2Fv2%2Fcategories&post=8343"},{"taxonomy":"post_tag","embeddable":true,"href":"https:\/\/kulturbloggen.com\/index.php?rest_route=%2Fwp%2Fv2%2Ftags&post=8343"}],"curies":[{"name":"wp","href":"https:\/\/api.w.org\/{rel}","templated":true}]}}