{"id":83325,"date":"2014-05-16T11:31:32","date_gmt":"2014-05-16T10:31:32","guid":{"rendered":"http:\/\/kulturbloggen.com\/?p=83325"},"modified":"2014-05-16T11:31:32","modified_gmt":"2014-05-16T10:31:32","slug":"overvagande-kvinnligt-pa-volt-festivalen-for-elektronisk-musik","status":"publish","type":"post","link":"https:\/\/kulturbloggen.com\/?p=83325","title":{"rendered":"\u00d6verv\u00e4gande kvinnligt p\u00e5 Volt \u2013 festivalen f\u00f6r elektronisk musik"},"content":{"rendered":"<p><a href=\"http:\/\/kulturbloggen.com\/wp-content\/uploads\/2014\/05\/voltfestivalen.jpg\"><img loading=\"lazy\" decoding=\"async\" src=\"http:\/\/kulturbloggen.com\/wp-content\/uploads\/2014\/05\/voltfestivalen-300x274.jpg\" alt=\"voltfestivalen\" width=\"300\" height=\"274\" class=\"aligncenter size-medium wp-image-83326\" srcset=\"https:\/\/kulturbloggen.com\/wp-content\/uploads\/2014\/05\/voltfestivalen-300x274.jpg 300w, https:\/\/kulturbloggen.com\/wp-content\/uploads\/2014\/05\/voltfestivalen.jpg 373w\" sizes=\"auto, (max-width: 300px) 100vw, 300px\" \/><\/a><\/p>\n<p>Volt \u2013 festivalen f\u00f6r elektronisk musik h\u00e5lls i \u00e5r igen i Uppsala Konsert &#038; Kongress:<br \/>\nL\u00f6rdag 7 juni, 20.00\u201303.00<\/p>\n<p>Ett pressmeddelande ber\u00e4ttar:<br \/>\nF\u00f6r sj\u00e4tte \u00e5ret i rad intar snart Volt \u2013 festivalen f\u00f6r elektronisk musik \u2013 Uppsala Konsert &#038; Kongress. P\u00e5 fyra stora och en barscen spelar liveartister och dj:er hela kv\u00e4llen. Precis som tidigare \u00e5r inramas musiken av effektfulla visuals och anpassat ljus. Det blir ocks\u00e5 interaktiva installationer.<\/p>\n<p>Voltprogrammet \u00e4r nu helt bokat. Totalt upptr\u00e4der 21 akter p\u00e5 de fem scenerna under totalt sju timmar. Den elektroniska musiken st\u00e5r i absolut fokus. Genrerna varierar mellan vacker ambient, futuristisk r\u2019n\u2019b\/electronica-pop, avantgardistisk dub, smattrande house, utmanande noise och industrimusik samt manglande h\u00e5rd techno.<\/p>\n<p>F\u00f6rra \u00e5ret blev Volt utsedd till v\u00e4rldens (!) mest j\u00e4mst\u00e4llda festival i det stora DJ-n\u00e4tverket female:pressures unders\u00f6kning av antalet bokade kvinnliga artister. Av de artister som upptr\u00e4dde p\u00e5 Volt 2013 var 39 procent kvinnor.<br \/>\n\u2013 J\u00e4mst\u00e4lldhet \u00e4r en oerh\u00f6rt viktig fr\u00e5ga, men den elektroniska musikscenen har ibland sl\u00e4pat efter p\u00e5 den punkten. Efter f\u00f6rra \u00e5rets female:pressure-unders\u00f6kning var vi stolta, men inte n\u00f6jda. I \u00e5r har vi lyckats b\u00e4ttre med den kvinnliga representationen bland artister och dj:er, s\u00e4ger Patric Kiraly, producent och projektledare f\u00f6r festivalen samt en av medlemmarna i Uppsala Konsert &#038; Kongress konsertledning.<\/p>\n<p>Av de 21 som upptr\u00e4der \u00e4r 11 kvinnliga artister, 7 manliga och 3 blandade. Det inneb\u00e4r att de kvinnliga artisterna utg\u00f6r 52 procent av programmet. Bland de mer namnkunniga m\u00e4rks amerikanska technoartisten Laurel Halo (vars album Chance of Rain hamnade p\u00e5 m\u00e5nga \u00e5rsb\u00e4stalistor f\u00f6rra \u00e5ret), tyska Helena Hauff (som ger ut skivor p\u00e5 hyllade Werkdiscs), brittiska Paula Temple (som \u00e4r en rutinerad och mycket upptagen techno-dj) och svenska Johanna Knutsson (som dj:ar, producerar, g\u00f6r P3-mixar och driver egna vinylbolaget Zodiac 44 fr\u00e5n hemmet i Berlin).<\/p>\n<p><strong>Alla artister:<\/strong><br \/>\nLive: Actress (UK), Laurel Halo (US), Wife (UK), Esplendor Geom\u00e9trico &#038; Mokira (ES\/SE), Vatican Shadow (US), Anna Zaradny (PL), Gamla Huset (SE), Mats Lindstr\u00f6m (SE), Frederikke Hofmeier (DK), Pleq (PL), RytmisKonsekvens (SE), Acute Onset (SE), Bioluminiscens (SE).<\/p>\n<p>DJ: Helena Hauff (DE), Paula Temple (UK), Johanna Knutsson (SE), Miriam Pemberton (SE), Princess of Sweden (SE), Lego (SE), Hugo Boss &#038; John Travolta (SE), Ida Matsdotter, (SE), Kliin (SE).<\/p>\n","protected":false},"excerpt":{"rendered":"<p>Volt \u2013 festivalen f\u00f6r elektronisk musik h\u00e5lls i \u00e5r igen i Uppsala Konsert &#038; Kongress: L\u00f6rdag 7 juni, 20.00\u201303.00 Ett pressmeddelande ber\u00e4ttar: F\u00f6r sj\u00e4tte \u00e5ret i rad intar snart Volt \u2013 festivalen f\u00f6r elektronisk musik \u2013 Uppsala Konsert &#038; Kongress. P\u00e5 fyra stora och en barscen spelar liveartister och dj:er hela kv\u00e4llen. Precis som tidigare [&hellip;]<\/p>\n","protected":false},"author":13,"featured_media":0,"comment_status":"open","ping_status":"open","sticky":false,"template":"","format":"standard","meta":{"_genesis_hide_title":false,"_genesis_hide_breadcrumbs":false,"_genesis_hide_singular_image":false,"_genesis_hide_footer_widgets":false,"_genesis_custom_body_class":"","_genesis_custom_post_class":"","_genesis_layout":"","footnotes":""},"categories":[7],"tags":[1478,12282,3844,6116,6282],"class_list":{"0":"post-83325","1":"post","2":"type-post","3":"status-publish","4":"format-standard","6":"category-musik","7":"tag-elektroniskt","8":"tag-musik","9":"tag-musikfestival","10":"tag-uppsala","11":"tag-volt","12":"entry"},"_links":{"self":[{"href":"https:\/\/kulturbloggen.com\/index.php?rest_route=\/wp\/v2\/posts\/83325","targetHints":{"allow":["GET"]}}],"collection":[{"href":"https:\/\/kulturbloggen.com\/index.php?rest_route=\/wp\/v2\/posts"}],"about":[{"href":"https:\/\/kulturbloggen.com\/index.php?rest_route=\/wp\/v2\/types\/post"}],"author":[{"embeddable":true,"href":"https:\/\/kulturbloggen.com\/index.php?rest_route=\/wp\/v2\/users\/13"}],"replies":[{"embeddable":true,"href":"https:\/\/kulturbloggen.com\/index.php?rest_route=%2Fwp%2Fv2%2Fcomments&post=83325"}],"version-history":[{"count":1,"href":"https:\/\/kulturbloggen.com\/index.php?rest_route=\/wp\/v2\/posts\/83325\/revisions"}],"predecessor-version":[{"id":83327,"href":"https:\/\/kulturbloggen.com\/index.php?rest_route=\/wp\/v2\/posts\/83325\/revisions\/83327"}],"wp:attachment":[{"href":"https:\/\/kulturbloggen.com\/index.php?rest_route=%2Fwp%2Fv2%2Fmedia&parent=83325"}],"wp:term":[{"taxonomy":"category","embeddable":true,"href":"https:\/\/kulturbloggen.com\/index.php?rest_route=%2Fwp%2Fv2%2Fcategories&post=83325"},{"taxonomy":"post_tag","embeddable":true,"href":"https:\/\/kulturbloggen.com\/index.php?rest_route=%2Fwp%2Fv2%2Ftags&post=83325"}],"curies":[{"name":"wp","href":"https:\/\/api.w.org\/{rel}","templated":true}]}}