{"id":83183,"date":"2014-05-13T15:37:19","date_gmt":"2014-05-13T14:37:19","guid":{"rendered":"http:\/\/kulturbloggen.com\/?p=83183"},"modified":"2014-05-13T15:38:59","modified_gmt":"2014-05-13T14:38:59","slug":"lyssna-anna-calvi-papi-pacify-fka-twigs-cover","status":"publish","type":"post","link":"https:\/\/kulturbloggen.com\/?p=83183","title":{"rendered":"Lyssna: Anna Calvi &#8211; Papi Pacify (FKA twigs cover)"},"content":{"rendered":"<p><a href=\"http:\/\/kulturbloggen.com\/wp-content\/uploads\/2014\/05\/calvi.png\"><img loading=\"lazy\" decoding=\"async\" class=\"aligncenter size-medium wp-image-83184\" src=\"http:\/\/kulturbloggen.com\/wp-content\/uploads\/2014\/05\/calvi-300x298.png\" alt=\"calvi\" width=\"300\" height=\"298\" srcset=\"https:\/\/kulturbloggen.com\/wp-content\/uploads\/2014\/05\/calvi-300x298.png 300w, https:\/\/kulturbloggen.com\/wp-content\/uploads\/2014\/05\/calvi-150x150.png 150w, https:\/\/kulturbloggen.com\/wp-content\/uploads\/2014\/05\/calvi.png 500w\" sizes=\"auto, (max-width: 300px) 100vw, 300px\" \/><\/a><\/p>\n<p>N\u00e4r vi uts\u00e5g <strong><a href=\"http:\/\/kulturbloggen.com\/?p=78271\">f\u00f6rra \u00e5rets hundra b\u00e4sta l\u00e5tar<\/a><\/strong> hamnade <em>Papi Pacify<\/em> av FKA twigs p\u00e5 sj\u00e4tteplats. Att det \u00e4r en briljant suggestiv l\u00e5t \u00e4r det ingen tvekan om, och nu har Anna Calvi tolkat l\u00e5ten till en kommande EP med covers. <em>Strange Weather,<\/em>\u00a0som bland annat g\u00e4stas av David Byrne, f\u00f6ljer upp f\u00f6rra \u00e5rets <em>One Breath<\/em> och kommer inneh\u00e5lla f\u00f6ljande l\u00e5tar:<\/p>\n<p>1. Papi Pacify (FKA twigs cover)<br \/>\n2. I&#8217;m the Man, That Will Find You [ft. David Byrne] (Connan Mockasin cover)<br \/>\n3. Ghost Rider (Suicide cover)<br \/>\n4. Strange Weather [ft. David Byrne] (Keren Ann cover)<br \/>\n5. Lady Grinning Soul (David Bowie cover)<\/p>\n<p>Du kan lyssna p\u00e5 Anna Calvis tolkning av <em>Papi Pacify<\/em> via <strong><a href=\"http:\/\/pitchfork.com\/news\/55165-anna-calvi-covers-fka-twigs-papi-pacify-on-covers-ep-featuring-david-byrne\/\">Pitchfork<\/a><\/strong>.<\/p>\n","protected":false},"excerpt":{"rendered":"<p>N\u00e4r vi uts\u00e5g f\u00f6rra \u00e5rets hundra b\u00e4sta l\u00e5tar hamnade Papi Pacify av FKA twigs p\u00e5 sj\u00e4tteplats. Att det \u00e4r en briljant suggestiv l\u00e5t \u00e4r det ingen tvekan om, och nu har Anna Calvi tolkat l\u00e5ten till en kommande EP med covers. Strange Weather,\u00a0som bland annat g\u00e4stas av David Byrne, f\u00f6ljer upp f\u00f6rra \u00e5rets One Breath [&hellip;]<\/p>\n","protected":false},"author":3,"featured_media":0,"comment_status":"open","ping_status":"open","sticky":false,"template":"","format":"standard","meta":{"_genesis_hide_title":false,"_genesis_hide_breadcrumbs":false,"_genesis_hide_singular_image":false,"_genesis_hide_footer_widgets":false,"_genesis_custom_body_class":"","_genesis_custom_post_class":"","_genesis_layout":"","footnotes":""},"categories":[7],"tags":[305,10617,10961],"class_list":{"0":"post-83183","1":"post","2":"type-post","3":"status-publish","4":"format-standard","6":"category-musik","7":"tag-anna-calvi","8":"tag-fka-twigs","9":"tag-papi-pacify","10":"entry"},"_links":{"self":[{"href":"https:\/\/kulturbloggen.com\/index.php?rest_route=\/wp\/v2\/posts\/83183","targetHints":{"allow":["GET"]}}],"collection":[{"href":"https:\/\/kulturbloggen.com\/index.php?rest_route=\/wp\/v2\/posts"}],"about":[{"href":"https:\/\/kulturbloggen.com\/index.php?rest_route=\/wp\/v2\/types\/post"}],"author":[{"embeddable":true,"href":"https:\/\/kulturbloggen.com\/index.php?rest_route=\/wp\/v2\/users\/3"}],"replies":[{"embeddable":true,"href":"https:\/\/kulturbloggen.com\/index.php?rest_route=%2Fwp%2Fv2%2Fcomments&post=83183"}],"version-history":[{"count":3,"href":"https:\/\/kulturbloggen.com\/index.php?rest_route=\/wp\/v2\/posts\/83183\/revisions"}],"predecessor-version":[{"id":83187,"href":"https:\/\/kulturbloggen.com\/index.php?rest_route=\/wp\/v2\/posts\/83183\/revisions\/83187"}],"wp:attachment":[{"href":"https:\/\/kulturbloggen.com\/index.php?rest_route=%2Fwp%2Fv2%2Fmedia&parent=83183"}],"wp:term":[{"taxonomy":"category","embeddable":true,"href":"https:\/\/kulturbloggen.com\/index.php?rest_route=%2Fwp%2Fv2%2Fcategories&post=83183"},{"taxonomy":"post_tag","embeddable":true,"href":"https:\/\/kulturbloggen.com\/index.php?rest_route=%2Fwp%2Fv2%2Ftags&post=83183"}],"curies":[{"name":"wp","href":"https:\/\/api.w.org\/{rel}","templated":true}]}}