{"id":8318,"date":"2009-04-04T13:38:36","date_gmt":"2009-04-04T12:38:36","guid":{"rendered":"http:\/\/kulturbloggen.com\/?p=8318"},"modified":"2009-04-04T13:38:36","modified_gmt":"2009-04-04T12:38:36","slug":"det-ar-sa-synd-ipredlagen-kommer-att-forstora-kanske-sla-sonder-delar-av-kulturen","status":"publish","type":"post","link":"https:\/\/kulturbloggen.com\/?p=8318","title":{"rendered":"Det \u00e4r s\u00e5 synd, Ipredlagen kommer att f\u00f6rst\u00f6ra, kanske sl\u00e5 s\u00f6nder, delar av kulturen"},"content":{"rendered":"<p>F\u00f6r min del vill jag att det ska finnas musiker, filmarbetare, ljudtekniker, f\u00f6rfattare, bokf\u00f6rlagsredakt\u00f6rer med mera.<br \/>\nJag \u00e4r orolig att ipredlagen kommer att sl\u00e5 s\u00f6nder allt detta.<br \/>\n<!--more--><br \/>\n<a href=\"http:\/\/dn.se\/kultur-noje\/massiv-kritik-mot-ipred-1.837999\">Dagens Nyheter skriver<\/a>:<\/p>\n<blockquote><p>De allra flesta som kritiserar Ipred riktar in sig p\u00e5 underh\u00e5llningsindustrin, inte lagstiftaren eller regeringen. Mer konkret l\u00e5ter m\u00e5nga av DN.se:s l\u00e4sare meddela att de i och med Ipred kommer att bojkotta de stora musik-, film- och datorspelsbolagen.<\/p>\n<p>\u201dBlir total bojkott av musik- och filmindustrin fr\u00e5n min sida. Tidigare har jag v\u00e4l lagt i medel en tusenlapp i m\u00e5naden p\u00e5 bio, dvd-boxar, konserter och en och annan samlings-cd. L\u00e4gg d\u00e4rtill tv-abonnemang och tv-licens. Nu \u00e4r det slut p\u00e5 det. Allt s\u00e4gs upp.\u201d skriver exempelvis Andreas.<\/p><\/blockquote>\n<p>Ipredlagen upplevs som oerh\u00f6rt kr\u00e4nkande och vidrig ur r\u00e4tts\u00e4kerhet. Att pl\u00f6tsligt en part i m\u00e5let kan f\u00e5 vara som en polis. Det \u00e4r inte s\u00e5 vi av tradition byggt upp v\u00e5rt r\u00e4ttssystem i Sverige.<\/p>\n<p>Jag f\u00f6r min del vill inte att allt ska vara gratis. Absolut inte. Att f\u00e5 fram bra musik kostar pengar ibland. Det handlar ju inte om att musikerna kan f\u00e5 inkomst via turn\u00e9er och konserter ist\u00e4llet. Dels \u00e4r det inte alla musiker som vill turnera j\u00e4mt. Dessutom \u00e4r det fler yrkesarbetare inblandade i att f\u00e5 fram en skiva, som producenter, ljudtekniker med mera.<\/p>\n<p>Och i flera led: att marknadsf\u00f6ra och f\u00e5 ut musiken, filmerna, b\u00f6ckerna med mera. Allt beh\u00f6vs p\u00e5 olika s\u00e4tt.<\/p>\n<p>Utan att jag kan bevisa med n\u00e5gon statistik har jag en best\u00e4md k\u00e4nsla av och uppfattning att m\u00e5nga, m\u00e5nga \u00e4r beredda att betala f\u00f6r kultur. Men vi vill kunna g\u00f6ra det p\u00e5 nya s\u00e4tt. <a href=\"http:\/\/bloggtidningen.se\/2009\/04\/04\/premiar-for-nokias-comes-with-music\/\">Nokias nya Comes With Music<\/a>, som lanserades i fredags \u00e4r ett bra initiativ. F\u00f6r cirka hundralappen i m\u00e5naden f\u00e5r de som har den tj\u00e4nsten h\u00e4mta hem hur mycket musik som helst. Det fr\u00e4mjar musikindustrin och f\u00e5r lyssnare att lyssna p\u00e5 \u00e4nnu mer och hitta nya artister.<\/p>\n<p>S\u00e5 jag \u00e4r orolig som bara den f\u00f6r konsekvenserna av ipredlagen.<\/p>\n<p>Relaterat:<br \/>\n<a href=\"http:\/\/www.svd.se\/nyheter\/inrikes\/artikel_2687187.svd\">Svenska Dagbladet<\/a><br \/>\n<a href=\"http:\/\/blogg.tkj.se\/surfa-anonymt-tjanster\/\">Tommy K Johansson<\/a><br \/>\n<a href=\"http:\/\/www.satmaran.com\/2009\/april\/delade-meningar.html\">Satmaran<\/a><br \/>\n<a href=\"http:\/\/christianengstrom.wordpress.com\/2009\/03\/31\/ipred-april-alla-dumma-politiker\/\">Christian Engstr\u00f6m<\/a><br \/>\n<a href=\"http:\/\/opassande.se\/index.php\/2009\/04\/04\/lagg-ner-ifpi-och-antipiratbyran\/\">Opassande<\/a><br \/>\n<a href=\"http:\/\/www.svd.se\/nyheter\/inrikes\/artikel_2695577.svd\">SVD 2<\/a><br \/>\n<a href=\"http:\/\/sydsvenskan.se\/sverige\/article424236\/Annu-en-misstankt-fildelare-anhallen.html\">Sydsvenskan<\/a><\/p>\n<p>Andra bloggar om: <a href=\"http:\/\/bloggar.se\/om\/ipred\" rel=\"tag\">ipred<\/a>, <a href=\"http:\/\/bloggar.se\/om\/%F6vervakning\" rel=\"tag\">\u00f6vervakning<\/a>, <a href=\"http:\/\/bloggar.se\/om\/fildelning\" rel=\"tag\">fildelning<\/a>, <a href=\"http:\/\/bloggar.se\/om\/kultur\" rel=\"tag\">kultur<\/a>, <a href=\"http:\/\/bloggar.se\/om\/musik\" rel=\"tag\">musik<\/a>, <a href=\"http:\/\/bloggar.se\/om\/samh%E4lle\" rel=\"tag\">samh\u00e4lle<\/a>, <a href=\"http:\/\/bloggar.se\/om\/ekonomi\" rel=\"tag\">ekonomi<\/a><\/p>\n","protected":false},"excerpt":{"rendered":"<p>F\u00f6r min del vill jag att det ska finnas musiker, filmarbetare, ljudtekniker, f\u00f6rfattare, bokf\u00f6rlagsredakt\u00f6rer med mera. Jag \u00e4r orolig att ipredlagen kommer att sl\u00e5 s\u00f6nder allt detta.<\/p>\n","protected":false},"author":2,"featured_media":0,"comment_status":"open","ping_status":"open","sticky":false,"template":"","format":"standard","meta":{"_genesis_hide_title":false,"_genesis_hide_breadcrumbs":false,"_genesis_hide_singular_image":false,"_genesis_hide_footer_widgets":false,"_genesis_custom_body_class":"","_genesis_custom_post_class":"","_genesis_layout":"","footnotes":""},"categories":[20],"tags":[1463,1708,2550,3074,12282,6550,4917],"class_list":{"0":"post-8318","1":"post","2":"type-post","3":"status-publish","4":"format-standard","6":"category-film","7":"tag-ekonomi","8":"tag-fildelning","9":"tag-ipred","10":"tag-kultur","11":"tag-musik","12":"tag-overvakning","13":"tag-samhalle","14":"entry"},"_links":{"self":[{"href":"https:\/\/kulturbloggen.com\/index.php?rest_route=\/wp\/v2\/posts\/8318","targetHints":{"allow":["GET"]}}],"collection":[{"href":"https:\/\/kulturbloggen.com\/index.php?rest_route=\/wp\/v2\/posts"}],"about":[{"href":"https:\/\/kulturbloggen.com\/index.php?rest_route=\/wp\/v2\/types\/post"}],"author":[{"embeddable":true,"href":"https:\/\/kulturbloggen.com\/index.php?rest_route=\/wp\/v2\/users\/2"}],"replies":[{"embeddable":true,"href":"https:\/\/kulturbloggen.com\/index.php?rest_route=%2Fwp%2Fv2%2Fcomments&post=8318"}],"version-history":[{"count":0,"href":"https:\/\/kulturbloggen.com\/index.php?rest_route=\/wp\/v2\/posts\/8318\/revisions"}],"wp:attachment":[{"href":"https:\/\/kulturbloggen.com\/index.php?rest_route=%2Fwp%2Fv2%2Fmedia&parent=8318"}],"wp:term":[{"taxonomy":"category","embeddable":true,"href":"https:\/\/kulturbloggen.com\/index.php?rest_route=%2Fwp%2Fv2%2Fcategories&post=8318"},{"taxonomy":"post_tag","embeddable":true,"href":"https:\/\/kulturbloggen.com\/index.php?rest_route=%2Fwp%2Fv2%2Ftags&post=8318"}],"curies":[{"name":"wp","href":"https:\/\/api.w.org\/{rel}","templated":true}]}}