{"id":8302,"date":"2009-04-04T08:40:22","date_gmt":"2009-04-04T07:40:22","guid":{"rendered":"http:\/\/kulturbloggen.com\/?p=8302"},"modified":"2009-04-04T08:40:22","modified_gmt":"2009-04-04T07:40:22","slug":"snart-lang-dags-fard-mot-natt-pa-teater-giljotin","status":"publish","type":"post","link":"https:\/\/kulturbloggen.com\/?p=8302","title":{"rendered":"Snart: L\u00e5ng dags f\u00e4rd mot natt p\u00e5 Teater Giljotin"},"content":{"rendered":"<p><img loading=\"lazy\" decoding=\"async\" src=\"http:\/\/sodergren.com\/kulturbloggen\/wp-content\/uploads\/2009\/04\/langdagsfardmotnatt290.jpg\" alt=\"langdagsfardmotnatt290\" title=\"langdagsfardmotnatt290\" width=\"290\" height=\"200\" class=\"alignnone size-full wp-image-8303\" \/><br \/>\nEn f\u00f6rest\u00e4llning jag ser fram emot \u00e4r L\u00e5ng dags f\u00e4rd mot natt p\u00e5 <a href=\"http:\/\/www.teatergiljotin.se\/\">Teater Giljotin<\/a>. Den har premi\u00e4r 22 april och spelas fram till 16 maj.<br \/>\n<!--more--><\/p>\n<blockquote><p>Under ett intensivt dygn m\u00f6ts familjen Tyrone, mamma Mary, pappa James och de tv\u00e5 vuxna s\u00f6nerna Jim och Edmund, i sommarhuset p\u00e5 kusten. Mamma Marys hotande missbruk och kampen om hennes k\u00e4rlek och uppm\u00e4rksamhet \u00e4r pj\u00e4sens nav. Eugene ONeill skriver med det sj\u00e4lvupplevdas intensitet om en familj p\u00e5 v\u00e4g att g\u00e5 under, om fyra m\u00e4nniskor som attraherar och st\u00f6ter bort varandra i en desperat l\u00e4ngtan efter k\u00e4rlek<\/p><\/blockquote>\n<p>P\u00e5 n\u00e5got s\u00e4tt tycker jag att det inte bara handlar om privatpersoner utan om samh\u00e4llet i stort idag, i finanskrisen.<\/p>\n<p>.<\/p>\n<p>Medverkande: Ann Petr\u00e9n, G\u00f6ran Engman, Tobias Hjelm,<br \/>\nAlexander Salzberger, Lanna Olsson<br \/>\nAv: Eugene O\u2019 Neill<br \/>\n\u00d6vers\u00e4ttning: Klas \u00d6stergren<br \/>\nRegi: Kia Berglund<br \/>\nScenografi\/kostym: Youlian Tabakov<br \/>\nMusik: Rikard Borgg\u00e5rd<\/p>\n<p><a href=\"http:\/\/sv.wikipedia.org\/wiki\/L%C3%A5ng_dags_f%C3%A4rd_mot_natt\">Wikipedia har en hel del fakta om L\u00e5ng dags f\u00e4rd mot natt, bland annat<\/a>:<\/p>\n<blockquote><p>L\u00e5ng dags f\u00e4rd mot natt, Long day&#8217;s journey into night, pj\u00e4s av Eugene O&#8217;Neill.<\/p>\n<p>Pj\u00e4sen \u00e4r sj\u00e4lvbiografisk och beskriver en augustidag 1912 i familjen Tyrones liv. Det \u00e4r ett mycket starkt drama, som f\u00f6rfattaren testamenterade till Dramaten. Han ville visa sin tacksamhet f\u00f6r att teatern spelat s\u00e5 m\u00e5nga av hans pj\u00e4ser &#8211; l\u00e5ngt innan han blev nobelpristagare. &#8221;L\u00e5ng dags f\u00e4rd mot natt&#8221; var en g\u00e5va till hustrun Carlotta p\u00e5 en av deras br\u00f6llopsdagar. Pj\u00e4sen \u00e4r allm\u00e4nt betraktad som O&#8217;Neills fr\u00e4msta verk och den gav honom postumt Pulitzerpriset f\u00f6r dramatik 1957.\n<\/p><\/blockquote>\n<p>Andra bloggar om: <a href=\"http:\/\/bloggar.se\/om\/teater\" rel=\"tag\">teater<\/a>, <a href=\"http:\/\/bloggar.se\/om\/drama\" rel=\"tag\">drama<\/a>, <a href=\"http:\/\/bloggar.se\/om\/wikipedia\" rel=\"tag\">wikipedia<\/a>, <a href=\"http:\/\/bloggar.se\/om\/scen\" rel=\"tag\">scen<\/a>, <a href=\"http:\/\/bloggar.se\/om\/Stockholm\" rel=\"tag\">Stockholm<\/a>, <a href=\"http:\/\/bloggar.se\/om\/Teater+Giljotin\" rel=\"tag\">Teater Giljotin<\/a><\/p>\n","protected":false},"excerpt":{"rendered":"<p>En f\u00f6rest\u00e4llning jag ser fram emot \u00e4r L\u00e5ng dags f\u00e4rd mot natt p\u00e5 Teater Giljotin. Den har premi\u00e4r 22 april och spelas fram till 16 maj.<\/p>\n","protected":false},"author":2,"featured_media":0,"comment_status":"open","ping_status":"open","sticky":false,"template":"","format":"standard","meta":{"_genesis_hide_title":false,"_genesis_hide_breadcrumbs":false,"_genesis_hide_singular_image":false,"_genesis_hide_footer_widgets":false,"_genesis_custom_body_class":"","_genesis_custom_post_class":"","_genesis_layout":"","footnotes":""},"categories":[30],"tags":[1363,12286,5400,12288,6402],"class_list":{"0":"post-8302","1":"post","2":"type-post","3":"status-publish","4":"format-standard","6":"category-teater","7":"tag-drama","8":"tag-film","9":"tag-stockholm","10":"tag-teater","11":"tag-wikipedia","12":"entry"},"_links":{"self":[{"href":"https:\/\/kulturbloggen.com\/index.php?rest_route=\/wp\/v2\/posts\/8302","targetHints":{"allow":["GET"]}}],"collection":[{"href":"https:\/\/kulturbloggen.com\/index.php?rest_route=\/wp\/v2\/posts"}],"about":[{"href":"https:\/\/kulturbloggen.com\/index.php?rest_route=\/wp\/v2\/types\/post"}],"author":[{"embeddable":true,"href":"https:\/\/kulturbloggen.com\/index.php?rest_route=\/wp\/v2\/users\/2"}],"replies":[{"embeddable":true,"href":"https:\/\/kulturbloggen.com\/index.php?rest_route=%2Fwp%2Fv2%2Fcomments&post=8302"}],"version-history":[{"count":0,"href":"https:\/\/kulturbloggen.com\/index.php?rest_route=\/wp\/v2\/posts\/8302\/revisions"}],"wp:attachment":[{"href":"https:\/\/kulturbloggen.com\/index.php?rest_route=%2Fwp%2Fv2%2Fmedia&parent=8302"}],"wp:term":[{"taxonomy":"category","embeddable":true,"href":"https:\/\/kulturbloggen.com\/index.php?rest_route=%2Fwp%2Fv2%2Fcategories&post=8302"},{"taxonomy":"post_tag","embeddable":true,"href":"https:\/\/kulturbloggen.com\/index.php?rest_route=%2Fwp%2Fv2%2Ftags&post=8302"}],"curies":[{"name":"wp","href":"https:\/\/api.w.org\/{rel}","templated":true}]}}