{"id":82879,"date":"2014-05-05T19:53:06","date_gmt":"2014-05-05T18:53:06","guid":{"rendered":"http:\/\/kulturbloggen.com\/?p=82879"},"modified":"2014-07-15T10:14:59","modified_gmt":"2014-07-15T08:14:59","slug":"den-svenska-bjornstammen-pa-ostgota-nation","status":"publish","type":"post","link":"https:\/\/kulturbloggen.com\/?p=82879","title":{"rendered":"Den Svenska Bj\u00f6rnstammen p\u00e5 \u00d6stg\u00f6ta Nation"},"content":{"rendered":"<p><a href=\"http:\/\/kulturbloggen.com\/wp-content\/uploads\/2014\/05\/bjornstammen.jpg\"><img loading=\"lazy\" decoding=\"async\" class=\"aligncenter size-medium wp-image-82882\" src=\"http:\/\/kulturbloggen.com\/wp-content\/uploads\/2014\/05\/bjornstammen-300x201.jpg\" alt=\"bjornstammen\" width=\"300\" height=\"201\" srcset=\"https:\/\/kulturbloggen.com\/wp-content\/uploads\/2014\/05\/bjornstammen-300x201.jpg 300w, https:\/\/kulturbloggen.com\/wp-content\/uploads\/2014\/05\/bjornstammen.jpg 960w\" sizes=\"auto, (max-width: 300px) 100vw, 300px\" \/><\/a><\/p>\n<p><strong>Den Svenska Bj\u00f6rnstammen,\u00a0\u00d6stg\u00f6ta Nation<\/strong><br \/>\n<em>29 april 2014<\/em><br \/>\nBetyg: 3<\/p>\n<p>Inf\u00f6r drygt tretusen\u00a0\u00f6verf\u00f6rfriskade studenter p\u00e5 \u00d6stg\u00f6ta Nation i centrala Uppsala var en liten scen placerad p\u00e5 Kvalborg. St\u00e4mningen var, minst sagt, god. V\u00e4dret var om \u00e4n inte str\u00e5lande \u00e4nd\u00e5 helt ok. Kv\u00e4llen var ung och himlen gjorde sig redo f\u00f6r att m\u00e5las om fr\u00e5n bl\u00e5tt till r\u00f6tt. N\u00e4r jag f\u00f6r femte g\u00e5ngen i mitt liv skulle se Den Svenska Bj\u00f6rnstammen live var det med andra ord under goda f\u00f6ruts\u00e4ttningar. \u00c4nd\u00e5 k\u00e4ndes allting inte riktigt r\u00e4tt.<\/p>\n<p>Kanske var scenen f\u00f6r liten f\u00f6r deras sprallighet? F\u00f6r \u00e4ven om det hoppades och skuttades friskt under spelningen, v\u00e4l tajmat med olika l\u00e5tars klimax, k\u00e4ndes det hela v\u00e4ldigt\u2026 komprimerat. Som att kollektivet fick h\u00e5lla tillbaka p\u00e5 sin energi och vitalitet. Inte fick r\u00f6ra sig som de ville. Musikaliskt var de lika bra som alltid, om inte b\u00e4ttre, men ljudet var inte det b\u00e4sta &#8212; vilket med st\u00f6rsta sannolikhet beror p\u00e5 ljudsystemet och inte bandets upptr\u00e4dande. Basen sprakade till p\u00e5 obehagligt vis lite till och fr\u00e5n, och l\u00e4mnade inte den d\u00e4r pirrande fj\u00e4rilsk\u00e4nslan i magen som vanligtvis bara en f\u00f6r\u00e4lskelse och en bra konsert kan efterl\u00e4mna sig. Men trummorna, och de andra slagverken, h\u00f6ll sig \u00e4nd\u00e5 oftast p\u00e5 r\u00e4tt sida av behaget. Dragspelet likas\u00e5. Kanske var det basen och gitarrerna som p\u00e5 allvar drog \u00f6ver upplevelsen p\u00e5 fel sida av bitterljuva rivandet.<\/p>\n<p>Trots att konstskollektivet precis sl\u00e4ppt sitt andra album <em>I f\u00f6rh\u00e5llande till<\/em> \u00e4r det inte det nya materialet som v\u00e4cker engagemang hos publiken (ut\u00f6ver titelsp\u00e5ret d\u00e5, som g\u00f6r sig riktigt bra live) utan mestadels fr\u00e5n den f\u00f6rsta skivan <em>Ett fel n\u00e4rmare r\u00e4tt<\/em> &#8212; men trots den br\u00e4nnande festivalst\u00e4mningen i publiken \u00e4r det bara under de allra fr\u00e4msta radiohitsen, som <em>Vart jag mig \u00e4n i v\u00e4rlden v\u00e4nder<\/em> och <em>Svalkar vinden<\/em>, publiken verkligen vaknar till och b\u00f6rjar sjunga med under alkoholstint hoppande och stekarvevande. N\u00e4r det blir som mest intensivt ramlar massvis av folk mot marken och f\u00e5r lyftas upp av personer i n\u00e4rheten. Det var inte s\u00e5 att n\u00e5gon dog direkt, men det var \u00e4nd\u00e5 ett gott betyg i sig.<\/p>\n<p>I sommar kommer kollektivet \u00e5ka p\u00e5 turn\u00e9, och oavsett om en var p\u00e5 denna spelning eller inte tror jag en g\u00f6r sig en rej\u00e4l bj\u00f6rntj\u00e4nst att stanna hemma och missar dem. D\u00e5 l\u00e4r de f\u00e5 s\u00e5v\u00e4l mer utrymme som b\u00e4ttre teknik, och d\u00e4rmed g\u00f6ra de konserter jag vet de kan ge. N\u00e5gra exempel p\u00e5 datum och spelplatser \u00e4r:<\/p>\n<p>8:e maj &#8211; Gr\u00f6na Lund, Stockholm<br \/>\n23:e maj &#8211; Liseberg, G\u00f6teborg<br \/>\n7:e juni &#8211; Skogsvallen, \u00d6sterv\u00e5la<br \/>\n26:e juni &#8211; Br\u00e5vallafestivalen, Norrk\u00f6ping<br \/>\n10:e juli &#8211; Traena Festivalen, Traena (Norge)<br \/>\n24:e juli &#8211; Emmabodafestivalen, Emmaboda<\/p>\n<p>Det l\u00e4r bli en fin sommar, fulla av bj\u00f6rnkramar. F\u00f6r \u00e4ven om det var n\u00e5got smalt intresse, och d\u00e5ligt med gammalt material (f\u00f6rutom avslutande extranumret <em>Allting kommer bli<\/em> bra fr\u00e5n deras <em>Dansmusik EP<\/em>), l\u00e4r de f\u00e5 som sagt erbjudas b\u00e4ttre f\u00f6ruts\u00e4ttningar fram\u00f6ver. Och d\u00e5 kan det bli hur vilt som helst!<\/p>\n<p><strong>Text: Linou Gertz<\/strong><\/p>\n","protected":false},"excerpt":{"rendered":"<p>Den Svenska Bj\u00f6rnstammen,\u00a0\u00d6stg\u00f6ta Nation 29 april 2014 Betyg: 3 Inf\u00f6r drygt tretusen\u00a0\u00f6verf\u00f6rfriskade studenter p\u00e5 \u00d6stg\u00f6ta Nation i centrala Uppsala var en liten scen placerad p\u00e5 Kvalborg. St\u00e4mningen var, minst sagt, god. V\u00e4dret var om \u00e4n inte str\u00e5lande \u00e4nd\u00e5 helt ok. Kv\u00e4llen var ung och himlen gjorde sig redo f\u00f6r att m\u00e5las om fr\u00e5n bl\u00e5tt till [&hellip;]<\/p>\n","protected":false},"author":13,"featured_media":0,"comment_status":"open","ping_status":"open","sticky":false,"template":"","format":"standard","meta":{"_genesis_hide_title":false,"_genesis_hide_breadcrumbs":false,"_genesis_hide_singular_image":false,"_genesis_hide_footer_widgets":false,"_genesis_custom_body_class":"","_genesis_custom_post_class":"","_genesis_layout":"","footnotes":""},"categories":[7,16],"tags":[6992,6116],"class_list":{"0":"post-82879","1":"post","2":"type-post","3":"status-publish","4":"format-standard","6":"category-musik","7":"category-recension","8":"tag-den-svenska-bjornstammen","9":"tag-uppsala","10":"entry"},"_links":{"self":[{"href":"https:\/\/kulturbloggen.com\/index.php?rest_route=\/wp\/v2\/posts\/82879","targetHints":{"allow":["GET"]}}],"collection":[{"href":"https:\/\/kulturbloggen.com\/index.php?rest_route=\/wp\/v2\/posts"}],"about":[{"href":"https:\/\/kulturbloggen.com\/index.php?rest_route=\/wp\/v2\/types\/post"}],"author":[{"embeddable":true,"href":"https:\/\/kulturbloggen.com\/index.php?rest_route=\/wp\/v2\/users\/13"}],"replies":[{"embeddable":true,"href":"https:\/\/kulturbloggen.com\/index.php?rest_route=%2Fwp%2Fv2%2Fcomments&post=82879"}],"version-history":[{"count":3,"href":"https:\/\/kulturbloggen.com\/index.php?rest_route=\/wp\/v2\/posts\/82879\/revisions"}],"predecessor-version":[{"id":82883,"href":"https:\/\/kulturbloggen.com\/index.php?rest_route=\/wp\/v2\/posts\/82879\/revisions\/82883"}],"wp:attachment":[{"href":"https:\/\/kulturbloggen.com\/index.php?rest_route=%2Fwp%2Fv2%2Fmedia&parent=82879"}],"wp:term":[{"taxonomy":"category","embeddable":true,"href":"https:\/\/kulturbloggen.com\/index.php?rest_route=%2Fwp%2Fv2%2Fcategories&post=82879"},{"taxonomy":"post_tag","embeddable":true,"href":"https:\/\/kulturbloggen.com\/index.php?rest_route=%2Fwp%2Fv2%2Ftags&post=82879"}],"curies":[{"name":"wp","href":"https:\/\/api.w.org\/{rel}","templated":true}]}}