{"id":8284,"date":"2009-04-03T08:33:05","date_gmt":"2009-04-03T07:33:05","guid":{"rendered":"http:\/\/kulturbloggen.com\/?p=8284"},"modified":"2009-04-03T08:33:05","modified_gmt":"2009-04-03T07:33:05","slug":"svennis-sparkad-fran-mexiko","status":"publish","type":"post","link":"https:\/\/kulturbloggen.com\/?p=8284","title":{"rendered":"Svennis sparkad fr\u00e5n Mexiko"},"content":{"rendered":"<p>Det har n\u00e4stan blivit n\u00e5got av en \u00e5rlig tradition att Sven-G\u00f6ran Eriksson f\u00e5r sparken.<!--more--> Efter VM 2006 fick han g\u00e5 fr\u00e5n England, Manchester City fick han l\u00e4mna f\u00f6rra sommaren och nu har han allts\u00e5, efter bara tio m\u00e5nader, f\u00e5tt sparken fr\u00e5n mexikanska landslaget.<\/p>\n<p>3-1 f\u00f6rlusten mot Honduras blev droppen, men det kom knappast ov\u00e4ntat. Se bara p\u00e5 &#8221;Svennis&#8221; <a href=\"http:\/\/www.fifa.com\/worldcup\/preliminaries\/nccamerica\/teams\/team=43911\/fixturesresults.html\">resultat<\/a> i VM-kvalet:<\/p>\n<p style=\"text-align: center;\">Mexiko &#8211; Belize 7:0<br \/>\nMexiko &#8211; Honduras 2:1<br \/>\nMexiko &#8211; Jamaica 3:0<br \/>\nMexiko &#8211; Kanada 2:1<br \/>\nJamaica &#8211; Mexiko 1:0<br \/>\nKanada &#8211; Mexiko 2:2<br \/>\nHonduras &#8211; Mexiko 1:0<br \/>\nUSA &#8211; Mexiko 2:0<br \/>\nMexiko &#8211; Costa Rica 2:0<br \/>\nHonduras &#8211; Mexiko 3:1<\/p>\n<p style=\"text-align: center;\">\n<p style=\"text-align: left;\">\n<p>Problemet ligger allts\u00e5 i of\u00f6rm\u00e5gan att prestera p\u00e5 bortaplan. Just nu ligger Mexiko bara p\u00e5 fj\u00e4rdeplats i sin grupp efter USA, Costa Rica och Honduras och de vill inte riskera att missa VM n\u00e4sta \u00e5r i Sydafrika. Fr\u00e5gan \u00e4r bara vem som \u00e4r r\u00e4tt man f\u00f6r jobbet.<\/p>\n<p>S\u00e5 h\u00e4r har <a href=\"http:\/\/www.aftonbladet.se\/sportbladet\/fotbollsbladet\/internationell\/article4808619.ab\">Aftonbladet<\/a> och <a href=\"http:\/\/www.dn.se\/sport\/fotboll\/svennis-far-sparken-i-mexiko-1.836898\">DN<\/a> skrivit.<\/p>\n","protected":false},"excerpt":{"rendered":"<p>Det har n\u00e4stan blivit n\u00e5got av en \u00e5rlig tradition att Sven-G\u00f6ran Eriksson f\u00e5r sparken.<\/p>\n","protected":false},"author":3,"featured_media":0,"comment_status":"open","ping_status":"open","sticky":false,"template":"","format":"standard","meta":{"_genesis_hide_title":false,"_genesis_hide_breadcrumbs":false,"_genesis_hide_singular_image":false,"_genesis_hide_footer_widgets":false,"_genesis_custom_body_class":"","_genesis_custom_post_class":"","_genesis_layout":"","footnotes":""},"categories":[20],"tags":[12292,5517],"class_list":{"0":"post-8284","1":"post","2":"type-post","3":"status-publish","4":"format-standard","6":"category-film","7":"tag-fotboll-sport-nyheter","8":"tag-svennis","9":"entry"},"_links":{"self":[{"href":"https:\/\/kulturbloggen.com\/index.php?rest_route=\/wp\/v2\/posts\/8284","targetHints":{"allow":["GET"]}}],"collection":[{"href":"https:\/\/kulturbloggen.com\/index.php?rest_route=\/wp\/v2\/posts"}],"about":[{"href":"https:\/\/kulturbloggen.com\/index.php?rest_route=\/wp\/v2\/types\/post"}],"author":[{"embeddable":true,"href":"https:\/\/kulturbloggen.com\/index.php?rest_route=\/wp\/v2\/users\/3"}],"replies":[{"embeddable":true,"href":"https:\/\/kulturbloggen.com\/index.php?rest_route=%2Fwp%2Fv2%2Fcomments&post=8284"}],"version-history":[{"count":0,"href":"https:\/\/kulturbloggen.com\/index.php?rest_route=\/wp\/v2\/posts\/8284\/revisions"}],"wp:attachment":[{"href":"https:\/\/kulturbloggen.com\/index.php?rest_route=%2Fwp%2Fv2%2Fmedia&parent=8284"}],"wp:term":[{"taxonomy":"category","embeddable":true,"href":"https:\/\/kulturbloggen.com\/index.php?rest_route=%2Fwp%2Fv2%2Fcategories&post=8284"},{"taxonomy":"post_tag","embeddable":true,"href":"https:\/\/kulturbloggen.com\/index.php?rest_route=%2Fwp%2Fv2%2Ftags&post=8284"}],"curies":[{"name":"wp","href":"https:\/\/api.w.org\/{rel}","templated":true}]}}