{"id":82826,"date":"2014-05-01T18:49:30","date_gmt":"2014-05-01T17:49:30","guid":{"rendered":"http:\/\/kulturbloggen.com\/?p=82826"},"modified":"2014-05-01T18:49:30","modified_gmt":"2014-05-01T17:49:30","slug":"lyssna-christopher-owens-stephen","status":"publish","type":"post","link":"https:\/\/kulturbloggen.com\/?p=82826","title":{"rendered":"Lyssna: Christopher Owens &#8211; Stephen"},"content":{"rendered":"<p><a href=\"http:\/\/kulturbloggen.com\/wp-content\/uploads\/2014\/05\/owens.jpg\"><img loading=\"lazy\" decoding=\"async\" class=\"aligncenter size-medium wp-image-82827\" src=\"http:\/\/kulturbloggen.com\/wp-content\/uploads\/2014\/05\/owens-300x300.jpg\" alt=\"owens\" width=\"300\" height=\"300\" srcset=\"https:\/\/kulturbloggen.com\/wp-content\/uploads\/2014\/05\/owens-300x300.jpg 300w, https:\/\/kulturbloggen.com\/wp-content\/uploads\/2014\/05\/owens-150x150.jpg 150w, https:\/\/kulturbloggen.com\/wp-content\/uploads\/2014\/05\/owens.jpg 608w\" sizes=\"auto, (max-width: 300px) 100vw, 300px\" \/><\/a><\/p>\n<p>Efter att han hoppade av sitt band Girls solodebuterade Christopher Owens ifjol med <em>Lysandre<\/em>. Tidigare i \u00e5r\u00a0sl\u00e4ppte\u00a0han l\u00e5ten <em>It Comes Back to You,<\/em>\u00a0och nu delar han med sig av \u00e4nnu ett sp\u00e5r fr\u00e5n sitt \u00e4nnu obetitlade andra\u00a0soloalbum.<\/p>\n<p><span style=\"color: #222222;\"><em>&#8211; I think it&#8217;s a song unlike anything I&#8217;ve ever worked on<\/em>, s\u00e4ger han sj\u00e4lv om den\u00a0<\/span>gospel-influerade l\u00e5ten.<\/p>\n<p><strong>Lyssna p\u00e5 <em>Stephen<\/em> h\u00e4r nedan:<\/strong><\/p>\n<p><iframe loading=\"lazy\" src=\"https:\/\/w.soundcloud.com\/player\/?visual=true&amp;url=http%3A%2F%2Fapi.soundcloud.com%2Ftracks%2F147364398&amp;show_artwork=true\" width=\"100%\" height=\"400\" frameborder=\"no\" scrolling=\"no\"><\/iframe><\/p>\n","protected":false},"excerpt":{"rendered":"<p>Efter att han hoppade av sitt band Girls solodebuterade Christopher Owens ifjol med Lysandre. Tidigare i \u00e5r\u00a0sl\u00e4ppte\u00a0han l\u00e5ten It Comes Back to You,\u00a0och nu delar han med sig av \u00e4nnu ett sp\u00e5r fr\u00e5n sitt \u00e4nnu obetitlade andra\u00a0soloalbum. &#8211; I think it&#8217;s a song unlike anything I&#8217;ve ever worked on, s\u00e4ger han sj\u00e4lv om den\u00a0gospel-influerade l\u00e5ten. [&hellip;]<\/p>\n","protected":false},"author":3,"featured_media":0,"comment_status":"open","ping_status":"open","sticky":false,"template":"","format":"standard","meta":{"_genesis_hide_title":false,"_genesis_hide_breadcrumbs":false,"_genesis_hide_singular_image":false,"_genesis_hide_footer_widgets":false,"_genesis_custom_body_class":"","_genesis_custom_post_class":"","_genesis_layout":"","footnotes":""},"categories":[7],"tags":[8864,1998,10930],"class_list":{"0":"post-82826","1":"post","2":"type-post","3":"status-publish","4":"format-standard","6":"category-musik","7":"tag-christopher-owens","8":"tag-girls","9":"tag-stephen","10":"entry"},"_links":{"self":[{"href":"https:\/\/kulturbloggen.com\/index.php?rest_route=\/wp\/v2\/posts\/82826","targetHints":{"allow":["GET"]}}],"collection":[{"href":"https:\/\/kulturbloggen.com\/index.php?rest_route=\/wp\/v2\/posts"}],"about":[{"href":"https:\/\/kulturbloggen.com\/index.php?rest_route=\/wp\/v2\/types\/post"}],"author":[{"embeddable":true,"href":"https:\/\/kulturbloggen.com\/index.php?rest_route=\/wp\/v2\/users\/3"}],"replies":[{"embeddable":true,"href":"https:\/\/kulturbloggen.com\/index.php?rest_route=%2Fwp%2Fv2%2Fcomments&post=82826"}],"version-history":[{"count":1,"href":"https:\/\/kulturbloggen.com\/index.php?rest_route=\/wp\/v2\/posts\/82826\/revisions"}],"predecessor-version":[{"id":82828,"href":"https:\/\/kulturbloggen.com\/index.php?rest_route=\/wp\/v2\/posts\/82826\/revisions\/82828"}],"wp:attachment":[{"href":"https:\/\/kulturbloggen.com\/index.php?rest_route=%2Fwp%2Fv2%2Fmedia&parent=82826"}],"wp:term":[{"taxonomy":"category","embeddable":true,"href":"https:\/\/kulturbloggen.com\/index.php?rest_route=%2Fwp%2Fv2%2Fcategories&post=82826"},{"taxonomy":"post_tag","embeddable":true,"href":"https:\/\/kulturbloggen.com\/index.php?rest_route=%2Fwp%2Fv2%2Ftags&post=82826"}],"curies":[{"name":"wp","href":"https:\/\/api.w.org\/{rel}","templated":true}]}}