{"id":8268,"date":"2009-04-03T14:19:16","date_gmt":"2009-04-03T13:19:16","guid":{"rendered":"http:\/\/kulturbloggen.com\/?p=8268"},"modified":"2009-04-03T14:19:16","modified_gmt":"2009-04-03T13:19:16","slug":"kulturfyran-om-kulturfyran","status":"publish","type":"post","link":"https:\/\/kulturbloggen.com\/?p=8268","title":{"rendered":"Kulturfyran om kulturfyran"},"content":{"rendered":"<p><img loading=\"lazy\" decoding=\"async\" src=\"http:\/\/sodergren.com\/kulturbloggen\/wp-content\/uploads\/2009\/04\/kulturfyran290.jpg\" alt=\"kulturfyran290\" title=\"kulturfyran290\" width=\"290\" height=\"200\" class=\"alignright size-full wp-image-8387\" \/><br \/>\nJag ber alla trevliga kulturfyre-svarare om urs\u00e4kt att den h\u00e4r Kulturfyran inte kommer f\u00f6rr\u00e4n idag, fredag. Tja, det har varit en intensiv vecka med mycket p\u00e5 jobbet och mycket p\u00e5 kv\u00e4llarna.<\/p>\n<p>Jag skulle vilja ha lite kulturfyretips av er den h\u00e4r g\u00e5ngen. Bland annat.<br \/>\nH\u00e4r \u00e4r fr\u00e5gorna:<br \/>\n<!--more--><\/p>\n<p>1. Hur m\u00e5nga fr\u00e5gor och utmaningar, som Kulturfyran och olika bilduppgifter som <a href=\"http:\/\/pumansdotter.blogspot.com\/search\/label\/Utan%20Ord\">Utan Ord hos Pumans dotter<\/a> och <a href=\"http:\/\/tisdagstema.se\/\">Tisdagstema<\/a> brukar du h\u00e4nga p\u00e5?<\/p>\n<p>2. Vad tycker du \u00e4r roligast att svara p\u00e5 f\u00f6r slags fr\u00e5gor?<\/p>\n<p>3. Har du n\u00e5got f\u00f6rslag p\u00e5 n\u00e5gon Kulturfyra?<\/p>\n<p>4. Vilken kultur betyder mest f\u00f6r dig? B\u00f6cker? Film? Bild? Bloggar? Musik?<\/p>\n<p>Gl\u00f6m nu inte att l\u00e4mna l\u00e4nken till ditt svar h\u00e4r i en kommentar. Om du dessutom <a href=\"http:\/\/nyligen.se\/pinga.php\">pingar nyligen <\/a>hamnar ditt inl\u00e4gg i blogglistan som ligger precis \u00f6ver kommentarsf\u00e4ltet. Det \u00e4r bra eftersom jag inte sitter vid datorn j\u00e4mt och alla kommentarer modereras innan de kommer ut. Men om du <a href=\"http:\/\/nyligen.se\/pinga.php\">pingar nyligen <\/a>syns din l\u00e4nk snabbare.<\/p>\n<p>Att pinga nyligen \u00e4r j\u00e4ttel\u00e4tt, <a href=\"http:\/\/nyligen.se\/pinga.php\">klicka p\u00e5 l\u00e4nken h\u00e4r<\/a> och fyll bara i din bloggs adress i formul\u00e4ret som finns lite l\u00e4ngre ned p\u00e5 sidan som visas.<\/p>\n<p><img loading=\"lazy\" decoding=\"async\" src=\"http:\/\/sodergren.com\/kulturbloggen\/wp-content\/uploads\/2009\/04\/kulturfyran600.jpg\" alt=\"kulturfyran600\" title=\"kulturfyran600\" width=\"600\" height=\"200\" class=\"alignright size-full wp-image-8389\" \/><\/p>\n","protected":false},"excerpt":{"rendered":"<p>Jag ber alla trevliga kulturfyre-svarare om urs\u00e4kt att den h\u00e4r Kulturfyran inte kommer f\u00f6rr\u00e4n idag, fredag. Tja, det har varit en intensiv vecka med mycket p\u00e5 jobbet och mycket p\u00e5 kv\u00e4llarna. Jag skulle vilja ha lite kulturfyretips av er den h\u00e4r g\u00e5ngen. Bland annat. H\u00e4r \u00e4r fr\u00e5gorna:<\/p>\n","protected":false},"author":13,"featured_media":0,"comment_status":"open","ping_status":"open","sticky":false,"template":"","format":"standard","meta":{"_genesis_hide_title":false,"_genesis_hide_breadcrumbs":false,"_genesis_hide_singular_image":false,"_genesis_hide_footer_widgets":false,"_genesis_custom_body_class":"","_genesis_custom_post_class":"","_genesis_layout":"","footnotes":""},"categories":[20],"tags":[3095],"class_list":{"0":"post-8268","1":"post","2":"type-post","3":"status-publish","4":"format-standard","6":"category-film","7":"tag-kulturfyran","8":"entry"},"_links":{"self":[{"href":"https:\/\/kulturbloggen.com\/index.php?rest_route=\/wp\/v2\/posts\/8268","targetHints":{"allow":["GET"]}}],"collection":[{"href":"https:\/\/kulturbloggen.com\/index.php?rest_route=\/wp\/v2\/posts"}],"about":[{"href":"https:\/\/kulturbloggen.com\/index.php?rest_route=\/wp\/v2\/types\/post"}],"author":[{"embeddable":true,"href":"https:\/\/kulturbloggen.com\/index.php?rest_route=\/wp\/v2\/users\/13"}],"replies":[{"embeddable":true,"href":"https:\/\/kulturbloggen.com\/index.php?rest_route=%2Fwp%2Fv2%2Fcomments&post=8268"}],"version-history":[{"count":0,"href":"https:\/\/kulturbloggen.com\/index.php?rest_route=\/wp\/v2\/posts\/8268\/revisions"}],"wp:attachment":[{"href":"https:\/\/kulturbloggen.com\/index.php?rest_route=%2Fwp%2Fv2%2Fmedia&parent=8268"}],"wp:term":[{"taxonomy":"category","embeddable":true,"href":"https:\/\/kulturbloggen.com\/index.php?rest_route=%2Fwp%2Fv2%2Fcategories&post=8268"},{"taxonomy":"post_tag","embeddable":true,"href":"https:\/\/kulturbloggen.com\/index.php?rest_route=%2Fwp%2Fv2%2Ftags&post=8268"}],"curies":[{"name":"wp","href":"https:\/\/api.w.org\/{rel}","templated":true}]}}