{"id":82610,"date":"2014-04-25T11:22:57","date_gmt":"2014-04-25T10:22:57","guid":{"rendered":"http:\/\/kulturbloggen.com\/?p=82610"},"modified":"2014-04-25T11:22:57","modified_gmt":"2014-04-25T10:22:57","slug":"the-war-on-drugs-till-bravalla","status":"publish","type":"post","link":"https:\/\/kulturbloggen.com\/?p=82610","title":{"rendered":"The War on Drugs till Br\u00e5valla"},"content":{"rendered":"<p><a href=\"http:\/\/kulturbloggen.com\/wp-content\/uploads\/2014\/04\/war.jpg\"><img loading=\"lazy\" decoding=\"async\" class=\"aligncenter size-medium wp-image-82613\" src=\"http:\/\/kulturbloggen.com\/wp-content\/uploads\/2014\/04\/war-300x150.jpg\" alt=\"war\" width=\"300\" height=\"150\" srcset=\"https:\/\/kulturbloggen.com\/wp-content\/uploads\/2014\/04\/war-300x150.jpg 300w, https:\/\/kulturbloggen.com\/wp-content\/uploads\/2014\/04\/war.jpg 608w\" sizes=\"auto, (max-width: 300px) 100vw, 300px\" \/><\/a><\/p>\n<p>I maj intar The War on Drugs ett uts\u00e5lt Debaser Medis och i h\u00f6st \u00e5terv\u00e4nder de f\u00f6r en spelning p\u00e5 M\u00e5unchenbryggeriet. Nu ansluter sig Philadelphia-bandet, som tidigare i \u00e5r gav ut sitt tredje full\u00e4ngdsalbum Lost in the Dream, till Br\u00e5vallafestivalens line-up. \u00c4ven Bombay Bicycle Club och Earl Sweatshirt \u00e4r klara f\u00f6r festivalen som g\u00e5r av stapeln i Norrk\u00f6ping mellan den 26 och den 28 juni.<\/p>\n<p>S\u00e5 h\u00e4r presentera The War on Drugs i ett pressmeddelande:<\/p>\n<blockquote><p><em>&#8221;D\u00e5 det amerikanska indierockbandet The War on Drugs tidigare i \u00e5r sl\u00e4ppte sitt tredje album &#8217;Lost in the Dream&#8217; m\u00f6ttes det av genomg\u00e5ende str\u00e5lande recensioner. &#8217;Lost in the Dream&#8217; blev \u00e4ven bandets st\u00f6rsta kommersiella framg\u00e5ng \u2013 hittills. I maj g\u00f6r The War on Drugs en sedan l\u00e4nge sluts\u00e5ld spelning i Stockholm. I sommar f\u00e5r alla de som inte hann skaffa biljett till den spelningen en ny chans, d\u00e5 The War on Drugs kommer till Br\u00e5valla.&#8221;<\/em><\/p><\/blockquote>\n<p>Dessutom inneh\u00e5ller dagens sl\u00e4pp f\u00f6ljande artister:<\/p>\n<p>Albin Myers<br \/>\nBlaudzun<br \/>\nBroiler<br \/>\nClean Bandit<br \/>\nFamily Of The Year<br \/>\nLinnea Henriksson<br \/>\nRon Pope<br \/>\nThe Bots<\/p>\n<p><iframe loading=\"lazy\" src=\"\/\/www.youtube.com\/embed\/1LmX5c7HoUw\" width=\"560\" height=\"315\" frameborder=\"0\" allowfullscreen=\"allowfullscreen\"><\/iframe><\/p>\n","protected":false},"excerpt":{"rendered":"<p>I maj intar The War on Drugs ett uts\u00e5lt Debaser Medis och i h\u00f6st \u00e5terv\u00e4nder de f\u00f6r en spelning p\u00e5 M\u00e5unchenbryggeriet. Nu ansluter sig Philadelphia-bandet, som tidigare i \u00e5r gav ut sitt tredje full\u00e4ngdsalbum Lost in the Dream, till Br\u00e5vallafestivalens line-up. \u00c4ven Bombay Bicycle Club och Earl Sweatshirt \u00e4r klara f\u00f6r festivalen som g\u00e5r av [&hellip;]<\/p>\n","protected":false},"author":3,"featured_media":0,"comment_status":"open","ping_status":"open","sticky":false,"template":"","format":"standard","meta":{"_genesis_hide_title":false,"_genesis_hide_breadcrumbs":false,"_genesis_hide_singular_image":false,"_genesis_hide_footer_widgets":false,"_genesis_custom_body_class":"","_genesis_custom_post_class":"","_genesis_layout":"","footnotes":""},"categories":[7],"tags":[8756,5821],"class_list":{"0":"post-82610","1":"post","2":"type-post","3":"status-publish","4":"format-standard","6":"category-musik","7":"tag-bravalla","8":"tag-the-war-on-drugs","9":"entry"},"_links":{"self":[{"href":"https:\/\/kulturbloggen.com\/index.php?rest_route=\/wp\/v2\/posts\/82610","targetHints":{"allow":["GET"]}}],"collection":[{"href":"https:\/\/kulturbloggen.com\/index.php?rest_route=\/wp\/v2\/posts"}],"about":[{"href":"https:\/\/kulturbloggen.com\/index.php?rest_route=\/wp\/v2\/types\/post"}],"author":[{"embeddable":true,"href":"https:\/\/kulturbloggen.com\/index.php?rest_route=\/wp\/v2\/users\/3"}],"replies":[{"embeddable":true,"href":"https:\/\/kulturbloggen.com\/index.php?rest_route=%2Fwp%2Fv2%2Fcomments&post=82610"}],"version-history":[{"count":1,"href":"https:\/\/kulturbloggen.com\/index.php?rest_route=\/wp\/v2\/posts\/82610\/revisions"}],"predecessor-version":[{"id":82616,"href":"https:\/\/kulturbloggen.com\/index.php?rest_route=\/wp\/v2\/posts\/82610\/revisions\/82616"}],"wp:attachment":[{"href":"https:\/\/kulturbloggen.com\/index.php?rest_route=%2Fwp%2Fv2%2Fmedia&parent=82610"}],"wp:term":[{"taxonomy":"category","embeddable":true,"href":"https:\/\/kulturbloggen.com\/index.php?rest_route=%2Fwp%2Fv2%2Fcategories&post=82610"},{"taxonomy":"post_tag","embeddable":true,"href":"https:\/\/kulturbloggen.com\/index.php?rest_route=%2Fwp%2Fv2%2Ftags&post=82610"}],"curies":[{"name":"wp","href":"https:\/\/api.w.org\/{rel}","templated":true}]}}