{"id":82585,"date":"2014-04-24T12:46:12","date_gmt":"2014-04-24T11:46:12","guid":{"rendered":"http:\/\/kulturbloggen.com\/?p=82585"},"modified":"2014-04-24T12:46:12","modified_gmt":"2014-04-24T11:46:12","slug":"har-ar-hostens-program-pa-malmo-stadsteater","status":"publish","type":"post","link":"https:\/\/kulturbloggen.com\/?p=82585","title":{"rendered":"H\u00e4r \u00e4r h\u00f6stens program p\u00e5 Malm\u00f6 Stadsteater"},"content":{"rendered":"<p><a href=\"http:\/\/kulturbloggen.com\/wp-content\/uploads\/2014\/04\/Maria-\u00c5berg-\u00a9PatrickLion.jpg\"><img loading=\"lazy\" decoding=\"async\" src=\"http:\/\/kulturbloggen.com\/wp-content\/uploads\/2014\/04\/Maria-\u00c5berg-\u00a9PatrickLion-300x296.jpg\" alt=\"Maria \u00c5berg \u00a9PatrickLion\" width=\"300\" height=\"296\" class=\"aligncenter size-medium wp-image-82588\" srcset=\"https:\/\/kulturbloggen.com\/wp-content\/uploads\/2014\/04\/Maria-\u00c5berg-\u00a9PatrickLion-300x296.jpg 300w, https:\/\/kulturbloggen.com\/wp-content\/uploads\/2014\/04\/Maria-\u00c5berg-\u00a9PatrickLion-1024x1011.jpg 1024w\" sizes=\"auto, (max-width: 300px) 100vw, 300px\" \/><\/a><\/p>\n<p>Malm\u00f6 Stadsteaters kommande repertoar inneh\u00e5ller allt fr\u00e5n Amadeus i helarena p\u00e5 Hipp, urpremi\u00e4r om RFSU:s grundare &#8221;Ottar&#8221; \u2013  Elise Ottosen Jensen, och nyskriven familjef\u00f6rest\u00e4llning om troll, till monolog om tsunamin i Thailand, bitterljuv ung k\u00e4rlekshistoria och en riktig Ibsenklassiker.<\/p>\n<p>&#8211; Vi forts\u00e4tter v\u00e5r tradition att spela mycket nyskriven dramatik och n\u00e5gra klassiker, s\u00e4ger teaterchef Petra Brylander. Det \u00e4r starka angel\u00e4gna ber\u00e4ttelser om den enskilda m\u00e4nniskans styrka och svaghet.<\/p>\n<p>Ett pressmeddelande ber\u00e4ttar om s\u00e4songen 2014-2015: <\/p>\n<p><strong>AMADEUS<br \/>\nav Peter Shaffer<\/strong><br \/>\nPremi\u00e4r p\u00e5 Hipp 13 september 2014<br \/>\nI Wien talar alla om Wolfgang Amadeus Mozart \u2013 underbarnet som skrev sitt f\u00f6rsta verk vid 4 \u00e5rs \u00e5lder och som vuxen spelar sin musik och festar hejdl\u00f6st i de kungliga salongerna. Den aktade hovkomposit\u00f6ren Antonio Salieri kan inte f\u00f6rst\u00e5 hur denna barnsliga och vulg\u00e4ra man kan skriva s\u00e5dan gudomlig musik. Salieri m\u00e5ste f\u00f6rg\u00f6ra Mozart. <\/p>\n<p>Det \u00e4r en svindlande historia om avundsjuka, passion, galenskap och maktkamp som \u00e5terber\u00e4ttas av Salieri p\u00e5 sin d\u00f6dsb\u00e4dd. Om v\u00e4rldsstj\u00e4rnan och underbarnet Mozart som aldrig fick vara barn och heller aldrig blev vuxen.<br \/>\nPeter Shaffers pj\u00e4s fr\u00e5n 1979 blev film 1984 i regi av Milos Forman, och bland annat bel\u00f6nad med \u00e5tta Oscars, varav en f\u00f6r b\u00e4sta film.<\/p>\n<p>\u00d6vers\u00e4ttning: G\u00f6ran O Eriksson<br \/>\nRegi: Frede Gulbrandsen<br \/>\nScenografi: Tore Saether<br \/>\nKostym: Astrid Lynge Ottosen<br \/>\nLjus: Thorsten Dahn<br \/>\nMusikarrangemang: Anders Ortman<br \/>\nMask: Agneta von Gegerfelt<br \/>\nKoreografi: Louise Seloy<\/p>\n<p>I rollerna: Fredrik Gunnarson, Mattias Linderoth, Kajsa Ericsson, Hans-Peter Edh, H\u00e5kan Paaske, Tom Ahlsell, Lars-G\u00f6ran Ragnarsson, Electra Hallman, Hanna Canvert, samt statister.<\/p>\n<p><strong>OTTAR OCH K\u00c4RLEKEN<br \/>\nav Gunilla Thorgren<\/strong><br \/>\nUrpremi\u00e4r p\u00e5 Intiman 20 september 2014<br \/>\n\u201dJag dr\u00f6mmer om den dag d\u00e5 alla barn som f\u00f6ds \u00e4r v\u00e4lkomna, alla m\u00e4n och kvinnor j\u00e4mlika och sexualiteten ett uttryck f\u00f6r innerlighet, njutning och \u00f6mhet.\u201d Elise Ottosen-Jensen<\/p>\n<p>Elise Ottesen Jensen var hatad av \u00f6verheten och \u00e4lskad av folket. Hon var en ung norska, som utvisad till Sverige, k\u00e4mpade mot f\u00f6rdomar, sexualskr\u00e4ck och diskriminerande lagar. Hon k\u00e4mpade f\u00f6r kvinnors r\u00e4tt till preventivmedel och fri abort, homosexuellas r\u00e4tt, j\u00e4mst\u00e4lldhet och nedk\u00e4mpande av den d\u00e5tida kyrkans och l\u00e4kark\u00e5rens makt och f\u00f6rdomar. \u201dVar vred och tapper\u201d, l\u00f6d hennes paroll. 1933 startade hon RFSU \u2013 Riksf\u00f6rbundet f\u00f6r sexuell upplysning.<\/p>\n<p>Privat drabbades hon av sm\u00e4rtsamma katastrofer, hon m\u00f6tte den stora j\u00e4mst\u00e4llda k\u00e4rleken, och f\u00f6rlorade den. Ottar drevs av sin dr\u00f6m om att g\u00f6ra m\u00e4nniskan lite lyckligare och att alla barn som f\u00f6ds ska vara v\u00e4lkomna. Det h\u00e4r \u00e4r en historia om en svensk legend och agitator som br\u00f6t nya v\u00e4gar och f\u00f6r\u00e4ndrade Sverige i grunden.<\/p>\n<p>Regi: Maria L\u00f6fgren<br \/>\nScenografi: Fridjon Rafnsson<br \/>\nKostym: Tove Berglund<br \/>\nLjus: Sven-Erik Andersson<\/p>\n<p>I rollerna: Li Br\u00e5dhe, Josefin Iziamo, Cecilia Lindqvist, Katarina Lundgren-Hugg, Erik Olsson, Iso Porovic, Henrik Svalander.<\/p>\n<p><strong>PIET\u00c0<br \/>\nAv Astrid Saalbac<\/strong>h<br \/>\nNypremi\u00e4r p\u00e5 Intiman 10 oktober 2014<br \/>\n\u201dEn helt fantastisk insats\u201d Sk\u00e5nska Dagbladet<br \/>\n\u201dKlockren\u201d Kv\u00e4llsposten\u2028<br \/>\n\u201dM\u00f6rk humor och stort allvar\u201d Sydsvenskan<\/p>\n<p>Marie vaknar upp p\u00e5 ett hotellrum med en rej\u00e4l baksm\u00e4lla. Hon \u00e4r nyskild och befinner sig mitt i livet. Allting har blivit destruktivt p\u00e5 sistone och hon dricker alldeles f\u00f6r mycket. Men varf\u00f6r \u00e4r hon h\u00e4r p\u00e5 hotellrummet? Hur kom hon hit och vem \u00e4r den unge mannen bredvid henne i s\u00e4ngen? Och varf\u00f6r ligger han s\u00e5 stilla?<\/p>\n<p>Piet\u00e0 \u00e4r en monolog om en om\u00f6jlig k\u00e4rlek, om sj\u00e4lvrannsakan och om vad som h\u00e4nder n\u00e4r livet r\u00e4mnar. <\/p>\n<p>Regi: Clas G\u00f6ran S\u00f6llg\u00e5rd<br \/>\nScenografi och kostym: Karin Ragnarsson<br \/>\nLjus: Sven-Erik Andersson<br \/>\nMask: Siv Nyholm<br \/>\nI rollen: Li Br\u00e5dhe<\/p>\n<p><strong>VILJA V\u00c4L (MALM\u00d6 \u2013 THE TRUE STORY)<br \/>\nav Kristian Hallberg<\/strong><br \/>\nUrpremi\u00e4r p\u00e5 Hipp 17 oktober 2014<br \/>\n7 ungdomar, 2 vuxna, 1 stad.<br \/>\n\u201dJag g\u00e5r in p\u00e5 Triangeln men jag k\u00f6per inget.\u201d \u201dJag har ett jojokort, allts\u00e5 existerar jag.\u201d \u201dJag har f\u00e5tt sparken. F\u00f6r att n\u00e5gon sett mig spotta i en hamburgare.\u201d \u201dJag vill g\u00f6ra slut.\u201d \u201dJag vill bara att du ska komma ih\u00e5g mig.\u201d<\/p>\n<p>Under ett knappt dygn i Malm\u00f6 m\u00f6ter vi en samling ungdomar vars v\u00e4gar korsas. Relationer inleds. Relationer bryts s\u00f6nder. Dr\u00f6mmar om framtiden som kanske kan bli sanna, eller krossas. Det f\u00f6rflutna som finns d\u00e4r att brottas med vare sig man vill det eller ej.<br \/>\nAlla vill ju bara v\u00e4l. Men \u00e4ven v\u00e4lvilja kr\u00e4ver sina offer.<\/p>\n<p>Pj\u00e4sen Vilja v\u00e4l \u00e4r en del av initiativet Malm\u00f6 \u2013 The True Story som \u00e4r ett samarbete mellan stiftelsen Framtidsgenerationen och Malm\u00f6 Stadsteater. Sedan h\u00f6sten 2013 har ber\u00e4ttelser samlats in fr\u00e5n ungdomar i hela Malm\u00f6 och pj\u00e4sen har h\u00e4mtat inspiration utifr\u00e5n dessa.<\/p>\n<p>Regi: Marie Parker Shaw<br \/>\nScenografi och kostym: Annika Carlsson<br \/>\nKomposit\u00f6r: Magnus B\u00f6rjeson<br \/>\nLjuddramaturgi: Ola Simonsson och Johannes Stj\u00e4rne Nilsson<br \/>\nLjus: Sven-Erik Andersson<br \/>\nMask: \u00c5sa Trulsson<\/p>\n<p>I rollerna: Rakel Ben\u00e9r, Sven Bor\u00e4ng, G\u00f6ran Dyrssen, Rosanne Hatab, Birte Heribertsson, Hanna Normann, Amelie N\u00f6rgaard, Jennifer Amaka Pettersson, Simon Rodriguez Str\u00f6mberg.<\/p>\n<p><strong>MARTYRER<br \/>\nav Marius von Mayenburg<\/strong><br \/>\nPremi\u00e4r p\u00e5 Intiman 22 november 2014<\/p>\n<p>Benjamin \u00e4r 15 \u00e5r och tror p\u00e5 Bibeln. Han \u00e4r en gudskrigare beredd att g\u00f6ra upp med synden och evolutionsteorin. Men han \u00e4r ocks\u00e5 en ton\u00e5ring som g\u00e5r i skolan och d\u00e4r t\u00e4nker ingen som han. Benjamin v\u00e4grar vara med i skolans simundervisning och kr\u00e4ver att skolans tjejer ska ha helt\u00e4ckande baddr\u00e4kter i bass\u00e4ngen. Hans tro blir mer och mer fanatisk och biologil\u00e4raren Erika verkar vara den enda ur vuxenv\u00e4rlden som engagerar sig i att f\u00e5 Benjamin p\u00e5 andra tankar. <\/p>\n<p>Martyrer \u00e4r en skarp betraktelse \u00f6ver v\u00e5r r\u00e4dsla f\u00f6r avvikande beteenden, andras kulturer och religioner. Den \u00e4r ett utomordentligt inl\u00e4gg i debatten om skolans ansvar utan att p\u00e5 n\u00e5got s\u00e4tt anvisa enkla l\u00f6sningar.<\/p>\n<p>Den tyske dramatikern Marius von Mayenburg \u00e4r en av Europas mest uppm\u00e4rksammade dramatiker. Hans pj\u00e4ser \u00e4r p\u00e5 en och samma g\u00e5ng realistiska och mystiska, poetiska och socialt skarpa. 2009 satte Malm\u00f6 Stadsteater upp hans pj\u00e4s Skimmer p\u00e5 Intiman. <\/p>\n<p>Originaltitel: M\u00e4rtyrer<br \/>\n\u00d6vers\u00e4ttning: Monica Ohlsson<br \/>\nRegi: Olof Lindqvist<br \/>\nScenografi och kostym: Karin Dahlstr\u00f6m<br \/>\nLjus: Daniel Kullman<\/p>\n<p>I rollerna: Tom Ahlsell, Hans-Peter Edh, Fredrik Gunnarson, Electra Hallman, Josefin Iziamo, Katarina Lundgren-Hugg, Johan Stavring, Henrik Svalander.<\/p>\n<p><strong>DE SISTA TROLLEN<br \/>\nav Dennis Magnusson<\/strong><br \/>\nUrpremi\u00e4r p\u00e5 Hipp 29 november 2014<br \/>\n\u00c5rets stora familjef\u00f6rest\u00e4llning p\u00e5 Hipp!<\/p>\n<p>Trollet Gr\u00e5sten och hans v\u00e4nner \u00e4r de sista som finns kvar av alla skogens v\u00e4sen. Alla m\u00e4nniskor har l\u00e4mnat landsbygden och flyttat in till stan. Gr\u00e5sten och v\u00e4nnerna Moss, R\u00e4ven, Blom och Trollmor beger sig in till staden f\u00f6r att f\u00e5 vara n\u00e4ra m\u00e4nniskorna, f\u00f6r de kan inte leka och leva utan dem. Kruxet \u00e4r att de inte f\u00e5r bli sedda. D\u00e4rf\u00f6r tar de sig nedf\u00f6r m\u00f6rka trappor och utmed l\u00e5nga g\u00e5ngar ner i underjorden.<\/p>\n<p>En dag tar Trollmor ett m\u00e4nniskobarn. De har s\u00e5 vackra barn, m\u00e4nniskorna. Gr\u00e5sten som levt i tusen \u00e5r och sett allt, l\u00e5ter henne beh\u00e5lla barnet. Barnet v\u00e4xer upp med Trollmor och alla de andra i underjorden ovetande om v\u00e4rlden d\u00e4ruppe. Men snart f\u00e5r barnet h\u00f6ra talas om j\u00e4tteh\u00f6ga hus, cyklar, parker och om barn som kl\u00e4ttrar upp och \u00e5ker ner f\u00f6r saker\u2026<\/p>\n<p>Dramatikern Dennis Magnusson och regiss\u00f6ren Dennis Sandin \u00e4r n\u00e4rmast ett varum\u00e4rke inom svensk teater. Tillsammans har de skapat teaterf\u00f6rest\u00e4llningar f\u00f6r b\u00e5de barn, unga och vuxna. P\u00e5 Malm\u00f6 Stadsteater har de tidigare satt upp Att d\u00f6da ett tivoli, Zlatans leende och Jenny from H\u00f6rby. Dennis Magnusson bel\u00f6nades 2013 med Henning Mankell-stipendiet.<\/p>\n<p>Regi: Dennis Sandin<br \/>\nScenografi och kostym: Nina Fransson<br \/>\nLjus: Sven-Erik Andersson<br \/>\nMask: Agneta von Gegerfelt<\/p>\n<p>I rollerna: Li Br\u00e5dhe, Mattias Linderoth, Cecilia Lindqvist, Victor Morell, H\u00e5kan Paaske, Lars-G\u00f6ran Ragnarsson, Sandra Stojiljkovic.<\/p>\n<p><strong>KONST<br \/>\nAv Yasmina Reza<\/strong><br \/>\nNypremi\u00e4r p\u00e5 Intiman 3 december 2014<br \/>\n\u201dN\u00e4ra, t\u00e4tt ensemblespel\u201d SR Malm\u00f6<br \/>\n\u201dSpirituell komedi\u201d Sk\u00e5nska Dagbladet \u2028<br \/>\n\u201dKlockren komik \u201dKristianstadsbladet<br \/>\n\u201dV\u00e4ldigt underh\u00e5llande\u201d Kulturbloggen<\/p>\n<p>Marc, Serge och Yvan \u00e4r sedan l\u00e4nge goda v\u00e4nner. En dag har Serge k\u00f6pt en dyr m\u00e5lning av en k\u00e4nd konstn\u00e4r. En vit m\u00e5lning med vita streck. &#8221;Du har betalat 25 000 euro f\u00f6r den h\u00e4r skiten?&#8221; utbrister Marc, och konflikten \u00e4r ett faktum. V\u00e4nskapen s\u00e4tts p\u00e5 prov och relationerna skakas i grunden. Hur \u00e4r det m\u00f6jligt? Hur kan en m\u00e5lning f\u00e5 s\u00e5dana konsekvenser? \u2028\u2028<\/p>\n<p>Konst \u00e4r en smart och modern komedi av franska Yasmina Reza. Hon \u00e4r v\u00e4rldens mest spelade nu levande kvinnliga dramatiker. Hennes pj\u00e4ser har \u00f6versatts till fler \u00e4n trettio spr\u00e5k och bel\u00f6nats med teaterv\u00e4rldens finaste priser. Konst sattes upp p\u00e5 Intiman h\u00f6sten 2013, och 2009 spelade vi hennes prisbel\u00f6nta pj\u00e4s Massakerguden, ocks\u00e5 den p\u00e5 Intiman. <\/p>\n<p>Originaltitel: Art<br \/>\n\u00d6vers\u00e4ttning: Calle Norl\u00e9n<br \/>\nRegi: Clas G\u00f6ran S\u00f6llg\u00e5rd<br \/>\nScenografi och kostym: Annika Carlsson<br \/>\nLjus: Sven-Erik Andersson<br \/>\nMask: Siv Nyholm<\/p>\n<p>I rollerna: Hans-Peter Edh, H\u00e5kan Paaske, Henrik Svalander<\/p>\n<p><strong>9,3 P\u00c5 RICHTERSKALAN<br \/>\n\u2013 En monolog om tsunamin i Thailand 2004<br \/>\nav Andreas Norman, i dramatisering av Anna K\u00f6l\u00e9n<\/strong><br \/>\n<a href=\"http:\/\/kulturbloggen.com\/wp-content\/uploads\/2014\/04\/AndreasNorman-1.jpg\"><img loading=\"lazy\" decoding=\"async\" src=\"http:\/\/kulturbloggen.com\/wp-content\/uploads\/2014\/04\/AndreasNorman-1-202x300.jpg\" alt=\"AndreasNorman (1)\" width=\"202\" height=\"300\" class=\"alignright size-medium wp-image-82590\" srcset=\"https:\/\/kulturbloggen.com\/wp-content\/uploads\/2014\/04\/AndreasNorman-1-202x300.jpg 202w, https:\/\/kulturbloggen.com\/wp-content\/uploads\/2014\/04\/AndreasNorman-1-692x1024.jpg 692w\" sizes=\"auto, (max-width: 202px) 100vw, 202px\" \/><\/a>Urpremi\u00e4r p\u00e5 Intiman 13 februari 2015<\/p>\n<p>Nyantagen till UD:s diplomatprogram skickas Andreas Norman till Thailand, dagarna efter tsunamin i Indiska oceanen den 26 december 2004. Helt of\u00f6rberedd hamnar han mitt i krishanteringen efter en av de v\u00e4rsta naturkatastroferna i modern tid. Katastrofen visar sig vara en av de allvarligaste som n\u00e5gonsin drabbat svenska medborgare; tusentals svenskar befinner sig under julen i Thailand. Efter flodv\u00e5gen r\u00e5der fullst\u00e4ndigt kaos. <\/p>\n<p>9,3 p\u00e5 Richterskalan \u00e4r en \u00f6gonvittnesskildring fr\u00e5n en UD-tj\u00e4nstemans perspektiv \u2013 fr\u00e5n hoppl\u00f6s byr\u00e5krati till hantering av d\u00f6da. En helvetesskildring, som inte v\u00e4jer f\u00f6r det mest fruktansv\u00e4rda. En skoningsl\u00f6s granskning av de politiker och tj\u00e4nstem\u00e4n som borde ha tagit ansvar. Och en personlig uppg\u00f6relse med det f\u00f6rflutna.<\/p>\n<p>Andreas Norman debuterade 1996 med diktsamlingen I dagarnas lutning. Efter en diplomatkarri\u00e4r p\u00e5 UD \u00e5terkom han som thrillerf\u00f6rfattare med romanen En rasande eld, 2013. Den sj\u00e4lvbiografiska boken 9,3 p\u00e5 Richterskalan, som monologen bygger p\u00e5, kommer ut i november 2014. <\/p>\n<p>Regi: Sara Cronberg<br \/>\nScenografi o kostym: Helle Damg\u00e5rd<\/p>\n<p>I rollen: Erik Olsson<\/p>\n<p><strong>KASIMIR OCH KAROLINE<br \/>\nAv \u00d6d\u00f6n von Horv\u00e1th<\/strong><br \/>\nPremi\u00e4r p\u00e5 Hipp 14 mars 2015<br \/>\n\u201dJag ville ju faktiskt bara \u00e5ka berg- och dalbanan\u201d<\/p>\n<p>Det \u00e4r folkfest, \u00f6l och tivoli. Kasimir och Karoline \u00e4r ute och festar tillsammans, men f\u00f6rh\u00e5llandet knakar. Kasimir har precis blivit uppsagd fr\u00e5n sitt jobb och han tror att Karoline inte vill ha honom l\u00e4ngre nu n\u00e4r han \u00e4r arbetsl\u00f6s. De g\u00e5r \u00e5t varsitt h\u00e5ll ut i folkvimlet bland cirkusfreaks och berg- och dalbanor.<\/p>\n<p>Kasimir och Karoline \u00e4r en bitterljuv k\u00e4rlekshistoria. Den skrevs under tysk mellankrigsdepression n\u00e4r klassklyftorna var som djupast, arbetsl\u00f6sheten h\u00f6g och nazismen i vardande. P\u00e5 Hipp blir det en upps\u00e4ttning med ett ungt tilltal, full av livemusik i regi av Londonbaserade regiss\u00f6ren Maria \u00c5berg, som tidigare satt upp K\u00e4rlek och pengar samt Fanny och Alexander p\u00e5 Malm\u00f6 Stadsteater.<\/p>\n<p>\u00d6vers\u00e4ttning: Herbert Grevenius<br \/>\nRegi: Maria \u00c5berg<br \/>\nScenografi o kostym: Naomi Dawson<\/p>\n<p>ROLLBES\u00c4TTNING P\u00c5G\u00c5R<\/p>\n<p><strong>FOLKETS FIENDE<br \/>\nav Henrik Ibsen <\/strong><br \/>\nPremi\u00e4r p\u00e5 Intiman 20 mars 2015<br \/>\n\u201dVem fan bryr sig om ifall det skulle vara farligt eller ej? Det jag g\u00f6r, det g\u00f6r jag i sanningens namn och f\u00f6r mitt goda samvete.\u201d<\/p>\n<p>Dr Stockmann uppt\u00e4cker att vattnet i h\u00e4lsobadet p\u00e5 den lilla kurorten \u00e4r f\u00f6rorenat med farliga mikroorganismer orsakat av industriellt avfall. Han vill g\u00e5 ut med sin uppt\u00e4ckt i den lokala tidningen och kr\u00e4ver att kommunen bygger om vattenledningarna.<\/p>\n<p>Han f\u00e5r f\u00f6rst st\u00f6d f\u00f6r sin uppt\u00e4ckt men hans bror borgm\u00e4staren blir orolig: uppt\u00e4ckten riskerar att hota det ekonomiska v\u00e4lst\u00e5ndet p\u00e5 kurorten och kommer att skapa h\u00f6g arbetsl\u00f6shet. Pl\u00f6tsligt f\u00f6rvandlas situationen till ett drev mot Dr Stockmann med misstankar om att han har en egen dold agenda. Sj\u00e4lv \u00e4r Stockmann or\u00e4dd f\u00f6r konsekvenserna och vill m\u00f6ta allm\u00e4nheten f\u00f6r att sprida sitt budskap. F\u00f6r honom har aff\u00e4ren f\u00f6r l\u00e4nge sedan upph\u00f6rt att handla om det f\u00f6rorenade vattnet. Hans fiende \u00e4r nu hela samh\u00e4llet.<\/p>\n<p>Folkets fiende \u00e4r en intrikat historia om en \u201dwhistleblower\u201d och den sk\u00f6ra balansakten mellan civilkurage och fanatism. Henrik Ibsen skrev pj\u00e4sen 1882 men den \u00e4r fortfarande lika h\u00f6gaktuell. <\/p>\n<p>Originaltitel: En folkefiende<br \/>\n\u00d6vers\u00e4ttning: Klas \u00d6stergren<br \/>\nRegi: Drit\u00ebro Kasapi<br \/>\nScenografi och kostym: Annika Nieminen Bromberg<\/p>\n<p>ROLLBES\u00c4TTNING P\u00c5G\u00c5R<\/p>\n<p><strong>SCENKONSTBIENNALEN<br \/>\nMalm\u00f6 26-31 maj 2015<br \/>\n<\/strong><br \/>\n2015 kommer Scenkonstbiennalen att arrangeras i Malm\u00f6 den 26-31 maj med Malm\u00f6 Stadsteater, Malm\u00f6 Opera och Sk\u00e5nes Dansteater som v\u00e4rdar.<\/p>\n<p>Scenkonstbiennalen arrangeras av Teaterunionen vartannat \u00e5r. Biennalen inneh\u00e5ller f\u00f6rest\u00e4llningar fr\u00e5n hela landet, internationella g\u00e4stspel, studentproduktioner, workshops, seminarier och m\u00e5nga andra m\u00f6jligheter till konstn\u00e4rliga utbyten och samtal.<\/p>\n<p>L\u00e4s mer p\u00e5 <a href=\"http:\/\/scenkonstbiennalen.se\">scenkonstbiennalen.se<\/a><\/p>\n","protected":false},"excerpt":{"rendered":"<p>Malm\u00f6 Stadsteaters kommande repertoar inneh\u00e5ller allt fr\u00e5n Amadeus i helarena p\u00e5 Hipp, urpremi\u00e4r om RFSU:s grundare &#8221;Ottar&#8221; \u2013 Elise Ottosen Jensen, och nyskriven familjef\u00f6rest\u00e4llning om troll, till monolog om tsunamin i Thailand, bitterljuv ung k\u00e4rlekshistoria och en riktig Ibsenklassiker. &#8211; Vi forts\u00e4tter v\u00e5r tradition att spela mycket nyskriven dramatik och n\u00e5gra klassiker, s\u00e4ger teaterchef Petra [&hellip;]<\/p>\n","protected":false},"author":13,"featured_media":0,"comment_status":"open","ping_status":"open","sticky":false,"template":"","format":"standard","meta":{"_genesis_hide_title":false,"_genesis_hide_breadcrumbs":false,"_genesis_hide_singular_image":false,"_genesis_hide_footer_widgets":false,"_genesis_custom_body_class":"","_genesis_custom_post_class":"","_genesis_layout":"","footnotes":""},"categories":[20,30],"tags":[],"class_list":{"0":"post-82585","1":"post","2":"type-post","3":"status-publish","4":"format-standard","6":"category-film","7":"category-teater","8":"entry"},"_links":{"self":[{"href":"https:\/\/kulturbloggen.com\/index.php?rest_route=\/wp\/v2\/posts\/82585","targetHints":{"allow":["GET"]}}],"collection":[{"href":"https:\/\/kulturbloggen.com\/index.php?rest_route=\/wp\/v2\/posts"}],"about":[{"href":"https:\/\/kulturbloggen.com\/index.php?rest_route=\/wp\/v2\/types\/post"}],"author":[{"embeddable":true,"href":"https:\/\/kulturbloggen.com\/index.php?rest_route=\/wp\/v2\/users\/13"}],"replies":[{"embeddable":true,"href":"https:\/\/kulturbloggen.com\/index.php?rest_route=%2Fwp%2Fv2%2Fcomments&post=82585"}],"version-history":[{"count":3,"href":"https:\/\/kulturbloggen.com\/index.php?rest_route=\/wp\/v2\/posts\/82585\/revisions"}],"predecessor-version":[{"id":82591,"href":"https:\/\/kulturbloggen.com\/index.php?rest_route=\/wp\/v2\/posts\/82585\/revisions\/82591"}],"wp:attachment":[{"href":"https:\/\/kulturbloggen.com\/index.php?rest_route=%2Fwp%2Fv2%2Fmedia&parent=82585"}],"wp:term":[{"taxonomy":"category","embeddable":true,"href":"https:\/\/kulturbloggen.com\/index.php?rest_route=%2Fwp%2Fv2%2Fcategories&post=82585"},{"taxonomy":"post_tag","embeddable":true,"href":"https:\/\/kulturbloggen.com\/index.php?rest_route=%2Fwp%2Fv2%2Ftags&post=82585"}],"curies":[{"name":"wp","href":"https:\/\/api.w.org\/{rel}","templated":true}]}}