{"id":82550,"date":"2014-04-23T16:04:52","date_gmt":"2014-04-23T15:04:52","guid":{"rendered":"http:\/\/kulturbloggen.com\/?p=82550"},"modified":"2014-04-28T08:11:04","modified_gmt":"2014-04-28T07:11:04","slug":"intervju-bandet-alltsa","status":"publish","type":"post","link":"https:\/\/kulturbloggen.com\/?p=82550","title":{"rendered":"Intervju: Bandet Allts\u00e5"},"content":{"rendered":"<p><a href=\"http:\/\/kulturbloggen.com\/wp-content\/uploads\/2014\/04\/kalaballa.jpg\"><img loading=\"lazy\" decoding=\"async\" class=\"aligncenter  wp-image-82552\" src=\"http:\/\/kulturbloggen.com\/wp-content\/uploads\/2014\/04\/kalaballa-300x200.jpg\" alt=\"kalaballa\" width=\"365\" height=\"243\" srcset=\"https:\/\/kulturbloggen.com\/wp-content\/uploads\/2014\/04\/kalaballa-300x200.jpg 300w, https:\/\/kulturbloggen.com\/wp-content\/uploads\/2014\/04\/kalaballa.jpg 960w\" sizes=\"auto, (max-width: 365px) 100vw, 365px\" \/><\/a><\/p>\n<p><em>I en replokal i V\u00e4llingby h\u00f6rs \u00f6sig musik, fr\u00e5n lokalen bredvid luktar det r\u00f6k, d\u00e4r sitter Bandet Allts\u00e5 och spelar in. Medlemmarna h\u00e4rstammar fr\u00e5n hela Sverige och har rest sig som en udda akt i ett Sverige d\u00e4r alla vill l\u00e5ta likadant.\u00a0 Kulturbloggen fick dagarna innan f\u00f6rsta skivsl\u00e4ppet h\u00e4lsa p\u00e5 i kaoset bland syltkakor och folk\u00f6l.<\/em><\/p>\n<p>&nbsp;<\/p>\n<p><strong>&#8211; Bandet Allts\u00e5, vill ni b\u00f6rja med att ber\u00e4tta lite om er sj\u00e4lva. Vilka \u00e4r ni?<\/strong><\/p>\n<p><span data-measureme=\"1\"><span class=\"null\">&#8211; Bandet Allts\u00e5, f\u00f6re detta Kalabalik &#8211; Bandet Allts\u00e5, \u00e4r en skara udda figurer med olika bakgrunder som alla tagit sig in i gruppen p\u00e5 olika s\u00e4tt. N\u00e5got som kanske inte n\u00e4mnts \u00e4r att &#8221;Kalabalik &#8211; Bandet allts\u00e5&#8221; \u00e4r en liten flirt med Galenskaparna och After shave\u00b4s film &#8221;Stinsen brinner &#8211; filmen allts\u00e5&#8221;. Vi bildades i Ulph\u00b4s vardagsrum. En efter en gick in d\u00e4r och kom ut som medlem. Lite som sikta mot stj\u00e4rnorna. Torr och ensam g\u00e5r man in i dimman och n\u00e4r man v\u00e4l kommer ut s\u00e5 har man blivit rockstj\u00e4rna. Vilka vi var innan det l\u00e5ter vi ligga i det f\u00f6rg\u00e5ngna.<\/span><\/span><\/p>\n<p><strong>&#8211; Den 25e April sl\u00e4pper ni er f\u00f6rsta EP Kalabalik med Bandet Allts\u00e5, ber\u00e4tta lite om den.<\/strong><\/p>\n<p>&#8211; <span data-measureme=\"1\"><span class=\"null\"> Vi fick lite olika erbjudanden om att spela in efter att vi spelat live n\u00e5gra kv\u00e4llar och det ville vi s\u00e5klart. Den vi valde att k\u00f6ra med \u00e4r Jonk p\u00e5 Alleycat Records som vi med v\u00e4stkustskt i \u00e5drorna k\u00e4nde innan. De andra k\u00e4nde utan. Vilka l\u00e5tar som skulle vara med k\u00e4ndes sj\u00e4lvklart och vi \u00e4r alla n\u00f6jda med resultatet! Faktum \u00e4r att jag precis haft s\u00f6nder ett par solglas\u00f6gon f\u00f6r att jag f\u00f6rs\u00f6kte spela in gitarr p\u00e5 v\u00e5r kommande LP. S\u00e5 har jag brillor s\u00e5 det r\u00e4cker kommer nog en LP ocks\u00e5.<\/span><\/span><\/p>\n<p><strong>-Har ni redan p\u00e5b\u00f6rjat nya inspelningar?<\/strong><\/p>\n<p>-Ja, vi har lite sv\u00e5rt att sitta still.<\/p>\n<p><strong>&#8211; Hur l\u00e5ter ni? Vad inspirerar er n\u00e4r ni g\u00f6r musik?<\/strong><\/p>\n<p>&#8211; <span data-measureme=\"1\"><span class=\"null\">Musikaliska f\u00f6rebilder \u00e4r sv\u00e5rt d\u00e5 vi alla har olika musikaliska bakgrunder men vi kan v\u00e4l enas om att vi alla gillar punk, n\u00e5n gillar kanske lite mer blues, Jim gillar ju Madonna och mycket indiepop, Janne hardcore och s\u00e5 h\u00e5ller det p\u00e5. Ingen vill enas om n\u00e5gonting och d\u00e4rf\u00f6r tog vi alla v\u00e5ra genrer och h\u00e4llde dem i byttan och r\u00f6rde om. D\u00e4rf\u00f6r blev det som det blev.<\/span><\/span><\/p>\n<p><strong>-Vad handlar texterna om?<\/strong><\/p>\n<p>-Blandat, vi t\u00e4cker v\u00e4l det mesta under en vanlig dag fr\u00e5n att man g\u00e5r till jobbet fast man inte orkar tills man kn\u00e4pper en pilsner n\u00e4r man kommer hem, eller \u00e4r det tv\u00e4rtom? Kn\u00e4pper en pilsner p\u00e5 morgonen och skiter i att g\u00e5 till jobbet, det l\u00e5ter b\u00e4ttre. Vi sjunger om livets alla lager, fr\u00e5n det goda till det onda.<\/p>\n<p><strong>-N\u00e4r det skrivs om er och i folkmun j\u00e4mnf\u00f6rs ni ofta med Nationalteatern, hur k\u00e4nns det att s\u00e4ttas bredvid ett s\u00e5dant legendariskt band?<\/strong><\/p>\n<p>&#8211; Sj\u00e4lvklart \u00e4r det smickrande d\u00e5 Nationalteatern \u00e4r magiska och vi kan se varf\u00f6r folk ser Nationalteatern n\u00e4r de ser oss, men folk \u00e4r s\u00e5 besatta av att s\u00e4tta m\u00e4nniskor i fack, vi h\u00e4nger lite mellan allt och bara f\u00f6r att vi \u00e4r tusen medlemmar i bandet och sjunger \u00f6sigt p\u00e5 svenska s\u00e5 tycker folk att vi \u00e4r Nationalteatern.Det finns bara ett Nationalteatern. Och bara ett Bandet Allts\u00e5.<\/p>\n<p><strong>-Hur m\u00e5nga \u00e4r det i Bandet egentligen?<\/strong><\/p>\n<p>&#8211; Fem karlar, tv\u00e5 damer och en het groda.<\/p>\n<p><strong>-Oj, blir ni aldrig osams n\u00e4r ni \u00e4r s\u00e5 m\u00e5nga?<\/strong><\/p>\n<p>&#8211; Jo, ibland sl\u00e5ss vi med kniv, men oftast s\u00e5 brukar vi kunna enas. Kvinnorna i bandet brukar f\u00e5 sista ordet f\u00f6r dom \u00e4r smartast.<\/p>\n<p><strong>-Ni bytte bandnamn prcis innan skivsl\u00e4ppet, hur kommer de sig?<\/strong><\/p>\n<p>&#8211; Fr\u00e5n b\u00f6rjan hette vi Kalabalik-bandet allts\u00e5. En dag fick Janne en arg brevduva skickad till sig fr\u00e5n ett g\u00e4ng lajvare som \u00e4ven dom gick under namnet Kalabalik. D\u00e5 vi hade lagt till tv\u00e5 extra ord i v\u00e5rt bandnamn trodde vi inte att det skulle vara ett problem, men d\u00e5 lajvarna tydligen tagit patent p\u00e5 bandnamnet Kalabalik och hotade med att dra sv\u00e4rd s\u00e5 fick vi backa. Dom var ledsna f\u00f6r att folk tydligen trott att de var vi, jobbigt att inte kunna leva upp till v\u00e5rt ljuvliga kaos. S\u00e5 vi d\u00f6pte skivan till Kalabalik ist\u00e4llet, det kunde dom inte patenta iallafall.<\/p>\n<p><strong>&#8211; Hur ser den n\u00e4rmsta framtiden ut?<\/strong><\/p>\n<p><span data-measureme=\"1\"><span class=\"null\">&#8211; Planen nu \u00e4r vi skall f\u00f6rs\u00f6ka sl\u00e4nga ur oss en LP, spela live s\u00e5 mycket det bara g\u00e5r och f\u00f6rhoppningsvis inte beh\u00f6va g\u00e5 p\u00e5 n\u00e5gon av v\u00e5ra begravningar. Somliga n\u00e4rmar ju sig 27 och det vet man ju hur det g\u00e5r.<br \/>\n<\/span><\/span><\/p>\n<p><strong>&#8211; Perfekt. N\u00e5gra sista ord?<\/strong><\/p>\n<p>&#8211; Kinder\u00e4gg.<\/p>\n<p><strong><em>\u00a0Bandet Allts\u00e5 sl\u00e4pper debuten Kalabalik med Bandet allts\u00e5 den 25e April, samma dag blir det stor releasespelning p\u00e5 Pustervik i G\u00f6teborg med bl.a Kristofer \u00c5str\u00f6m och Den Stora S\u00f6mnen.<\/em><\/strong><\/p>\n<p><strong><em>Kalabalik med Bandet Allts\u00e5 finns p\u00e5 Spotify och iTunes.<\/em><\/strong><\/p>\n<p>&nbsp;<\/p>\n<p>&nbsp;<\/p>\n","protected":false},"excerpt":{"rendered":"<p>I en replokal i V\u00e4llingby h\u00f6rs \u00f6sig musik, fr\u00e5n lokalen bredvid luktar det r\u00f6k, d\u00e4r sitter Bandet Allts\u00e5 och spelar in. Medlemmarna h\u00e4rstammar fr\u00e5n hela Sverige och har rest sig som en udda akt i ett Sverige d\u00e4r alla vill l\u00e5ta likadant.\u00a0 Kulturbloggen fick dagarna innan f\u00f6rsta skivsl\u00e4ppet h\u00e4lsa p\u00e5 i kaoset bland syltkakor och [&hellip;]<\/p>\n","protected":false},"author":13,"featured_media":0,"comment_status":"open","ping_status":"open","sticky":false,"template":"","format":"standard","meta":{"_genesis_hide_title":false,"_genesis_hide_breadcrumbs":false,"_genesis_hide_singular_image":false,"_genesis_hide_footer_widgets":false,"_genesis_custom_body_class":"","_genesis_custom_post_class":"","_genesis_layout":"","footnotes":""},"categories":[7],"tags":[],"class_list":{"0":"post-82550","1":"post","2":"type-post","3":"status-publish","4":"format-standard","6":"category-musik","7":"entry"},"_links":{"self":[{"href":"https:\/\/kulturbloggen.com\/index.php?rest_route=\/wp\/v2\/posts\/82550","targetHints":{"allow":["GET"]}}],"collection":[{"href":"https:\/\/kulturbloggen.com\/index.php?rest_route=\/wp\/v2\/posts"}],"about":[{"href":"https:\/\/kulturbloggen.com\/index.php?rest_route=\/wp\/v2\/types\/post"}],"author":[{"embeddable":true,"href":"https:\/\/kulturbloggen.com\/index.php?rest_route=\/wp\/v2\/users\/13"}],"replies":[{"embeddable":true,"href":"https:\/\/kulturbloggen.com\/index.php?rest_route=%2Fwp%2Fv2%2Fcomments&post=82550"}],"version-history":[{"count":4,"href":"https:\/\/kulturbloggen.com\/index.php?rest_route=\/wp\/v2\/posts\/82550\/revisions"}],"predecessor-version":[{"id":82556,"href":"https:\/\/kulturbloggen.com\/index.php?rest_route=\/wp\/v2\/posts\/82550\/revisions\/82556"}],"wp:attachment":[{"href":"https:\/\/kulturbloggen.com\/index.php?rest_route=%2Fwp%2Fv2%2Fmedia&parent=82550"}],"wp:term":[{"taxonomy":"category","embeddable":true,"href":"https:\/\/kulturbloggen.com\/index.php?rest_route=%2Fwp%2Fv2%2Fcategories&post=82550"},{"taxonomy":"post_tag","embeddable":true,"href":"https:\/\/kulturbloggen.com\/index.php?rest_route=%2Fwp%2Fv2%2Ftags&post=82550"}],"curies":[{"name":"wp","href":"https:\/\/api.w.org\/{rel}","templated":true}]}}