{"id":82432,"date":"2014-04-18T09:18:18","date_gmt":"2014-04-18T08:18:18","guid":{"rendered":"http:\/\/kulturbloggen.com\/?p=82432"},"modified":"2014-04-28T07:18:55","modified_gmt":"2014-04-28T06:18:55","slug":"kulturbloggen-moter-den-svenska-bjornstammen","status":"publish","type":"post","link":"https:\/\/kulturbloggen.com\/?p=82432","title":{"rendered":"Kulturbloggen m\u00f6ter Den Svenska Bj\u00f6rnstammen"},"content":{"rendered":"<p><a href=\"http:\/\/kulturbloggen.com\/wp-content\/uploads\/2014\/04\/bjornstammen.jpg\"><img loading=\"lazy\" decoding=\"async\" class=\"aligncenter wp-image-82433 size-medium\" src=\"http:\/\/kulturbloggen.com\/wp-content\/uploads\/2014\/04\/bjornstammen-300x201.jpg\" alt=\"bjornstammen\" width=\"300\" height=\"201\" srcset=\"https:\/\/kulturbloggen.com\/wp-content\/uploads\/2014\/04\/bjornstammen-300x201.jpg 300w, https:\/\/kulturbloggen.com\/wp-content\/uploads\/2014\/04\/bjornstammen.jpg 960w\" sizes=\"auto, (max-width: 300px) 100vw, 300px\" \/><\/a><\/p>\n<p>Jag vaknade m\u00e5ndagen den fjortonde april vid den mogna tiden 07:30 av att barn sprang i hallen utanf\u00f6r mitt rum och \u00f6nskade att tamburen skulle \u00f6ppna upp sig och sv\u00e4lja krabaterna. N\u00e4r inget s\u00e5dant mirakel intr\u00e4ffade begav jag mig till k\u00f6ket f\u00f6r att d\u00e4mpa frustrationen med att konsumera kopi\u00f6sa m\u00e4ngder kaffe, och det var d\u00e5 det slog mig att jag skulle utf\u00f6ra en intervju med en av Sverige mest aktuella och popul\u00e4ra band. \u201dShit, aldrig att jag orkar detta\u201d t\u00e4nkte jag f\u00f6r mig sj\u00e4lv. \u201dB\u00e4st att g\u00e5 och l\u00e4gga sig igen\u2026\u201d, men den groteska magk\u00e4nslan h\u00f6ll mig vaken, s\u00e5 jag satte mig ned och f\u00f6rs\u00f6kte k\u00e4nna meningen med tystnaden.<\/p>\n<p>Som min personliga fotograf hade jag hyrt in min tvillingbror, utan att ha f\u00f6rvarnat bandets pressagent eller min arbetsgivare. Om det skulle uppst\u00e5 problem fick jag ta det d\u00e5 helt enkelt. Jag m\u00f6tte min \u201dfotograf\u201d, som bara dagen innan intervjun bekantat sig med att hantera en systemkamera, utanf\u00f6r en av Gamla Stans tunnelbaneuppg\u00e5ngar. Sj\u00e4lva intervjun tog rum p\u00e5 det vackra vandrarhemmet, Den R\u00f6da B\u00e5ten.<\/p>\n<p>S\u00e5 snabbt vi passerat den tjocka svarta d\u00f6rren till hotellet bem\u00f6tts vi av sex ivriga blickar fr\u00e5n ett s\u00e4llskap till h\u00f6ger om oss och det tog mig ett bra par sekunder f\u00f6r att f\u00f6rst\u00e5 vilka de var.<\/p>\n<p><strong>Varf\u00f6r h\u00e5ller ni er s\u00e5 mystiska?<\/strong><\/p>\n<p>&#8211; Det existerar helt enkelt inget intresse f\u00f6r n\u00e5gon individualist inom gruppen, utan det \u00e4r helheten som spelar roll.<\/p>\n<p>Jag noterade \u00e4ven att bandmedlemmarna var lugna och sansade individer, som inte beh\u00f6ver bevisa sin existens genom att uppf\u00f6ra sig illa eller v\u00e4cka uppst\u00e5ndelse.<\/p>\n<p><strong>\u00c4r ni taggade inf\u00f6r sl\u00e4ppet av ert nya album?<\/strong><\/p>\n<p>&#8211; V\u00e4ldigt. Vi har jobbat p\u00e5 duktigt under de senaste m\u00e5naderna och l\u00e4ngtar nu efter att f\u00e5 komma ut och vara kreativa. Man blir \u00e4ven taggad av att sl\u00e4ppa ett album efter att ha f\u00e5tt en hel del positiv feedback fr\u00e5n v\u00e4nner.<\/p>\n<p><strong>Vem eller vilka \u00e4r era influenser?<\/strong><\/p>\n<p>&#8211; Alla inom gruppen har mer eller mindre olika musiksmak och det \u00e4r en av de m\u00e5nga sakerna som \u00e5terspeglas inom musiken. Vi har inget definitivt svar. Om man var tvungen att s\u00e4tta oss inom n\u00e5gon genre s\u00e5 skulle vi luta oss mot hip-hop h\u00e5llet. N\u00e5gra av oss har lyssnat en del p\u00e5 Noice.<\/p>\n<p>I \u00f6vrigt v\u00e5gade ingen av medlemmarna ge sin synpunkt och p\u00e5stod det var en en klurig fr\u00e5ga, vilket det s\u00e4kert var annars skulle jag inte ha st\u00e4llt den.<\/p>\n<p><strong>Hur \u00e4r det att bo p\u00e5 ett kollektivt p\u00e5 landet i Norrk\u00f6ping?<\/strong><\/p>\n<p>&#8211; Det b\u00f6rjade f\u00f6rst med att vi inom bandet flyttande in hos min l\u00e4genhet, sa Klas. Sedan urartade det och vi beh\u00f6vde mer utrymme, s\u00e5 vi bosatte oss i Norrk\u00f6pings konsthall. Efter ett tag revs dock fasaden och vi var naturligtvis tvungna att flytta ut, och in i en ett nytt hus. Vilket i sin tur blev kollektivet ute p\u00e5 landet.<\/p>\n<p><strong>Men varf\u00f6r just ett kollektiv?<\/strong><\/p>\n<p>&#8211; Eftersom vi trivs bra d\u00e4r helt enkelt och det \u00e4r billigt. Det \u00e4r en lugn plats d\u00e4r man kan l\u00e4gga stort fokus p\u00e5 musiken och den kreativa processen. Kollektivet st\u00e4rker \u00e4ven gemensamheten inom gruppen, speciellt eftersom vi m\u00e5ste uppr\u00e4tth\u00e5lla den r\u00e4tta stamk\u00e4nslan.<\/p>\n<p><strong>Hur skapades Den Svenska Bj\u00f6rnstammen?<\/strong><\/p>\n<p>&#8211; Det b\u00f6rjade med att alla gick till samma \u00f6lhak och det urartade sig till att vi ville hitta p\u00e5 n\u00e5got kreativt projekt tillsammans. Alla dessa id\u00e9er och str\u00e4van efter att skapa ackumulerades till en drift som hade sin output inom musiken.<\/p>\n<p><strong>Hur har ni musikaliskt utvecklats, j\u00e4mf\u00f6rt med ert f\u00f6rsta album?<\/strong><\/p>\n<p>&#8211; Rent tekniskt har vi blivit mycket b\u00e4ttre. 75 f\u00f6rest\u00e4llningar har gett oss mycket k\u00f6tt p\u00e5 benen. Erfarenhet \u00e4r viktigt inom musik. Vi anser \u00e4ven att vi i nu l\u00e4get lutar oss \u00e4nnu mer mot hip-hop \u00e4n innan.<\/p>\n<p>En av medlemmarna ans\u00e5g \u00e4ven att bandet var lite jazz influerade ocks\u00e5, vilket resten av medlemmarna skrattade \u00e5t.<\/p>\n<p><strong>Klas, jag l\u00e4ste att du gillar att m\u00e5la med oljef\u00e4rg. Har du n\u00e5gonsin t\u00e4nkt p\u00e5 att m\u00e5la omslaget till en av era album?<\/strong><\/p>\n<p>&#8211; Det tar tyv\u00e4rr v\u00e4ldigt l\u00e5ng tid att m\u00e5la. F\u00f6rresten s\u00e5 m\u00e5lar jag inte med olja, utan akvarell. Dock h\u00e5ller jag p\u00e5 att m\u00e5la en backdrop (en sorts bakgrund) och jag har utvecklats mycket p\u00e5 sistone i samband med att jag flyttat ut till landet.<\/p>\n<p><strong>Hur kom ni p\u00e5 bandnamnet?<\/strong><\/p>\n<p>&#8211; Vi tog det f\u00f6rsta b\u00e4sta vi kom p\u00e5. Klas skulle l\u00e4mna in en demoversion av en l\u00e5t och var tvungen att ange ett bandnamn, ett namn som inte existerade f\u00f6r tillf\u00e4llet. S\u00e5 d\u00e5 tog han helt enkelt Den Svenska Bj\u00f6rnstammen, utan vidare eftertanke.<\/p>\n<p><strong>S\u00e5 bandnamnet \u00e4r ingen metafor f\u00f6r att ni \u00e4r sju individer och h\u00e5ller ihop som en bj\u00f6rnstam?<\/strong><\/p>\n<p>&#8211; Haha, nej tyv\u00e4rr.<\/p>\n<p><strong>M\u00e5nga k\u00e4nda musiker h\u00e4rstammar fr\u00e5n Norrk\u00f6ping som till exempel Eldkvarn och Slagsm\u00e5lsklubben. Har ni p\u00e5 n\u00e5got s\u00e4tt influerats av deras musik?<\/strong><\/p>\n<p>&#8211; Absolut, tre av medlemmarna fr\u00e5n Slagsm\u00e5lsklubben bor ju p\u00e5 kollektivet med oss och vi har l\u00e4rt oss mycket fr\u00e5n dem. Men \u00e4ven Eldkvarn och Markus Kruneg\u00e5rd har varit v\u00e5ra inspirationer.<\/p>\n<p><strong>Ni har ett nytt album p\u00e5 G, en bok p\u00e5 G och en ny turn\u00e9 p\u00e5 G. \u00c4r det n\u00e5got annat ni \u00f6nskar ha p\u00e5 G just nu? Eller rullar det p\u00e5 bra f\u00f6r tillf\u00e4llet?<\/strong><\/p>\n<p>&#8211; En av v\u00e5ra medlemmar har \u00e4ven gjort en film. Han sitter nere i G\u00f6teborg och klipper dokument\u00e4ren just nu, som antagligen g\u00e5r ut p\u00e5 att hur gruvsamh\u00e4llena i Sverige och Afrika skiljer sig. Vi \u00e4r inte riktigt s\u00e4kra p\u00e5 vad den egentligen handlar om, men vi \u00e4r v\u00e4ldigt taggade p\u00e5 att f\u00e5 se slutresultatet.<\/p>\n<p><strong>Vad \u00e4r det med er fetisch att bygga saker? <\/strong><\/p>\n<p>&#8211; Det b\u00f6rjade med att vi f\u00f6rst byggde om ett fallf\u00e4rdigt hus som beh\u00f6vdes rustas upp, sedan \u00e4r sj\u00e4lva skapandet, som kommer fr\u00e5n byggandet v\u00e4ldigt sk\u00f6nt och vi gillar att h\u00e5lla p\u00e5 med det.<\/p>\n<p><strong>Hur l\u00e5ngt vill ni g\u00e5?<\/strong><\/p>\n<p>&#8211; Till n\u00e5gon plats som vi inte har n\u00e5gon aning vart den ligger. Det \u00e4r just att inte veta, vart man kommer att sluta upp, som g\u00f6r det s\u00e5 sp\u00e4nnande.<\/p>\n<p>Skribent: Tamas Szabo<\/p>\n<p>Fotograf:\u00a0Miklos Szabo<\/p>\n<p><iframe loading=\"lazy\" src=\"\/\/www.youtube.com\/embed\/Y5rNnHnnu8U\" width=\"560\" height=\"315\" frameborder=\"0\" allowfullscreen=\"allowfullscreen\"><\/iframe><\/p>\n","protected":false},"excerpt":{"rendered":"<p>Jag vaknade m\u00e5ndagen den fjortonde april vid den mogna tiden 07:30 av att barn sprang i hallen utanf\u00f6r mitt rum och \u00f6nskade att tamburen skulle \u00f6ppna upp sig och sv\u00e4lja krabaterna. N\u00e4r inget s\u00e5dant mirakel intr\u00e4ffade begav jag mig till k\u00f6ket f\u00f6r att d\u00e4mpa frustrationen med att konsumera kopi\u00f6sa m\u00e4ngder kaffe, och det var d\u00e5 [&hellip;]<\/p>\n","protected":false},"author":13,"featured_media":0,"comment_status":"open","ping_status":"open","sticky":false,"template":"","format":"standard","meta":{"_genesis_hide_title":false,"_genesis_hide_breadcrumbs":false,"_genesis_hide_singular_image":false,"_genesis_hide_footer_widgets":false,"_genesis_custom_body_class":"","_genesis_custom_post_class":"","_genesis_layout":"","footnotes":""},"categories":[5,7],"tags":[6992],"class_list":{"0":"post-82432","1":"post","2":"type-post","3":"status-publish","4":"format-standard","6":"category-intervju","7":"category-musik","8":"tag-den-svenska-bjornstammen","9":"entry"},"_links":{"self":[{"href":"https:\/\/kulturbloggen.com\/index.php?rest_route=\/wp\/v2\/posts\/82432","targetHints":{"allow":["GET"]}}],"collection":[{"href":"https:\/\/kulturbloggen.com\/index.php?rest_route=\/wp\/v2\/posts"}],"about":[{"href":"https:\/\/kulturbloggen.com\/index.php?rest_route=\/wp\/v2\/types\/post"}],"author":[{"embeddable":true,"href":"https:\/\/kulturbloggen.com\/index.php?rest_route=\/wp\/v2\/users\/13"}],"replies":[{"embeddable":true,"href":"https:\/\/kulturbloggen.com\/index.php?rest_route=%2Fwp%2Fv2%2Fcomments&post=82432"}],"version-history":[{"count":1,"href":"https:\/\/kulturbloggen.com\/index.php?rest_route=\/wp\/v2\/posts\/82432\/revisions"}],"predecessor-version":[{"id":82434,"href":"https:\/\/kulturbloggen.com\/index.php?rest_route=\/wp\/v2\/posts\/82432\/revisions\/82434"}],"wp:attachment":[{"href":"https:\/\/kulturbloggen.com\/index.php?rest_route=%2Fwp%2Fv2%2Fmedia&parent=82432"}],"wp:term":[{"taxonomy":"category","embeddable":true,"href":"https:\/\/kulturbloggen.com\/index.php?rest_route=%2Fwp%2Fv2%2Fcategories&post=82432"},{"taxonomy":"post_tag","embeddable":true,"href":"https:\/\/kulturbloggen.com\/index.php?rest_route=%2Fwp%2Fv2%2Ftags&post=82432"}],"curies":[{"name":"wp","href":"https:\/\/api.w.org\/{rel}","templated":true}]}}