{"id":82361,"date":"2014-04-16T10:51:20","date_gmt":"2014-04-16T09:51:20","guid":{"rendered":"http:\/\/kulturbloggen.com\/?p=82361"},"modified":"2014-04-16T10:51:20","modified_gmt":"2014-04-16T09:51:20","slug":"the-war-on-drugs-atervander-till-sverige-i-host","status":"publish","type":"post","link":"https:\/\/kulturbloggen.com\/?p=82361","title":{"rendered":"The War on Drugs \u00e5terv\u00e4nder till Sverige i h\u00f6st"},"content":{"rendered":"<p><a href=\"http:\/\/kulturbloggen.com\/wp-content\/uploads\/2014\/04\/wod.jpg\"><img loading=\"lazy\" decoding=\"async\" class=\"aligncenter size-medium wp-image-82362\" alt=\"wod\" src=\"http:\/\/kulturbloggen.com\/wp-content\/uploads\/2014\/04\/wod-300x166.jpg\" width=\"300\" height=\"166\" srcset=\"https:\/\/kulturbloggen.com\/wp-content\/uploads\/2014\/04\/wod-300x166.jpg 300w, https:\/\/kulturbloggen.com\/wp-content\/uploads\/2014\/04\/wod.jpg 540w\" sizes=\"auto, (max-width: 300px) 100vw, 300px\" \/><\/a><\/p>\n<p>Med sitt hyllade tredje full\u00e4ngdsalbum <a href=\"http:\/\/kulturbloggen.com\/?p=81178\"><em>Lost in the Dream<\/em><\/a> i ryggen har The War on Drugs hittat hem till en allt st\u00f6rre fanskara. Deras tre Sverigespelningar i maj \u00e4r snart sluts\u00e5lda och nu st\u00e5r det klart att Philadelphia-bandet \u00e5terv\u00e4nder till Stockholm i h\u00f6st. Den 25 oktober intar de M\u00fcnchenbryggeriet.<\/p>\n<p>S\u00e5 h\u00e4r skriver arrang\u00f6rerna Luger i ett pressmeddelande:<\/p>\n<blockquote><p><em>&#8221;Den tovige och till synes tillbakalutande Adam Granduciel har sedan 2005 bedrivit kriget mot d\u00e5lig musik. Inte uttalat men vi som st\u00e5tt vid sidan om har lyssnat med nyfikenhet. Efter att ha kokat ihop f\u00f6rstlingsverket &#8217;Wagonwheels Blues&#8217; med en lagom l\u00e5ngh\u00e5rig Kurt Vile, fortsatte han sedan upp det med den vansinnigt m\u00e4sterliga &#8217;Slave Ambient&#8217; fr\u00e5n 2011. Skivan \u00e4r tolv hits staplade ovanp\u00e5 varandra som med l\u00e4tthet n\u00e5r till m\u00e5nen.<\/em><\/p>\n<p><em>Senaste skivan &#8217;Lost in the Dream&#8217; har blivit unisont kritikerhyllad, knuffat undan alla spellistor vi har i v\u00e5r \u00e4go och svetsat sig fast i repeatl\u00e4ge. Att Adam Granduciel har skapat en skiva som \u00e4r en st\u00e4ndig kompanjon p\u00e5 bussen, bilen och kontoret \u00e4r ofr\u00e5nkomligt.&#8221;<\/em><\/p><\/blockquote>\n<p><iframe loading=\"lazy\" src=\"\/\/www.youtube.com\/embed\/SmFVauPAvHY\" height=\"315\" width=\"560\" allowfullscreen=\"\" frameborder=\"0\"><\/iframe><\/p>\n","protected":false},"excerpt":{"rendered":"<p>Med sitt hyllade tredje full\u00e4ngdsalbum Lost in the Dream i ryggen har The War on Drugs hittat hem till en allt st\u00f6rre fanskara. Deras tre Sverigespelningar i maj \u00e4r snart sluts\u00e5lda och nu st\u00e5r det klart att Philadelphia-bandet \u00e5terv\u00e4nder till Stockholm i h\u00f6st. Den 25 oktober intar de M\u00fcnchenbryggeriet. S\u00e5 h\u00e4r skriver arrang\u00f6rerna Luger i [&hellip;]<\/p>\n","protected":false},"author":3,"featured_media":0,"comment_status":"open","ping_status":"open","sticky":false,"template":"","format":"standard","meta":{"_genesis_hide_title":false,"_genesis_hide_breadcrumbs":false,"_genesis_hide_singular_image":false,"_genesis_hide_footer_widgets":false,"_genesis_custom_body_class":"","_genesis_custom_post_class":"","_genesis_layout":"","footnotes":""},"categories":[7],"tags":[3878,5821],"class_list":{"0":"post-82361","1":"post","2":"type-post","3":"status-publish","4":"format-standard","6":"category-musik","7":"tag-munchenbryggeriet","8":"tag-the-war-on-drugs","9":"entry"},"_links":{"self":[{"href":"https:\/\/kulturbloggen.com\/index.php?rest_route=\/wp\/v2\/posts\/82361","targetHints":{"allow":["GET"]}}],"collection":[{"href":"https:\/\/kulturbloggen.com\/index.php?rest_route=\/wp\/v2\/posts"}],"about":[{"href":"https:\/\/kulturbloggen.com\/index.php?rest_route=\/wp\/v2\/types\/post"}],"author":[{"embeddable":true,"href":"https:\/\/kulturbloggen.com\/index.php?rest_route=\/wp\/v2\/users\/3"}],"replies":[{"embeddable":true,"href":"https:\/\/kulturbloggen.com\/index.php?rest_route=%2Fwp%2Fv2%2Fcomments&post=82361"}],"version-history":[{"count":1,"href":"https:\/\/kulturbloggen.com\/index.php?rest_route=\/wp\/v2\/posts\/82361\/revisions"}],"predecessor-version":[{"id":82363,"href":"https:\/\/kulturbloggen.com\/index.php?rest_route=\/wp\/v2\/posts\/82361\/revisions\/82363"}],"wp:attachment":[{"href":"https:\/\/kulturbloggen.com\/index.php?rest_route=%2Fwp%2Fv2%2Fmedia&parent=82361"}],"wp:term":[{"taxonomy":"category","embeddable":true,"href":"https:\/\/kulturbloggen.com\/index.php?rest_route=%2Fwp%2Fv2%2Fcategories&post=82361"},{"taxonomy":"post_tag","embeddable":true,"href":"https:\/\/kulturbloggen.com\/index.php?rest_route=%2Fwp%2Fv2%2Ftags&post=82361"}],"curies":[{"name":"wp","href":"https:\/\/api.w.org\/{rel}","templated":true}]}}