{"id":8227,"date":"2009-04-01T21:31:12","date_gmt":"2009-04-01T20:31:12","guid":{"rendered":"http:\/\/kulturbloggen.com\/?p=8227"},"modified":"2009-04-01T21:31:12","modified_gmt":"2009-04-01T20:31:12","slug":"peter-poker-wallenberg-ar-sugen-pa-att-borja-blogga-och-twittra","status":"publish","type":"post","link":"https:\/\/kulturbloggen.com\/?p=8227","title":{"rendered":"Peter &#8221;Poker&#8221; Wallenberg \u00e4r sugen p\u00e5 att b\u00f6rja blogga och twittra"},"content":{"rendered":"<p><img loading=\"lazy\" decoding=\"async\" class=\"alignnone size-full wp-image-8228\" title=\"peterwallenberg290\" src=\"http:\/\/sodergren.com\/kulturbloggen\/wp-content\/uploads\/2009\/04\/peterwallenberg290.jpg\" alt=\"peterwallenberg290\" width=\"290\" height=\"219\" \/><br \/>\nVisste du att Peter Wallenberg junior kallas f\u00f6r Poker av sin familj? Det fick Kulturbloggen och ett tjugotal bloggare veta p\u00e5 onsdagskv\u00e4llen d\u00e5 vi var inbjudna till Stockholms Handelskammaren.<br \/>\n<a href=\"http:\/\/www.chamber.se\/\">Stockholms Handelskammar<\/a>e bjuder med j\u00e4mna mellanrum in journalister till presstr\u00e4ffar. Nu arrangerar de ett par tr\u00e4ffar f\u00f6r bloggare ocks\u00e5, allt f\u00f6r att f\u00e5 intryck fr\u00e5n olika h\u00e5ll.<br \/>\nVarf\u00f6r Peter Wallenberg junior kallas f\u00f6r Poker?<br \/>\n<!--more--><br \/>\nHan ber\u00e4ttade att det var hans farfar som gav honom det &#8221;smeknamnet&#8221; f\u00f6r att han aldrig log n\u00e4r han var liten.<br \/>\n&#8211; Fast det har jag tagit igen nu som vuxen, sade Peter Wallenberg.<\/p>\n<p>Vi snackade om allt m\u00f6jligt &#8211; och det gick r\u00e4tt livligt till under diskussionerna ibland eftersom vi bloggare som var d\u00e4r kom fr\u00e5n h\u00f6ger till v\u00e4nster och r\u00e4tt m\u00e5nga av oss har tr\u00e4ffats i olika bloggsammanhang under s\u00e5 pass m\u00e5nga \u00e5r nu att vi har l\u00e4tt f\u00f6r att snacka med varandra.<\/p>\n<p>Hetast kanske debatten gick till i b\u00f6rjan av diskussionen d\u00e5 Stockholms Handelskammares vd Peter Egardt introduktionstalade och ber\u00e4ttade om handelskammarens olika uppdrag. <a href=\"http:\/\/hbt-sossen.blogspot.com\/\">Alexandra Einerstam<\/a> hade synpunkter p\u00e5 och ifr\u00e5gasatte varf\u00f6r Handelskammaren st\u00f6dde handel med ett land som Marocko. Senare under kv\u00e4llen fick jag reda p\u00e5 att Alexandra kom direkt fr\u00e5n ett m\u00f6te d\u00e4r hon f\u00e5tt mycket information om f\u00f6rtrycket av m\u00e4nniskor i Marocko. Ja, ska ett demokratiskt land som Sverige g\u00f6r aff\u00e4rer, handla med l\u00e4nder som \u00e4r odemokratiska?<\/p>\n<p>&#8211; Jag tror det \u00e4r viktigt att handla med varandra, menade Egardt.<br \/>\n&#8211; Om vi inte skulle g\u00f6ra det skulle vi inte kunna handla med Ryssland eller Kina heller.<\/p>\n<p>Vi pratade om bonussystem, f\u00f6rst\u00e5s. Och det var en l\u00e5ng och intressant diskussion som jag ska \u00e5terkomma till. Den \u00e4r definitivt v\u00e4rd en egen post.<\/p>\n<p>Men Peter Wallenberg verkade r\u00e4tt intresserad av att blogga. Han fr\u00e5gade oss om ett \u00e4rligt svar om hur vi ser p\u00e5 det d\u00e4r med kommentarer. Tillf\u00f6r kommentarerna n\u00e5got av v\u00e4rde eller \u00e4r det stor andel skr\u00e4p som inte vill s\u00e4ga n\u00e5got i fr\u00e5gan?<br \/>\nAlexandra p\u00e5pekade att hon sj\u00e4lv f\u00e5r mycket elaka p\u00e5hopp i kommentarerna: &#8221;Jag \u00e4r andra generationens invandrare, kvinna som lever i ett lesbiskt f\u00f6rh\u00e5llande. Ni kan v\u00e4l t\u00e4nka er vad jag f\u00e5r st\u00e5 ut med f\u00f6r p\u00e5hopp.&#8221;<br \/>\nMenade hon och undrade ocks\u00e5 varf\u00f6r en annan av kv\u00e4llens g\u00e4stande bloggare, <a href=\"http:\/\/erixon.com\/blogg\/\">Dick Erixon<\/a>, inte hade kommentarer i sin blogg.<\/p>\n<p>Jag satt bredvid Dick under kv\u00e4llen och pratade med honom om det. Han ber\u00e4ttade att han f\u00e5r v\u00e4ldigt m\u00e5nga p\u00e5hopp redan nu som inte \u00e4r av konstruktiv art.<\/p>\n<p>Jag hoppas att detta inte fick Peter Wallenberg att tveka. Visst vore det bra om han bloggade. Det beh\u00f6vde inte vara s\u00e5 l\u00e5nga inl\u00e4gg, han kunde kortfattat redog\u00f6ra tankar och intryck, om bakgrunder till en del beslut med mera.<\/p>\n<p>Peter Wallenberg sitter med i styrelsen f\u00f6r Stockholms Handelskammare, som faktiskt redan har en samlingsblogg d\u00e4r bland annat informationschefen <a href=\"http:\/\/www.chamber.se\/?id=3572&amp;threadid=23948\">Andreas Krohn bloggar<\/a>. <a href=\"http:\/\/www.eriklaakso.nu\/\">Erik Laakso<\/a>, Uppstundsbloggaren som ocks\u00e5 var med, f\u00f6reslog att Peter Wallenberg kunde blogga d\u00e4r om inte annat. F\u00f6r om han bloggar i en gruppblogg som beh\u00f6ver han inte g\u00f6ra inl\u00e4gg varje dag. Fast jag skulle nog g\u00e4rna l\u00e4sa en blogg som var bara Wallenbergs. F\u00f6r det finns mycket som skulle vara intressant att f\u00f6lja d\u00e4r.<\/p>\n<p>Nog har det h\u00e4nt en del inom medier och med samh\u00e4llets attityd gentemot bloggare n\u00e4r vi, ett tjugotal bloggare kan bli inbjudna och tr\u00e4ffas hos Stockholms Handelskammare. F\u00f6r min del tror jag mycket p\u00e5 m\u00f6ten, n\u00e4r m\u00e4nniskor tr\u00e4ffar och diskuterat och utbyter \u00e5sikter kan vi alla f\u00f6r\u00e4ndras och utvecklas. S\u00e5 det \u00e4r sp\u00e4nnande och bra med s\u00e5dana h\u00e4r olika m\u00f6ten d\u00e4r bloggare blir inbjudna.<\/p>\n<p>Jo, f\u00f6rresten, jag vet inte hur m\u00e5nga som har koll p\u00e5 just Peter Wallenberg junior. Visste ni att han b\u00f6rjade som jobba som sm\u00f6rg\u00e5snisse p\u00e5 Grand Hotell som femton\u00e5ring? Han har jobbat inom hotellbranschen i m\u00e5nga \u00e5r och bland annat varit kypare ocks\u00e5.<\/p>\n<p>I inbjudan till kv\u00e4llen stod bland annat: &#8221;Just nu p\u00e5g\u00e5r en het debatt om det svenska n\u00e4ringslivet och dess framtid.&#8221; Under inledningen pratade Egardt om hur \u00e4garf\u00f6rh\u00e5llandena inom n\u00e4ringslivet f\u00f6r\u00e4ndrats, om hur f\u00f6retag f\u00f6rr ofta hade ett mycket mer l\u00e5ngsiktigt perspektiv p\u00e5 sitt f\u00f6retagande. Jag tror inte att Egardt eller Wallenberg menar att de vill ha tillbaka samh\u00e4llet som det var d\u00e5. Absolut inte. Men jag tycker det \u00e4r r\u00e4tt sk\u00f6nt att en person som f\u00f6ds in i en stor finansfamilj \u00e4nd\u00e5 kan v\u00e4lja att jobba som sm\u00f6rg\u00e5snisse. Det ger f\u00f6rmodligen perspektiv p\u00e5 saker och ting.<\/p>\n<p>Det var som sagt ett tjugotal bloggare d\u00e4r, men jag har inte l\u00e4nkadressen till alla de andra just nu, men jag \u00e5terkommer med det. <a href=\"http:\/\/ingero.blogspot.com\/\">Johan Inger\u00f6<\/a> var d\u00e4r i alla fall och <a href=\"http:\/\/gudmundson.blogspot.com\/\">Per Gudmundson<\/a> och <a href=\"http:\/\/varfor.blogspot.com\/\">Josefin<\/a>.<\/p>\n<p>Och f\u00f6r att skryta lite: nu n\u00e4r jag skrev det h\u00e4r hade i alla fall ingen av dessa bloggare jag l\u00e4nkar till hunnit g\u00f6ra n\u00e5got inl\u00e4gg. Kulturbloggen \u00e4r snabbast.<\/p>\n<p>Uppdatering 1: Jag hade missat att Andreas Krohn, informationschefen p\u00e5 Stockholms Handelskammare ocks\u00e5 bloggar <a href=\"http:\/\/krohniskt.wordpress.com\/\">i en egen blogg<\/a>.<\/p>\n<p>Uppdatering 2: Nu har <a href=\"http:\/\/hbt-sossen.blogspot.com\/2009\/04\/wallenbergare-med-wallenberg.html\">Alexandra bloggat om kv\u00e4llen<\/a>, liksom <a href=\"http:\/\/meritwager.wordpress.com\/2009\/04\/01\/wallenbergare-med-wallenberg\/\">Merith Wager<\/a>. <a href=\"http:\/\/perankersjo.blogspot.com\/2009\/04\/wallenberg-oka-mojligheterna-till.html\">Per Ankersj\u00f6 var ocks\u00e5 snabbt ute med ett blogginl\u00e4gg fr\u00e5n kv\u00e4llen.<\/a><\/p>\n<p>Updatering 3: <a href=\"http:\/\/erixon.com\/blogg\/2009\/04\/pa-bloggtraff-med-peter-poker-wallenberg\/\">H\u00e4r \u00e4r Dick Erixons inl\u00e4gg fr\u00e5n kv\u00e4llen<\/a>.<\/p>\n<p><img loading=\"lazy\" decoding=\"async\" class=\"alignnone size-full wp-image-8229\" title=\"peterwallenberg600\" src=\"http:\/\/sodergren.com\/kulturbloggen\/wp-content\/uploads\/2009\/04\/peterwallenberg600.jpg\" alt=\"peterwallenberg600\" width=\"600\" height=\"219\" \/><\/p>\n<p>Andra bloggar om: <a rel=\"tag\" href=\"http:\/\/bloggar.se\/om\/bloggtr%E4ff\">bloggtr\u00e4ff<\/a>, <a rel=\"tag\" href=\"http:\/\/bloggar.se\/om\/ekonomi\">ekonomi<\/a>, <a rel=\"tag\" href=\"http:\/\/bloggar.se\/om\/debatt\">debatt<\/a>, <a rel=\"tag\" href=\"http:\/\/bloggar.se\/om\/Peter+Wallenberg\">Peter Wallenberg<\/a>, <a rel=\"tag\" href=\"http:\/\/bloggar.se\/om\/Poker\">Poker<\/a>, <a rel=\"tag\" href=\"http:\/\/bloggar.se\/om\/Handelskammare\">Handelskammare<\/a>, <a rel=\"tag\" href=\"http:\/\/bloggar.se\/om\/Stockholm\">Stockholm<\/a><\/p>\n","protected":false},"excerpt":{"rendered":"<p>Visste du att Peter Wallenberg junior kallas f\u00f6r Poker av sin familj? Det fick Kulturbloggen och ett tjugotal bloggare veta p\u00e5 onsdagskv\u00e4llen d\u00e5 vi var inbjudna till Stockholms Handelskammaren. Stockholms Handelskammare bjuder med j\u00e4mna mellanrum in journalister till presstr\u00e4ffar. Nu arrangerar de ett par tr\u00e4ffar f\u00f6r bloggare ocks\u00e5, allt f\u00f6r att f\u00e5 intryck fr\u00e5n olika [&hellip;]<\/p>\n","protected":false},"author":2,"featured_media":0,"comment_status":"open","ping_status":"open","sticky":false,"template":"","format":"standard","meta":{"_genesis_hide_title":false,"_genesis_hide_breadcrumbs":false,"_genesis_hide_singular_image":false,"_genesis_hide_footer_widgets":false,"_genesis_custom_body_class":"","_genesis_custom_post_class":"","_genesis_layout":"","footnotes":""},"categories":[20],"tags":[740,1191,1463],"class_list":{"0":"post-8227","1":"post","2":"type-post","3":"status-publish","4":"format-standard","6":"category-film","7":"tag-bloggtraff","8":"tag-debatt","9":"tag-ekonomi","10":"entry"},"_links":{"self":[{"href":"https:\/\/kulturbloggen.com\/index.php?rest_route=\/wp\/v2\/posts\/8227","targetHints":{"allow":["GET"]}}],"collection":[{"href":"https:\/\/kulturbloggen.com\/index.php?rest_route=\/wp\/v2\/posts"}],"about":[{"href":"https:\/\/kulturbloggen.com\/index.php?rest_route=\/wp\/v2\/types\/post"}],"author":[{"embeddable":true,"href":"https:\/\/kulturbloggen.com\/index.php?rest_route=\/wp\/v2\/users\/2"}],"replies":[{"embeddable":true,"href":"https:\/\/kulturbloggen.com\/index.php?rest_route=%2Fwp%2Fv2%2Fcomments&post=8227"}],"version-history":[{"count":0,"href":"https:\/\/kulturbloggen.com\/index.php?rest_route=\/wp\/v2\/posts\/8227\/revisions"}],"wp:attachment":[{"href":"https:\/\/kulturbloggen.com\/index.php?rest_route=%2Fwp%2Fv2%2Fmedia&parent=8227"}],"wp:term":[{"taxonomy":"category","embeddable":true,"href":"https:\/\/kulturbloggen.com\/index.php?rest_route=%2Fwp%2Fv2%2Fcategories&post=8227"},{"taxonomy":"post_tag","embeddable":true,"href":"https:\/\/kulturbloggen.com\/index.php?rest_route=%2Fwp%2Fv2%2Ftags&post=8227"}],"curies":[{"name":"wp","href":"https:\/\/api.w.org\/{rel}","templated":true}]}}