{"id":82239,"date":"2014-04-11T08:00:37","date_gmt":"2014-04-11T07:00:37","guid":{"rendered":"http:\/\/kulturbloggen.com\/?p=82239"},"modified":"2014-04-28T07:17:40","modified_gmt":"2014-04-28T06:17:40","slug":"skivrecension-faraker-borjan-pa-slutet","status":"publish","type":"post","link":"https:\/\/kulturbloggen.com\/?p=82239","title":{"rendered":"Skivrecension: Far\u00e5ker &#8211; B\u00f6rjan p\u00e5 slutet"},"content":{"rendered":"<p><a href=\"http:\/\/kulturbloggen.com\/wp-content\/uploads\/2014\/04\/faraker.jpg\"><img loading=\"lazy\" decoding=\"async\" class=\"aligncenter size-medium wp-image-82240\" src=\"http:\/\/kulturbloggen.com\/wp-content\/uploads\/2014\/04\/faraker-300x300.jpg\" alt=\"faraker\" width=\"300\" height=\"300\" srcset=\"https:\/\/kulturbloggen.com\/wp-content\/uploads\/2014\/04\/faraker-300x300.jpg 300w, https:\/\/kulturbloggen.com\/wp-content\/uploads\/2014\/04\/faraker-150x150.jpg 150w, https:\/\/kulturbloggen.com\/wp-content\/uploads\/2014\/04\/faraker.jpg 480w\" sizes=\"auto, (max-width: 300px) 100vw, 300px\" \/><\/a><\/p>\n<p><strong>Artist: Far\u00e5ker<br \/>\nTitel: B\u00f6rjan p\u00e5 slutet<br \/>\nBetyg: 5<\/strong><\/p>\n<p>F\u00f6rst av allt: det h\u00e4r \u00e4r ingen recension, det \u00e4r en direkt order. Ska du lyssna p\u00e5 ett enda svenskt album \u00e5r 2014 som det hittills sett ut ska du b\u00f6rja med <em>B\u00f6rjan p\u00e5 slutet<\/em>. Men det h\u00e4r \u00e4r snarare slutet p\u00e5 b\u00f6rjan, och det som f\u00f6ljer l\u00e4r knappast vara slutet.<\/p>\n<p>Olle Blomstr\u00f6m signalerade om n\u00e5got riktigt stort med albumets f\u00f6rtrupper; f\u00f6rst med <em>Ellinor<\/em> som blev sommarens finaste Ted G\u00e4rdestad-ballad f\u00f6rra \u00e5ret, och h\u00e4rf\u00f6rleden med f\u00f6rdr\u00f6jda uppf\u00f6ljaren och kamps\u00e5ngsrefr\u00e4ngade <em>Sista fajten<\/em>. Efter att ha h\u00f6rt samtliga sp\u00e5r p\u00e5 full\u00e4ngdsdebuten k\u00e4nner jag mig f\u00f6rvirrad. Vilka var det nu som var singlar? <em>St\u00e5 p\u00e5 t\u00e5<\/em> och <em>Allt faller<\/em>? <em>Zombiek\u00e4rlek<\/em> och <em>Paparazzi<\/em>? <em>Villa Dovre<\/em> och <em>Om<\/em>? Allt \u00e4r n\u00e4mligen lika helgjutet och minnesv\u00e4rt. Allt \u00e4r lika v\u00e4rt att vilja k\u00f6ra p\u00e5 repeat. Allt f\u00e5r mig att vilja sjunga och spela med fast jag inte kan alla orden och ackorden. \u00c4nnu, vill s\u00e4ga.<\/p>\n<p>Blomstr\u00f6m uttrycker det b\u00e4st sj\u00e4lv i n\u00e4mnda <em>St\u00e5 p\u00e5 t\u00e5<\/em>: \u201dJag st\u00e4ller mig p\u00e5 t\u00e5rna och skriker s\u00e5 h\u00f6gt jag kan att allting \u00e4r s\u00e5 j\u00e4vla braaaa!\u201d<\/p>\n<p>Jag har sett instrument som bockat och bugat f\u00f6r att f\u00e5 spela melodier som inte ens n\u00e5r upp till hakan p\u00e5 de h\u00e4r elva sp\u00e5ren. Jag har sett mikrofoner som gjort v\u00e5gen av att f\u00e5 ta emot ord som inte ens varit till h\u00e4lften s\u00e5 uppriktiga som i de h\u00e4r elva texterna. Nu f\u00e5r kung H\u00e5kan och alla andra urs\u00e4kta, f\u00f6r det h\u00e4r \u00e4r ett album som kan konkurrera med <em>\u2026Och stora havet<\/em> om att vara det b\u00e4sta i modern svensk tid. Vad titeln <em>B\u00f6rjan p\u00e5 slutet<\/em> betr\u00e4ffar hoppas jag innerligt att den inte alluderar till just Jakob Hellman, f\u00f6r blotta tanken p\u00e5 ett scenario d\u00e4r en s\u00e5 full\u00e4ndad debutant \u00e5nyo skulle dra sig tillbaka f\u00e5r mig att b\u00f6rja fundera \u00f6ver om det finns n\u00e5gon mening med n\u00e5got alls.<\/p>\n<p>Grammisjuryn kan strunta i att ta nomineringar i beaktande f\u00f6r vissa kategorier i \u00e5r. Det h\u00e4r \u00e4r facit.<\/p>\n<p>B\u00e4sta sp\u00e5r: Alla<\/p>\n<p><strong>Text: Tommy Juto<\/strong><\/p>\n<p><iframe loading=\"lazy\" src=\"\/\/www.youtube.com\/embed\/D4o7HI7K6Yk\" width=\"560\" height=\"315\" frameborder=\"0\" allowfullscreen=\"allowfullscreen\"><\/iframe><\/p>\n","protected":false},"excerpt":{"rendered":"<p>Artist: Far\u00e5ker Titel: B\u00f6rjan p\u00e5 slutet Betyg: 5 F\u00f6rst av allt: det h\u00e4r \u00e4r ingen recension, det \u00e4r en direkt order. Ska du lyssna p\u00e5 ett enda svenskt album \u00e5r 2014 som det hittills sett ut ska du b\u00f6rja med B\u00f6rjan p\u00e5 slutet. Men det h\u00e4r \u00e4r snarare slutet p\u00e5 b\u00f6rjan, och det som f\u00f6ljer [&hellip;]<\/p>\n","protected":false},"author":13,"featured_media":0,"comment_status":"open","ping_status":"open","sticky":false,"template":"","format":"standard","meta":{"_genesis_hide_title":false,"_genesis_hide_breadcrumbs":false,"_genesis_hide_singular_image":false,"_genesis_hide_footer_widgets":false,"_genesis_custom_body_class":"","_genesis_custom_post_class":"","_genesis_layout":"","footnotes":""},"categories":[7,22],"tags":[10896,10895],"class_list":{"0":"post-82239","1":"post","2":"type-post","3":"status-publish","4":"format-standard","6":"category-musik","7":"category-skivor","8":"tag-borjan-pa-slutet","9":"tag-faraker","10":"entry"},"_links":{"self":[{"href":"https:\/\/kulturbloggen.com\/index.php?rest_route=\/wp\/v2\/posts\/82239","targetHints":{"allow":["GET"]}}],"collection":[{"href":"https:\/\/kulturbloggen.com\/index.php?rest_route=\/wp\/v2\/posts"}],"about":[{"href":"https:\/\/kulturbloggen.com\/index.php?rest_route=\/wp\/v2\/types\/post"}],"author":[{"embeddable":true,"href":"https:\/\/kulturbloggen.com\/index.php?rest_route=\/wp\/v2\/users\/13"}],"replies":[{"embeddable":true,"href":"https:\/\/kulturbloggen.com\/index.php?rest_route=%2Fwp%2Fv2%2Fcomments&post=82239"}],"version-history":[{"count":2,"href":"https:\/\/kulturbloggen.com\/index.php?rest_route=\/wp\/v2\/posts\/82239\/revisions"}],"predecessor-version":[{"id":82664,"href":"https:\/\/kulturbloggen.com\/index.php?rest_route=\/wp\/v2\/posts\/82239\/revisions\/82664"}],"wp:attachment":[{"href":"https:\/\/kulturbloggen.com\/index.php?rest_route=%2Fwp%2Fv2%2Fmedia&parent=82239"}],"wp:term":[{"taxonomy":"category","embeddable":true,"href":"https:\/\/kulturbloggen.com\/index.php?rest_route=%2Fwp%2Fv2%2Fcategories&post=82239"},{"taxonomy":"post_tag","embeddable":true,"href":"https:\/\/kulturbloggen.com\/index.php?rest_route=%2Fwp%2Fv2%2Ftags&post=82239"}],"curies":[{"name":"wp","href":"https:\/\/api.w.org\/{rel}","templated":true}]}}