{"id":81597,"date":"2014-03-25T11:51:01","date_gmt":"2014-03-25T10:51:01","guid":{"rendered":"http:\/\/kulturbloggen.com\/?p=81597"},"modified":"2014-04-14T08:11:17","modified_gmt":"2014-04-14T07:11:17","slug":"kulturbloggen-moter-christopher-sander","status":"publish","type":"post","link":"https:\/\/kulturbloggen.com\/?p=81597","title":{"rendered":"Kulturbloggen m\u00f6ter Christopher Sander"},"content":{"rendered":"<p><a href=\"http:\/\/kulturbloggen.com\/wp-content\/uploads\/2014\/03\/sander.jpg\"><img loading=\"lazy\" decoding=\"async\" class=\"aligncenter size-medium wp-image-81599\" alt=\"sander\" src=\"http:\/\/kulturbloggen.com\/wp-content\/uploads\/2014\/03\/sander-300x228.jpg\" width=\"300\" height=\"228\" srcset=\"https:\/\/kulturbloggen.com\/wp-content\/uploads\/2014\/03\/sander-300x228.jpg 300w, https:\/\/kulturbloggen.com\/wp-content\/uploads\/2014\/03\/sander.jpg 591w\" sizes=\"auto, (max-width: 300px) 100vw, 300px\" \/><\/a><\/p>\n<p>Fem \u00e5r har g\u00e5tt sedan det att Christopher Sander sl\u00e4ppte sin f\u00f6rra soloskiva <em>Hej h\u00e5!,<\/em> och hans band Ingenting var aktuella med sitt tredjegiv\u00a0<em>Tomhet, idel tomhet<\/em>. Efter tystnaden \u00e4r han nu tillbaka med sitt andra soloalbum <em>Jorden var rund.<\/em>\u00a0Ett album som handlar om b\u00e5de politik och m\u00e4nskliga relationer, videon till <em>Kokong<\/em> har bland annat visats p\u00e5 Feministiskt initiativs hemsida. S\u00e5 h\u00e4r l\u00e4t det n\u00e4r Kulturbloggen m\u00f6tte upp honom inf\u00f6r skivsl\u00e4ppet.<\/p>\n<p><strong>En av l\u00e5tarna p\u00e5 nya albumet heter <em>Laurie and Lou<\/em>. Vilken inverkan skulle du s\u00e4ga att Lou Reed har haft p\u00e5 ditt musikskapande?<\/strong><\/p>\n<p>Jag fascineras av honom som ikon, men det \u00e4r inte s\u00e5 att jag njutit av hans musik de senaste trettio-fyrtio \u00e5ren \u2013 jag f\u00f6rs\u00f6kte gilla den h\u00e4r skivan han gjorde med Metallica men den var bara hemsk. Strax efter att han hade g\u00e5tt bort skrev Laurie Anderson en kr\u00f6nika i Rolling Stone om deras relation och det var en av de vackraste k\u00e4rleksf\u00f6rklaringarna jag l\u00e4st. Den var j\u00e4ttefin. Tv\u00e5 legender som kan verka ganska kyliga och distanserade, sedan f\u00e5r man ta del av deras vardagsliv \u2013 n\u00e4r hon skriver om hur de hade flugfiske som hobby \u2013 det kan man inte riktigt se framf\u00f6r sig. Att de m\u00f6ttes p\u00e5 n\u00e5gon teknikm\u00e4ssa utanf\u00f6r New York och n\u00f6rdade olika mikrofonmodeller och att de gjorde tai chi ihop. Jag har inte lyssnat j\u00e4ttemycket p\u00e5 Laurie Anderson, men jag har bland annat en skiva som heter <em>Big Science<\/em>\u00a0och det \u00e4r en l\u00e5t p\u00e5 den som heter <em>O Superman<\/em> som kanske \u00e4r hennes k\u00e4ndaste l\u00e5t. Den har en v\u00e4ldigt monoton ton som kommer hela tiden. S\u00e5 n\u00e4r en kille som heter Tomas Hallensten skulle l\u00e4gga dragspel p\u00e5 n\u00e5gra l\u00e5tar satt han mellan tagningarna och spelade p\u00e5 <em>Ljuvligt ljus<\/em> \u2013 d\u00e5 gjorde han n\u00e5gonting valsaktigt, men jag fr\u00e5gade om han inte kunde l\u00e4gga en s\u00e5dan d\u00e4r ton. Jag t\u00e4nkte att man kunde flirta lite med Laurie Anderson, s\u00e5 d\u00e5 gjorde han det p\u00e5 <em>Ljuvligt ljus<\/em>.<\/p>\n<p><strong>P\u00e5 <em>Ljuvligt ljus<\/em> sjunger du duett med Tuva Novotny som ocks\u00e5 regisserat videon till<em> Kokong<\/em>, som bland annat visats p\u00e5 Feministiskt initiativs hemsida. Hur var det att jobba med Tuva, och hur uppstod samarbetet med Fi?<\/strong><\/p>\n<p>Tuva och jag har h\u00e4ngt ihop till och fr\u00e5n sedan ton\u00e5ren. De senaste tio \u00e5ren har hon bott i K\u00f6penhamn, s\u00e5 nu ses vi inte lika mycket l\u00e4ngre, men det k\u00e4nns inte som att samarbeta med en k\u00e4ndis. Jag skulle spela in skivan i augusti och d\u00e5 var hon uppe h\u00e4r i Stockholm. Vi \u00e5kte runt i hennes bil, var uppe p\u00e5 klippor, jag tog med gitarren, vi spelade och sjung. D\u00e5 t\u00e4nkte jag att det skulle vara fint att g\u00f6ra n\u00e5gon l\u00e5t ihop. S\u00e5 jag \u00e5kte ner till K\u00f6penhamn och spelade in hennes s\u00e5ng d\u00e4r en dag. Sedan var det kul att hon ville g\u00f6ra en video \u2013 hon hade n\u00e5gra dagar \u00f6ver. N\u00e4r vi best\u00e4mde vad det skulle vara f\u00f6r tema p\u00e5 den s\u00e5 tyckte jag att det k\u00e4ndes sj\u00e4lvklart att fr\u00e5ga Fi om de ville anv\u00e4nda den. De hade h\u00f6rt av sig i samma veva eftersom de h\u00e5ller p\u00e5 att jobba p\u00e5 en samlingsskiva som de ska anv\u00e4nda som n\u00e5gon slags kampanjgrej i sommar, s\u00e5 d\u00e5 t\u00e4nkte jag att de kanske kunde g\u00f6ra n\u00e5got med den h\u00e4r videon. Jag gillar deras politik och p\u00e5 ett plan k\u00e4nns det lite tryggt att de som \u00e4r experter p\u00e5 s\u00e5dana h\u00e4r fr\u00e5gor godk\u00e4nt att man gjort en video med det h\u00e4r temat. Annars \u00e4r det alltid riskabelt att ge sig ut p\u00e5 en s\u00e5dan terr\u00e4ng.<\/p>\n<p><strong>Just att blanda politik och l\u00e5tskrivande?<\/strong><\/p>\n<p>Dels s\u00e5, men n\u00e4r det handlar om minoriteter och diskriminerade grupper \u00e4r det s\u00e5 l\u00e4tt att g\u00e5 snett. Det har ju varit m\u00e5nga debatter om barnb\u00f6cker. Det var en bok som hette <em>Lilla hj\u00e4rtat<\/em>. Det \u00e4r en j\u00e4ttegullig barnbok med barn fr\u00e5n olika etniciteter och s\u00e5 har hon m\u00e5lat det svarta barnet p\u00e5 ett s\u00e4tt som vissa svarta inte gillar. S\u00e5 hon har f\u00e5tt skit f\u00f6r det i efterhand.<\/p>\n<p><strong>\u00c4ven om intentionerna var goda&#8230;<\/strong><\/p>\n<p>S\u00e5 kan det bli s\u00e5 fel, f\u00f6r att man inte har referensramen. Jag t\u00e4nkte inte medvetet s\u00e5, men det k\u00e4ndes sk\u00f6nt i efterhand. Det var ganska modigt att g\u00f6ra en video med det temat \u2013 det finns m\u00e5nga f\u00e4llor \u2013 s\u00e5 det k\u00e4ndes bra att de godk\u00e4nde den.<\/p>\n<p><strong>Det har g\u00e5tt fem \u00e5r sedan det att du sl\u00e4ppte din f\u00f6rra soloskiva och Ingenting sl\u00e4ppte <em>Tomhet, idel tomhet<\/em>. Under den tiden har du f\u00e5tt barn, hur har det f\u00f6r\u00e4ndrat ditt perspektiv p\u00e5 tillvaron? \u00c4r det en stor omst\u00e4llning att sl\u00e4ppa en skiva nu om du j\u00e4mf\u00f6r med senast det begav sig?<\/strong><\/p>\n<p>Framf\u00f6r allt \u00e4r det en stor skillnad att g\u00f6ra det sj\u00e4lv. Vi spelade intensivt med bandet r\u00e4tt l\u00e4nge, sedan tog vi en paus och i den d\u00e4r pausen \u00e5kte keyboardisten iv\u00e4g p\u00e5 en v\u00e4rldsturn\u00e9 med Robyn och trummisen med First Aid Kit. D\u00e5 ins\u00e5g jag att de skulle bli borta ett tag, att vi inte skulle kunna g\u00f6ra n\u00e5gonting med bandet, s\u00e5 d\u00e5 gjorde jag n\u00e5got eget. Det \u00e4r en j\u00e4vligt stor skillnad att vara ensam med allting och inte dela det med kompisar. K\u00e4nslan av att man g\u00f6r allting ihop. F\u00f6r mig har musik alltid varit en social grej. Ett s\u00e4tt att f\u00e5 kompisar eller g\u00f6ra roliga saker med sina kompisar. Tr\u00e4ffa nytt folk. Jag har inte drivits av att jag gillar rampljuset, att jag vill att det ska riktas mot mig, s\u00e5 jag saknar det sociala i det. Och det \u00e4r v\u00e4rldens klyscha, men den k\u00e4nslan av att det finns n\u00e5gonting som jag tycker \u00e4r roligare och viktigare \u00e4n musiken \u2013 det har varit en s\u00e5dan otrolig passion och koncentration p\u00e5 att g\u00f6ra l\u00e5tar, s\u00e5 har det kommit n\u00e5gonting man tycker \u00e4r \u00e4nnu grymmare. Samtidigt \u00e4r det kul att det blev en till skiva, det var inte helt sj\u00e4lvklart.<\/p>\n<p><strong>Soundet har ett lite annorlunda anslag, s\u00e4ttet du sjunger k\u00e4nns lite varmare. Var det n\u00e5gonting du hade i \u00e5tanke n\u00e4r du b\u00f6rjade skriva de h\u00e4r l\u00e5tarna \u2013 att du var ute efter ett specifikt sound \u2013 eller var det n\u00e5gonting som kom naturligt?<\/strong><\/p>\n<p>L\u00e5tarna g\u00f6r jag alltid p\u00e5 samma s\u00e4tt, g\u00e5r runt och nynnar f\u00f6r mig sj\u00e4lv och d\u00e5 hamnar det ofta i en l\u00e4gre tonart vilket g\u00f6r att det k\u00e4nns lite mjukare och lite varmare. M\u00e5nga gillar att spetsa till det d\u00e4r s\u00e5 det blir lite mer edge, lite vassare och lite mer aggressivitet \u2013 med bandet bygger det ju mer p\u00e5 att man ska skapa energi. Jag tycker nog \u00e4nd\u00e5 att det \u00e4r ganska likt <em>Hej h\u00e5!<\/em>-skivan. Det \u00e4r ingen j\u00e4ttef\u00f6r\u00e4ndring, men j\u00e4mf\u00f6rt med hur det var f\u00f6rra g\u00e5ngen med Jari Haapalainen \u2013 f\u00f6r han ville dra upp s\u00e5ngen hela tiden s\u00e5 att jag skulle ligga p\u00e5 gr\u00e4nsen, s\u00e5 jag sa till honom att jag ville att det skulle var mer \u201dsom jag\u201d \u2013 s\u00e5 st\u00e4mmer det nog att det \u00e4r lite varmare. Vi har en l\u00e5t som heter <em>Lisa sa<\/em> med Ingenting \u2013 v\u00e4ldigt mycket flirt med Lou Reed f\u00f6rresten \u2013 som jag sjunger v\u00e4ldigt mjukt, i en ganska l\u00e5g tonart. Jag kommer ih\u00e5g n\u00e4r den skulle mixas, han som mixade tyckte det var sv\u00e5rt att f\u00e5 den r\u00f6sten att k\u00e4nnas angel\u00e4gen. Det kan uppfattas som sl\u00e4pigt eller apatiskt, men f\u00f6r mig l\u00e5ter det bara mjukt och h\u00e4rligt.<\/p>\n<p><strong>Kan det inte inge en viss effekt att sjunga apatiskt om man \u00e4r ute efter det?<\/strong><\/p>\n<p>Jo, absolut. Det kanske var fel ordval, men jag t\u00e4nkte just p\u00e5 att inte tappa nerven. Jari sammanfattade skivan i Sonic med att han tyckte att den var mognare men fortfarande hade nerv. Han var kanske skraj f\u00f6r att vi skulle tappa nerv n\u00e4r vi inte gjorde det s\u00e5d\u00e4r svenskt indie och skrikigt med knytn\u00e4ven i v\u00e4dret.<\/p>\n<p><strong>Albumet har en hel del politiska undertoner. Ut\u00f6ver det vi redan har sagt om minoriteter, tycker du som l\u00e5tskrivare att det finns n\u00e5gra sv\u00e5righeter att ge sig p\u00e5 att skriva om politik?<\/strong><\/p>\n<p>Jag har aldrig gillat band som skriver politisk musik. Du vet, n\u00e4r det \u00e4r \u00f6vertydligt. Man kan ju tycka att det finns en charm med vissa 70-talsband. Jag tycker det finns en fara i att skriva politiskt om man tappar det personliga. Om man tappar sig sj\u00e4lv i det och blir n\u00e5gon slags journalist. Den sortens politiska texter \u00e4r inte jag s\u00e5 pepp p\u00e5, sedan finns det de som g\u00f6r det grymt, Love Antell till exempel. Men jag gillar att beh\u00e5lla n\u00e5got som k\u00e4nns v\u00e4ldigt f\u00f6rankrat i mig f\u00f6r att det ska k\u00e4nnas riktigt. P\u00e5 n\u00e5got plan \u00e4r allting man g\u00f6r politiskt, men jag kanske t\u00e4nkte lite mer \u2013 f\u00f6r att motivera mig sj\u00e4lv \u2013 att jag ville ha n\u00e5gon sorts tydligare politik i det. Framf\u00f6r allt hade jag en id\u00e9 om att jag ville ta ned det till markniv\u00e5. <em>Tomhet, idel tomhet<\/em> inneh\u00f6ll mycket religi\u00f6st bildspr\u00e5k med kristna ord som far, pappa och himmel. Inom religionshistoria pratar man om att m\u00e4nniskan har haft en tendens att antingen s\u00f6ka sig upp mot himlen eller ner mot marken. F\u00f6rut var det mycket s\u00e5 att man tillbad moder jord och hela mamma-grejen. I och med kristendomen har man de senaste tv\u00e5tusen \u00e5ren gradvis s\u00f6kt sig upp mot himlen och tappat bort moder jord p\u00e5 v\u00e4gen. Jag ville att det h\u00e4r skulle bli en mamma-skiva. Om <em>Tomhet, idel tomhet<\/em> var en pappa-skiva s\u00e5 ville jag att det h\u00e4r skulle bli en mamma-skiva. D\u00e5 blev det naturligt att skriva l\u00e5tar om genusperspektiv och klimatkrisen, kopplat till m\u00e4nskliga relationer. Titelsp\u00e5ret k\u00e4nns v\u00e4ldigt politiskt \u2013 <em>Jorden var rund<\/em> \u2013 den \u00e4r socialrealistisk och tar upp klasskillnader, f\u00f6rort och l\u00e4ngtan d\u00e4rifr\u00e5n.<\/p>\n<p><strong>Varf\u00f6r d\u00f6pte du albumet till <em>Jorden var rund<\/em>?<\/strong><\/p>\n<p>Det mest sj\u00e4lvklara som alla m\u00e4nniskor skriver under p\u00e5, som man blir br\u00e4nd p\u00e5 b\u00e5l om man inte h\u00e5ller med om \u2013 det \u00e4r att jorden \u00e4r rund. F\u00f6r n\u00e5gra \u00e5r sedan n\u00e5dde jag en punkt d\u00e5 jag k\u00e4nde att alla s\u00e4tt att se p\u00e5 livet som jag tagit som sj\u00e4lvklara blev omkullkastade, s\u00e5 jag hade inte riktigt n\u00e5gon teori om v\u00e4rlden att h\u00e5lla fast mig i. Titeln f\u00f6rs\u00f6ker f\u00e5nga att inte ens det som vi tar f\u00f6r givet \u00e4r sant. Att vi hela tiden m\u00e5ste ha modet att ifr\u00e5gas\u00e4tta det mest sj\u00e4lvklara och vara \u00f6ppen f\u00f6r nya s\u00e4tt att se p\u00e5 saker.<\/p>\n<p><strong>Det g\u00e5r ju \u00e4ven att applicera p\u00e5 \u00f6ppningsraden i <em>Kokong<\/em>. F\u00f6rsta g\u00e5ngen jag h\u00f6rde den l\u00e5ten kom jag att t\u00e4nka p\u00e5 Sverigedemokraterna och hur de vill st\u00e4nga in sig i sin kokong.<\/strong><\/p>\n<p>Precis, jag hade faktiskt en id\u00e9 om att vi skulle g\u00f6ra en video med rasist-tema. Egentligen \u00e4r ju videon Tuva gjorde riktad mot det \u2013 r\u00e4dslan f\u00f6r det udda, det som inte \u00e4r som saker \u201dska\u201d vara. Det jag tycker \u00e4r h\u00e4ftigt med <em>Kokong<\/em> \u00e4r att den \u00e4r s\u00e5 dubbelbottnad. I ett tidigt stadium skrev jag den i jag-form, men det kan vara sv\u00e5rt att skriva i jag-form n\u00e4r det \u00e4r n\u00e5gon sorts krankhet i det s\u00e5 det blev du ist\u00e4llet.<\/p>\n<p><span style=\"font-family: Georgia, serif;\"><b>Jag har undrat mycket \u00f6ver vem du talar till n\u00e4r du sjunger \u201ddu kan lita p\u00e5 att att det du pekar p\u00e5, det kommer du att f\u00e5 men inte fr\u00e5n de gator som du springer p\u00e5\u201d.<\/b><\/span><\/p>\n<p><span style=\"font-family: Georgia, serif;\">Det \u00e4r det som \u00e4r s\u00e5 skumt med den l\u00e5ten. Verserna \u00e4r riktade mot n\u00e5gon som \u00e4r fast i ett s\u00e4tt att t\u00e4nka. Bryt dig ur den d\u00e4r f\u00e4llan. Tro inte att du m\u00e5ste leva i en My Little Pony-v\u00e4rld d\u00e4r allting \u00e4r s\u00e5 tryggt som det alltid har varit. Sedan i refr\u00e4ngen \u00e4r det som att man kan f\u00e5 det s\u00e5d\u00e4r tryggt. Den \u00e4r verkligen dubbelbottnad; den inger hopp, men s\u00e4ger samtidigt att hopp \u00e4r naivt. Det \u00e4r roligt n\u00e4r s\u00e5nger blir s\u00e5d\u00e4r. Inga paralleller i \u00f6vrigt, men <em>Dina h\u00e4nder \u00e4r fulla av blommor<\/em> hoppar rad f\u00f6r rad mellan tv\u00e5 ytterligheter. Det blir s\u00e4llan n\u00e5gonting jag planerar, det \u00e4r d\u00e4rf\u00f6r jag pratar om l\u00e5tarna som n\u00e5gon annan har gjort dem.\u00a0<\/span><\/p>\n<p><iframe loading=\"lazy\" src=\"\/\/www.youtube.com\/embed\/nVX3xwNqpyw\" height=\"315\" width=\"560\" allowfullscreen=\"\" frameborder=\"0\"><\/iframe><\/p>\n","protected":false},"excerpt":{"rendered":"<p>Fem \u00e5r har g\u00e5tt sedan det att Christopher Sander sl\u00e4ppte sin f\u00f6rra soloskiva Hej h\u00e5!, och hans band Ingenting var aktuella med sitt tredjegiv\u00a0Tomhet, idel tomhet. Efter tystnaden \u00e4r han nu tillbaka med sitt andra soloalbum Jorden var rund.\u00a0Ett album som handlar om b\u00e5de politik och m\u00e4nskliga relationer, videon till Kokong har bland annat visats [&hellip;]<\/p>\n","protected":false},"author":3,"featured_media":0,"comment_status":"open","ping_status":"open","sticky":false,"template":"","format":"standard","meta":{"_genesis_hide_title":false,"_genesis_hide_breadcrumbs":false,"_genesis_hide_singular_image":false,"_genesis_hide_footer_widgets":false,"_genesis_custom_body_class":"","_genesis_custom_post_class":"","_genesis_layout":"","footnotes":""},"categories":[5,7],"tags":[10639],"class_list":{"0":"post-81597","1":"post","2":"type-post","3":"status-publish","4":"format-standard","6":"category-intervju","7":"category-musik","8":"tag-christopher-sander","9":"entry"},"_links":{"self":[{"href":"https:\/\/kulturbloggen.com\/index.php?rest_route=\/wp\/v2\/posts\/81597","targetHints":{"allow":["GET"]}}],"collection":[{"href":"https:\/\/kulturbloggen.com\/index.php?rest_route=\/wp\/v2\/posts"}],"about":[{"href":"https:\/\/kulturbloggen.com\/index.php?rest_route=\/wp\/v2\/types\/post"}],"author":[{"embeddable":true,"href":"https:\/\/kulturbloggen.com\/index.php?rest_route=\/wp\/v2\/users\/3"}],"replies":[{"embeddable":true,"href":"https:\/\/kulturbloggen.com\/index.php?rest_route=%2Fwp%2Fv2%2Fcomments&post=81597"}],"version-history":[{"count":9,"href":"https:\/\/kulturbloggen.com\/index.php?rest_route=\/wp\/v2\/posts\/81597\/revisions"}],"predecessor-version":[{"id":81615,"href":"https:\/\/kulturbloggen.com\/index.php?rest_route=\/wp\/v2\/posts\/81597\/revisions\/81615"}],"wp:attachment":[{"href":"https:\/\/kulturbloggen.com\/index.php?rest_route=%2Fwp%2Fv2%2Fmedia&parent=81597"}],"wp:term":[{"taxonomy":"category","embeddable":true,"href":"https:\/\/kulturbloggen.com\/index.php?rest_route=%2Fwp%2Fv2%2Fcategories&post=81597"},{"taxonomy":"post_tag","embeddable":true,"href":"https:\/\/kulturbloggen.com\/index.php?rest_route=%2Fwp%2Fv2%2Ftags&post=81597"}],"curies":[{"name":"wp","href":"https:\/\/api.w.org\/{rel}","templated":true}]}}