{"id":81592,"date":"2014-03-25T09:25:06","date_gmt":"2014-03-25T08:25:06","guid":{"rendered":"http:\/\/kulturbloggen.com\/?p=81592"},"modified":"2014-03-25T09:25:06","modified_gmt":"2014-03-25T08:25:06","slug":"feministiskt-initiativ-gor-valskiva-med-bland-annat-robyn-the-knife-och-christopher-sander","status":"publish","type":"post","link":"https:\/\/kulturbloggen.com\/?p=81592","title":{"rendered":"Feministiskt initiativ g\u00f6r valskiva med bland annat Robyn, The Knife och Christopher Sander"},"content":{"rendered":"<p><a href=\"http:\/\/kulturbloggen.com\/wp-content\/uploads\/2014\/03\/fi.jpg\"><img loading=\"lazy\" decoding=\"async\" class=\"aligncenter size-medium wp-image-81593\" alt=\"fi\" src=\"http:\/\/kulturbloggen.com\/wp-content\/uploads\/2014\/03\/fi-300x300.jpg\" width=\"300\" height=\"300\" srcset=\"https:\/\/kulturbloggen.com\/wp-content\/uploads\/2014\/03\/fi-300x300.jpg 300w, https:\/\/kulturbloggen.com\/wp-content\/uploads\/2014\/03\/fi-150x150.jpg 150w, https:\/\/kulturbloggen.com\/wp-content\/uploads\/2014\/03\/fi.jpg 960w\" sizes=\"auto, (max-width: 300px) 100vw, 300px\" \/><\/a><\/p>\n<p>Robyn, The Knife, Christopher Sander och ett femtiotal andra artister \u00e4r med p\u00e5 Feministiskt initiativs valskiva som sl\u00e4pps i slutet av april.<\/p>\n<p><em>&#8211; Feministiskt initiativ g\u00e5r till val p\u00e5 mandatet att driva en feministisk och antirasistisk politik. Vi \u00e4r oerh\u00f6rt glada f\u00f6r att s\u00e5 m\u00e5nga artister och musiker st\u00e4ller sig bakom oss, just f\u00f6r att kultur och musik \u00e4r en s\u00e5 viktig del i ett demokratiskt samh\u00e4lle. Det \u00e4r i kulturen vi lever och utvecklas tillsammans med andra m\u00e4nniskor<\/em>, s\u00e4ger Sissela Nordling Blanco, talesperson och riksdagskandidat f\u00f6r Feministiskt initiativ.<\/p>\n<p>Med valskivan vill partiet lyfta kulturens b\u00e4rande roll i ett j\u00e4mst\u00e4llt och demokratiskt samh\u00e4lle. Artisterna har sj\u00e4lva f\u00e5tt v\u00e4lja vilken l\u00e5t de vill bidra med. Feministiskt initiativ har tagit emot den som en g\u00e5va. Skivan kommer ut i slutet av april b\u00e5de i digital form (Spotify och iTunes) och som dubbel-CD som kan k\u00f6pas i partiets webbshop och av andra distribut\u00f6rer.<\/p>\n<p><strong>Nedan kan du se musikvideon till <em>Kokong<\/em>, fr\u00e5n Christopher Sanders nya album <em>Jorden var rund<\/em>, som tidigare visats p\u00e5 Feministiskt initiativs hemsida:<\/strong><\/p>\n<p><iframe loading=\"lazy\" src=\"\/\/www.youtube.com\/embed\/nVX3xwNqpyw\" height=\"315\" width=\"560\" allowfullscreen=\"\" frameborder=\"0\"><\/iframe><\/p>\n","protected":false},"excerpt":{"rendered":"<p>Robyn, The Knife, Christopher Sander och ett femtiotal andra artister \u00e4r med p\u00e5 Feministiskt initiativs valskiva som sl\u00e4pps i slutet av april. &#8211; Feministiskt initiativ g\u00e5r till val p\u00e5 mandatet att driva en feministisk och antirasistisk politik. Vi \u00e4r oerh\u00f6rt glada f\u00f6r att s\u00e5 m\u00e5nga artister och musiker st\u00e4ller sig bakom oss, just f\u00f6r att [&hellip;]<\/p>\n","protected":false},"author":3,"featured_media":0,"comment_status":"open","ping_status":"open","sticky":false,"template":"","format":"standard","meta":{"_genesis_hide_title":false,"_genesis_hide_breadcrumbs":false,"_genesis_hide_singular_image":false,"_genesis_hide_footer_widgets":false,"_genesis_custom_body_class":"","_genesis_custom_post_class":"","_genesis_layout":"","footnotes":""},"categories":[7],"tags":[10639,10854,4791,5769],"class_list":{"0":"post-81592","1":"post","2":"type-post","3":"status-publish","4":"format-standard","6":"category-musik","7":"tag-christopher-sander","8":"tag-feministiskt-initiativ","9":"tag-robyn","10":"tag-the-knife","11":"entry"},"_links":{"self":[{"href":"https:\/\/kulturbloggen.com\/index.php?rest_route=\/wp\/v2\/posts\/81592","targetHints":{"allow":["GET"]}}],"collection":[{"href":"https:\/\/kulturbloggen.com\/index.php?rest_route=\/wp\/v2\/posts"}],"about":[{"href":"https:\/\/kulturbloggen.com\/index.php?rest_route=\/wp\/v2\/types\/post"}],"author":[{"embeddable":true,"href":"https:\/\/kulturbloggen.com\/index.php?rest_route=\/wp\/v2\/users\/3"}],"replies":[{"embeddable":true,"href":"https:\/\/kulturbloggen.com\/index.php?rest_route=%2Fwp%2Fv2%2Fcomments&post=81592"}],"version-history":[{"count":1,"href":"https:\/\/kulturbloggen.com\/index.php?rest_route=\/wp\/v2\/posts\/81592\/revisions"}],"predecessor-version":[{"id":81594,"href":"https:\/\/kulturbloggen.com\/index.php?rest_route=\/wp\/v2\/posts\/81592\/revisions\/81594"}],"wp:attachment":[{"href":"https:\/\/kulturbloggen.com\/index.php?rest_route=%2Fwp%2Fv2%2Fmedia&parent=81592"}],"wp:term":[{"taxonomy":"category","embeddable":true,"href":"https:\/\/kulturbloggen.com\/index.php?rest_route=%2Fwp%2Fv2%2Fcategories&post=81592"},{"taxonomy":"post_tag","embeddable":true,"href":"https:\/\/kulturbloggen.com\/index.php?rest_route=%2Fwp%2Fv2%2Ftags&post=81592"}],"curies":[{"name":"wp","href":"https:\/\/api.w.org\/{rel}","templated":true}]}}