{"id":81432,"date":"2014-03-20T22:23:40","date_gmt":"2014-03-20T21:23:40","guid":{"rendered":"http:\/\/kulturbloggen.com\/?p=81432"},"modified":"2014-03-20T22:23:40","modified_gmt":"2014-03-20T21:23:40","slug":"fka-twigs-och-future-islands-till-primavera-sound","status":"publish","type":"post","link":"https:\/\/kulturbloggen.com\/?p=81432","title":{"rendered":"FKA twigs och Future Islands till Primavera Sound"},"content":{"rendered":"<p><a href=\"http:\/\/kulturbloggen.com\/wp-content\/uploads\/2014\/03\/fkatwigs.jpg\"><img loading=\"lazy\" decoding=\"async\" class=\"aligncenter size-medium wp-image-81433\" alt=\"fkatwigs\" src=\"http:\/\/kulturbloggen.com\/wp-content\/uploads\/2014\/03\/fkatwigs-300x150.jpg\" width=\"300\" height=\"150\" srcset=\"https:\/\/kulturbloggen.com\/wp-content\/uploads\/2014\/03\/fkatwigs-300x150.jpg 300w, https:\/\/kulturbloggen.com\/wp-content\/uploads\/2014\/03\/fkatwigs.jpg 658w\" sizes=\"auto, (max-width: 300px) 100vw, 300px\" \/><\/a><\/p>\n<p>Ett tydligt v\u00e5rtecken \u00e4r att Primavera Sound b\u00f6rjar n\u00e4rma sig. Nu fyller Barcelonafestivalen, som g\u00e5r av stapeln mellan den 29 och den 31 maj, p\u00e5 sitt sp\u00e4ckade program p\u00e5 Parc del Forum med ytterligare tre guldkorn: FKA twigs, Future Islands och Girl Bands.<\/p>\n<p>Signad till Young Turks, London-labeln som bland annat gett ut The xx b\u00e5da album, sl\u00e4ppte den Gloucestershire-b\u00f6rdiga tjugofem\u00e5ringen \u2014 formerly known as Twigs \u2014 under f\u00f6rra \u00e5ret sin andra EP. Dessutom ackompanjeras hennes l\u00e5tar, vars sound ofta beskrivs som eterisk R&amp;B, med lika enigmatiska musikvideos.\u00a0Nedan kan du se henne framf\u00f6ra <em>Hide<\/em> i mayanska ruiner:<\/p>\n<p><iframe loading=\"lazy\" src=\"\/\/www.youtube.com\/embed\/vhSUh7tx9J4\" height=\"315\" width=\"560\" allowfullscreen=\"\" frameborder=\"0\"><\/iframe><\/p>\n","protected":false},"excerpt":{"rendered":"<p>Ett tydligt v\u00e5rtecken \u00e4r att Primavera Sound b\u00f6rjar n\u00e4rma sig. Nu fyller Barcelonafestivalen, som g\u00e5r av stapeln mellan den 29 och den 31 maj, p\u00e5 sitt sp\u00e4ckade program p\u00e5 Parc del Forum med ytterligare tre guldkorn: FKA twigs, Future Islands och Girl Bands. Signad till Young Turks, London-labeln som bland annat gett ut The xx [&hellip;]<\/p>\n","protected":false},"author":3,"featured_media":0,"comment_status":"open","ping_status":"open","sticky":false,"template":"","format":"standard","meta":{"_genesis_hide_title":false,"_genesis_hide_breadcrumbs":false,"_genesis_hide_singular_image":false,"_genesis_hide_footer_widgets":false,"_genesis_custom_body_class":"","_genesis_custom_post_class":"","_genesis_layout":"","footnotes":""},"categories":[7],"tags":[10617,8476,8137],"class_list":{"0":"post-81432","1":"post","2":"type-post","3":"status-publish","4":"format-standard","6":"category-musik","7":"tag-fka-twigs","8":"tag-future-islands","9":"tag-primavera-sound","10":"entry"},"_links":{"self":[{"href":"https:\/\/kulturbloggen.com\/index.php?rest_route=\/wp\/v2\/posts\/81432","targetHints":{"allow":["GET"]}}],"collection":[{"href":"https:\/\/kulturbloggen.com\/index.php?rest_route=\/wp\/v2\/posts"}],"about":[{"href":"https:\/\/kulturbloggen.com\/index.php?rest_route=\/wp\/v2\/types\/post"}],"author":[{"embeddable":true,"href":"https:\/\/kulturbloggen.com\/index.php?rest_route=\/wp\/v2\/users\/3"}],"replies":[{"embeddable":true,"href":"https:\/\/kulturbloggen.com\/index.php?rest_route=%2Fwp%2Fv2%2Fcomments&post=81432"}],"version-history":[{"count":1,"href":"https:\/\/kulturbloggen.com\/index.php?rest_route=\/wp\/v2\/posts\/81432\/revisions"}],"predecessor-version":[{"id":81434,"href":"https:\/\/kulturbloggen.com\/index.php?rest_route=\/wp\/v2\/posts\/81432\/revisions\/81434"}],"wp:attachment":[{"href":"https:\/\/kulturbloggen.com\/index.php?rest_route=%2Fwp%2Fv2%2Fmedia&parent=81432"}],"wp:term":[{"taxonomy":"category","embeddable":true,"href":"https:\/\/kulturbloggen.com\/index.php?rest_route=%2Fwp%2Fv2%2Fcategories&post=81432"},{"taxonomy":"post_tag","embeddable":true,"href":"https:\/\/kulturbloggen.com\/index.php?rest_route=%2Fwp%2Fv2%2Ftags&post=81432"}],"curies":[{"name":"wp","href":"https:\/\/api.w.org\/{rel}","templated":true}]}}