{"id":81371,"date":"2014-03-19T11:08:20","date_gmt":"2014-03-19T10:08:20","guid":{"rendered":"http:\/\/kulturbloggen.com\/?p=81371"},"modified":"2014-03-19T11:09:28","modified_gmt":"2014-03-19T10:09:28","slug":"lyssna-lykke-li-no-rest-for-the-wicked","status":"publish","type":"post","link":"https:\/\/kulturbloggen.com\/?p=81371","title":{"rendered":"Lyssna: Lykke Li &#8211; No Rest for the Wicked"},"content":{"rendered":"<p><a href=\"http:\/\/kulturbloggen.com\/wp-content\/uploads\/2014\/03\/lykkeli.jpg\"><img loading=\"lazy\" decoding=\"async\" class=\"aligncenter size-medium wp-image-81372\" alt=\"lykkeli\" src=\"http:\/\/kulturbloggen.com\/wp-content\/uploads\/2014\/03\/lykkeli-300x200.jpg\" width=\"300\" height=\"200\" srcset=\"https:\/\/kulturbloggen.com\/wp-content\/uploads\/2014\/03\/lykkeli-300x200.jpg 300w, https:\/\/kulturbloggen.com\/wp-content\/uploads\/2014\/03\/lykkeli.jpg 600w\" sizes=\"auto, (max-width: 300px) 100vw, 300px\" \/><\/a><\/p>\n<p>Lykke Li luftar \u00e4nnu ett smakprov fr\u00e5n kommande albumet. &#8221;I let my true love die&#8221; sjunger Lykke Li p\u00e5 <em>No Rest for the Wicked<\/em>, l\u00e5ten hon framf\u00f6rde p\u00e5 Skavlan f\u00f6rra veckan och som f\u00f6ljer upp <em><a href=\"https:\/\/www.youtube.com\/watch?v=D7iLERCEznI\">Love Me Like I&#8217;m Not Made of Stone<\/a>.\u00a0<\/em><\/p>\n<p>Hennes tredje full\u00e4ngdsalbum <em>I Never Learn<\/em> sl\u00e4pps den 5 maj, dessf\u00f6rinnan &#8212; den 24 april &#8212; spelar hon p\u00e5 Berns i Stockholm.<\/p>\n<p><strong>Lyssna p\u00e5 <em>No Rest for the Wicked<\/em> h\u00e4r nedan:<\/strong><\/p>\n<p><iframe loading=\"lazy\" src=\"\/\/www.youtube.com\/embed\/yZ9OJk9i4Kg\" height=\"315\" width=\"560\" allowfullscreen=\"\" frameborder=\"0\"><\/iframe><\/p>\n","protected":false},"excerpt":{"rendered":"<p>Lykke Li luftar \u00e4nnu ett smakprov fr\u00e5n kommande albumet. &#8221;I let my true love die&#8221; sjunger Lykke Li p\u00e5 No Rest for the Wicked, l\u00e5ten hon framf\u00f6rde p\u00e5 Skavlan f\u00f6rra veckan och som f\u00f6ljer upp Love Me Like I&#8217;m Not Made of Stone.\u00a0 Hennes tredje full\u00e4ngdsalbum I Never Learn sl\u00e4pps den 5 maj, dessf\u00f6rinnan &#8212; [&hellip;]<\/p>\n","protected":false},"author":3,"featured_media":0,"comment_status":"open","ping_status":"open","sticky":false,"template":"","format":"standard","meta":{"_genesis_hide_title":false,"_genesis_hide_breadcrumbs":false,"_genesis_hide_singular_image":false,"_genesis_hide_footer_widgets":false,"_genesis_custom_body_class":"","_genesis_custom_post_class":"","_genesis_layout":"","footnotes":""},"categories":[7],"tags":[3385,10825],"class_list":{"0":"post-81371","1":"post","2":"type-post","3":"status-publish","4":"format-standard","6":"category-musik","7":"tag-lykke-li","8":"tag-no-rest-for-the-wicked","9":"entry"},"_links":{"self":[{"href":"https:\/\/kulturbloggen.com\/index.php?rest_route=\/wp\/v2\/posts\/81371","targetHints":{"allow":["GET"]}}],"collection":[{"href":"https:\/\/kulturbloggen.com\/index.php?rest_route=\/wp\/v2\/posts"}],"about":[{"href":"https:\/\/kulturbloggen.com\/index.php?rest_route=\/wp\/v2\/types\/post"}],"author":[{"embeddable":true,"href":"https:\/\/kulturbloggen.com\/index.php?rest_route=\/wp\/v2\/users\/3"}],"replies":[{"embeddable":true,"href":"https:\/\/kulturbloggen.com\/index.php?rest_route=%2Fwp%2Fv2%2Fcomments&post=81371"}],"version-history":[{"count":3,"href":"https:\/\/kulturbloggen.com\/index.php?rest_route=\/wp\/v2\/posts\/81371\/revisions"}],"predecessor-version":[{"id":81375,"href":"https:\/\/kulturbloggen.com\/index.php?rest_route=\/wp\/v2\/posts\/81371\/revisions\/81375"}],"wp:attachment":[{"href":"https:\/\/kulturbloggen.com\/index.php?rest_route=%2Fwp%2Fv2%2Fmedia&parent=81371"}],"wp:term":[{"taxonomy":"category","embeddable":true,"href":"https:\/\/kulturbloggen.com\/index.php?rest_route=%2Fwp%2Fv2%2Fcategories&post=81371"},{"taxonomy":"post_tag","embeddable":true,"href":"https:\/\/kulturbloggen.com\/index.php?rest_route=%2Fwp%2Fv2%2Ftags&post=81371"}],"curies":[{"name":"wp","href":"https:\/\/api.w.org\/{rel}","templated":true}]}}