{"id":81335,"date":"2014-03-18T14:46:35","date_gmt":"2014-03-18T13:46:35","guid":{"rendered":"http:\/\/kulturbloggen.com\/?p=81335"},"modified":"2017-12-01T07:25:22","modified_gmt":"2017-12-01T06:25:22","slug":"filmpodcast-filmladan-8-trilogy-of-the-dead-zombiefilm-walking-dead","status":"publish","type":"post","link":"https:\/\/kulturbloggen.com\/?p=81335","title":{"rendered":"Filmpodcast: Filml\u00e5dan #8 &#8211; Trilogy of the Dead \/ Zombiefilm \/ Walking Dead"},"content":{"rendered":"<p style=\"text-align: justify;\"><a href=\"http:\/\/kulturbloggen.com\/wp-content\/uploads\/2014\/03\/filmladan8.jpg\"><img loading=\"lazy\" decoding=\"async\" class=\"size-medium wp-image-81342 alignleft\" alt=\"filmladan8\" src=\"http:\/\/kulturbloggen.com\/wp-content\/uploads\/2014\/03\/filmladan8-300x190.jpg\" width=\"300\" height=\"190\" srcset=\"https:\/\/kulturbloggen.com\/wp-content\/uploads\/2014\/03\/filmladan8-300x190.jpg 300w, https:\/\/kulturbloggen.com\/wp-content\/uploads\/2014\/03\/filmladan8.jpg 1024w\" sizes=\"auto, (max-width: 300px) 100vw, 300px\" \/><\/a><strong>Filml\u00e5dan<\/strong> \u00e5teruppst\u00e5r fr\u00e5n de d\u00f6da med ett specialavsnitt om zombies! <em>George A Romeros<\/em> &#8221;Dead&#8221;-trilogi plockas is\u00e4r s\u00e5 att blodet st\u00e4nker. Blod, gore och inre stridigheter utlovas (det enda som lyser med sin fr\u00e5nvaro \u00e4r <em>braaaaiins<\/em>&#8230;). Vem tycker vad och varf\u00f6r? Kan det vara den annalkande apokalypsen som st\u00e5r i farstun? Har konsumtionssamh\u00e4llet g\u00e5tt f\u00f6r l\u00e5ngt? Vem har Franz traumatiserat f\u00f6r livet? Vilken film borde d\u00f6pas om till &#8221;The Dream of the Dead&#8221;? Vem har r\u00e4tt? Har alla fel? No pain no brain?<\/p>\n<p style=\"text-align: justify;\">Dessutom: Andra zombiefilmer betas av med glittrande hunger, Franz och Magnus diskuterar <strong>The Walking Dead<\/strong>, Robert erk\u00e4nner vilken film som f\u00e5tt honom att gr\u00e5ta som ett barn flera g\u00e5nger och Mange ber\u00e4ttar om bisarro-festen till filmkatastrof &#8221;Burial Ground&#8221;.<\/p>\n<p>&#8221;-Eller s\u00e5 \u00e4r det du som \u00e4r v\u00e4ldigt f\u00f6rdomsfull mot Rednecks.&#8221;<br \/>\n&#8221;-M\u00e5 s\u00e5 vara, m\u00e5 s\u00e5 vara&#8221;<\/p>\n<p><strong>SPELSCHEMA<\/strong> (cirka)<br \/>\n00:00-06:03 <strong>Intro\/Allm\u00e4n diskussion om zombien som genre<\/strong><br \/>\n06:03-14:25 <strong>NIGHT OF THE LIVING DEAD<\/strong><br \/>\n14:25-26:50 <strong>DAWN OF THE DEAD<\/strong><br \/>\n26:50-40:07 <strong>DAY OF THE DEAD<\/strong><br \/>\n40:07-56:30 <strong>THE WALKING DEAD<\/strong><br \/>\n56:30-01:33:07 <strong>VAD VI HAR SETT<\/strong> [<em>Dawn of the dead (2002), Jurkyrkog\u00e5rden, Breakfast at Manchester Morgue, Burial Ground, Zombie 2, Shaun of the Dead, Zombieland, Birth of the Living Dead, La Horde, Here comes the Devil, The Bronies, Young @ Heart, J\u00f6nssonligan spelar h\u00f6gt, Du Levande, \u00c5tertr\u00e4ffen, The Secret Life of Walter Mitty<\/em>]<br \/>\n01:33:07-01:34:00 <strong>Avslutning<\/strong><\/p>\n<p><a href=\"http:\/\/traffic.libsyn.com\/filmladan\/avsnitt8.mp3\"><strong>LADDA NER SOM MP3<\/strong><\/a><br \/>\n.<br \/>\n.<br \/>\n.<br \/>\nL\u00e4nk till <a href=\"https:\/\/itunes.apple.com\/se\/podcast\/filmladan\/id731118441?l=en\">iTunes<\/a><br \/>\n.<br \/>\n.<br \/>\n<audio class=\"wp-audio-shortcode\" id=\"audio-81335-1\" preload=\"none\" style=\"width: 100%;\" controls=\"controls\"><source type=\"audio\/mpeg\" src=\"http:\/\/traffic.libsyn.com\/filmladan\/avsnitt8.mp3?_=1\" \/><a href=\"http:\/\/traffic.libsyn.com\/filmladan\/avsnitt8.mp3\">http:\/\/traffic.libsyn.com\/filmladan\/avsnitt8.mp3<\/a><\/audio><\/p>\n","protected":false},"excerpt":{"rendered":"<p>Filml\u00e5dan \u00e5teruppst\u00e5r fr\u00e5n de d\u00f6da med ett specialavsnitt om zombies! George A Romeros &#8221;Dead&#8221;-trilogi plockas is\u00e4r s\u00e5 att blodet st\u00e4nker. Blod, gore och inre stridigheter utlovas (det enda som lyser med sin fr\u00e5nvaro \u00e4r braaaaiins&#8230;). Vem tycker vad och varf\u00f6r? Kan det vara den annalkande apokalypsen som st\u00e5r i farstun? Har konsumtionssamh\u00e4llet g\u00e5tt f\u00f6r l\u00e5ngt? [&hellip;]<\/p>\n","protected":false},"author":13,"featured_media":0,"comment_status":"open","ping_status":"open","sticky":false,"template":"","format":"standard","meta":{"_genesis_hide_title":false,"_genesis_hide_breadcrumbs":false,"_genesis_hide_singular_image":false,"_genesis_hide_footer_widgets":false,"_genesis_custom_body_class":"","_genesis_custom_post_class":"","_genesis_layout":"","footnotes":""},"categories":[50],"tags":[6918],"class_list":{"0":"post-81335","1":"post","2":"type-post","3":"status-publish","4":"format-standard","6":"category-filmfilm","7":"tag-filmkronikan-2","8":"entry"},"_links":{"self":[{"href":"https:\/\/kulturbloggen.com\/index.php?rest_route=\/wp\/v2\/posts\/81335","targetHints":{"allow":["GET"]}}],"collection":[{"href":"https:\/\/kulturbloggen.com\/index.php?rest_route=\/wp\/v2\/posts"}],"about":[{"href":"https:\/\/kulturbloggen.com\/index.php?rest_route=\/wp\/v2\/types\/post"}],"author":[{"embeddable":true,"href":"https:\/\/kulturbloggen.com\/index.php?rest_route=\/wp\/v2\/users\/13"}],"replies":[{"embeddable":true,"href":"https:\/\/kulturbloggen.com\/index.php?rest_route=%2Fwp%2Fv2%2Fcomments&post=81335"}],"version-history":[{"count":10,"href":"https:\/\/kulturbloggen.com\/index.php?rest_route=\/wp\/v2\/posts\/81335\/revisions"}],"predecessor-version":[{"id":82448,"href":"https:\/\/kulturbloggen.com\/index.php?rest_route=\/wp\/v2\/posts\/81335\/revisions\/82448"}],"wp:attachment":[{"href":"https:\/\/kulturbloggen.com\/index.php?rest_route=%2Fwp%2Fv2%2Fmedia&parent=81335"}],"wp:term":[{"taxonomy":"category","embeddable":true,"href":"https:\/\/kulturbloggen.com\/index.php?rest_route=%2Fwp%2Fv2%2Fcategories&post=81335"},{"taxonomy":"post_tag","embeddable":true,"href":"https:\/\/kulturbloggen.com\/index.php?rest_route=%2Fwp%2Fv2%2Ftags&post=81335"}],"curies":[{"name":"wp","href":"https:\/\/api.w.org\/{rel}","templated":true}]}}