{"id":8120,"date":"2009-03-29T11:36:52","date_gmt":"2009-03-29T10:36:52","guid":{"rendered":"http:\/\/kulturbloggen.com\/?p=8120"},"modified":"2009-03-29T11:36:52","modified_gmt":"2009-03-29T10:36:52","slug":"ar-valdtakt-battre-om-det-sker-framifran-an-bakifran-apropa-kina-och-usa","status":"publish","type":"post","link":"https:\/\/kulturbloggen.com\/?p=8120","title":{"rendered":"\u00c4r v\u00e5ldt\u00e4kt b\u00e4ttre om det sker framifr\u00e5n \u00e4n bakifr\u00e5n? Aprop\u00e5 Kina och USA"},"content":{"rendered":"<p><img loading=\"lazy\" decoding=\"async\" src=\"http:\/\/sodergren.com\/kulturbloggen\/wp-content\/uploads\/2009\/03\/dodsstraff290.jpg\" alt=\"dodsstraff290\" title=\"dodsstraff290\" width=\"290\" height=\"200\" class=\"alignnone size-full wp-image-8124\" \/><br \/>\n\u00c4r v\u00e5ldt\u00e4kt b\u00e4ttre om det sker framifr\u00e5n \u00e4n bakifr\u00e5n? Eller blir en m\u00e4nniska mindre d\u00f6d f\u00f6r att den d\u00f6dats lugnt och raffinerat ist\u00e4llet f\u00f6r att skjutas ner av soldater?<br \/>\nKinas makthavare verkar uppenbarligen resonera s\u00e5 i alla fall.<br \/>\n<a href=\"http:\/\/www.aftonbladet.se\/nyheter\/article4766307.ab\">Enligt Aftonbladet<\/a> har Kina b\u00f6rjat avr\u00e4tta m\u00e4nniskor p\u00e5 l\u00f6pande band med avr\u00e4ttningsbussar.<br \/>\n<!--more--><\/p>\n<blockquote><p>Och argumentet ska d\u00e5 vara:De kinesiska myndigheterna tycker att d\u00f6dsbussarna \u00e4r ett civiliserat alternativ till de traditionella arkebuseringarna som utf\u00f6rs av soldater.<br \/>\n\u2013 Det h\u00e4r visar att Kina f\u00f6respr\u00e5kar m\u00e4nskliga r\u00e4ttigheter nu, s\u00e4ger Kang Zhongwen som designat bussarna.<\/p><\/blockquote>\n<p>Som extra osmaklig krydda finns det vidriga att kinesiska myndigheterna uppenbarligen ocks\u00e5 s\u00e4ljer de d\u00f6dade m\u00e4nniskornas organ f\u00f6r att tj\u00e4na pengar p\u00e5 dem.<\/p>\n<p>&#8221;Kina f\u00f6respr\u00e5kar m\u00e4nskliga r\u00e4ttigheter nu.&#8221; Konsten att vrida p\u00e5 begreppen och blanda samman korten.<\/p>\n<p>Jag f\u00f6rmodar att amerikanska beslutsfattare resonerat lika bakv\u00e4nt n\u00e4r de inr\u00e4ttat de metoder f\u00f6r att d\u00f6da m\u00e4nniskor som vissa delstater har d\u00e4r.<br \/>\nNej, v\u00e4rlden \u00e4r inte en civiliserad plats. S\u00e5 l\u00e4nge det finns d\u00f6dsstraff i n\u00e5got land \u00e4r v\u00e4rlden barbarisk. Ett land d\u00e4r staten d\u00f6dar kan inte p\u00e5 n\u00e5got s\u00e4tt g\u00f6ra anspr\u00e5k p\u00e5 att kallas civiliserat.<\/p>\n<p>Andra bloggar om: <a href=\"http:\/\/bloggar.se\/om\/d%F6dsstraff\" rel=\"tag\">d\u00f6dsstraff<\/a>, <a href=\"http:\/\/bloggar.se\/om\/Kina\" rel=\"tag\">Kina<\/a>, <a href=\"http:\/\/bloggar.se\/om\/USA\" rel=\"tag\">USA<\/a><\/p>\n<p><img loading=\"lazy\" decoding=\"async\" src=\"http:\/\/sodergren.com\/kulturbloggen\/wp-content\/uploads\/2009\/03\/dodsstraff600.jpg\" alt=\"dodsstraff600\" title=\"dodsstraff600\" width=\"600\" height=\"200\" class=\"alignnone size-full wp-image-8125\" \/><\/p>\n","protected":false},"excerpt":{"rendered":"<p>\u00c4r v\u00e5ldt\u00e4kt b\u00e4ttre om det sker framifr\u00e5n \u00e4n bakifr\u00e5n? Eller blir en m\u00e4nniska mindre d\u00f6d f\u00f6r att den d\u00f6dats lugnt och raffinerat ist\u00e4llet f\u00f6r att skjutas ner av soldater? Kinas makthavare verkar uppenbarligen resonera s\u00e5 i alla fall. Enligt Aftonbladet har Kina b\u00f6rjat avr\u00e4tta m\u00e4nniskor p\u00e5 l\u00f6pande band med avr\u00e4ttningsbussar.<\/p>\n","protected":false},"author":2,"featured_media":0,"comment_status":"open","ping_status":"open","sticky":false,"template":"","format":"standard","meta":{"_genesis_hide_title":false,"_genesis_hide_breadcrumbs":false,"_genesis_hide_singular_image":false,"_genesis_hide_footer_widgets":false,"_genesis_custom_body_class":"","_genesis_custom_post_class":"","_genesis_layout":"","footnotes":""},"categories":[44],"tags":[1429,2921,6129],"class_list":{"0":"post-8120","1":"post","2":"type-post","3":"status-publish","4":"format-standard","6":"category-chadie","7":"tag-dodsstraff","8":"tag-kina","9":"tag-usa","10":"entry"},"_links":{"self":[{"href":"https:\/\/kulturbloggen.com\/index.php?rest_route=\/wp\/v2\/posts\/8120","targetHints":{"allow":["GET"]}}],"collection":[{"href":"https:\/\/kulturbloggen.com\/index.php?rest_route=\/wp\/v2\/posts"}],"about":[{"href":"https:\/\/kulturbloggen.com\/index.php?rest_route=\/wp\/v2\/types\/post"}],"author":[{"embeddable":true,"href":"https:\/\/kulturbloggen.com\/index.php?rest_route=\/wp\/v2\/users\/2"}],"replies":[{"embeddable":true,"href":"https:\/\/kulturbloggen.com\/index.php?rest_route=%2Fwp%2Fv2%2Fcomments&post=8120"}],"version-history":[{"count":0,"href":"https:\/\/kulturbloggen.com\/index.php?rest_route=\/wp\/v2\/posts\/8120\/revisions"}],"wp:attachment":[{"href":"https:\/\/kulturbloggen.com\/index.php?rest_route=%2Fwp%2Fv2%2Fmedia&parent=8120"}],"wp:term":[{"taxonomy":"category","embeddable":true,"href":"https:\/\/kulturbloggen.com\/index.php?rest_route=%2Fwp%2Fv2%2Fcategories&post=8120"},{"taxonomy":"post_tag","embeddable":true,"href":"https:\/\/kulturbloggen.com\/index.php?rest_route=%2Fwp%2Fv2%2Ftags&post=8120"}],"curies":[{"name":"wp","href":"https:\/\/api.w.org\/{rel}","templated":true}]}}