{"id":80726,"date":"2014-02-25T18:29:12","date_gmt":"2014-02-25T16:29:12","guid":{"rendered":"http:\/\/kulturbloggen.com\/?p=80726"},"modified":"2014-02-25T18:29:35","modified_gmt":"2014-02-25T16:29:35","slug":"fka-twigs-och-inc-i-latsamarbete","status":"publish","type":"post","link":"https:\/\/kulturbloggen.com\/?p=80726","title":{"rendered":"FKA Twigs och inc. i l\u00e5tsamarbete"},"content":{"rendered":"<p><a href=\"http:\/\/kulturbloggen.com\/wp-content\/uploads\/2014\/02\/fka.jpg\"><img loading=\"lazy\" decoding=\"async\" class=\"aligncenter size-full wp-image-80727\" alt=\"fka\" src=\"http:\/\/kulturbloggen.com\/wp-content\/uploads\/2014\/02\/fka.jpg\" width=\"300\" height=\"250\" \/><\/a><\/p>\n<p>FKA Twigs och 4AD-bandet inc. samarbetar p\u00e5 en ny, obetitlad l\u00e5t. Den f\u00f6rstn\u00e4mnda var nominerad till BBC Sound of 2014 &#8212; och sl\u00e4ppte f\u00f6rra \u00e5ret en hyllad EP p\u00e5 Young Turks. Inc. best\u00e5r av br\u00f6derna Andrew och Daniel Aged och sl\u00e4ppte f\u00f6rra \u00e5ret sitt debutalbum <em>No World<\/em>.<\/p>\n<p><strong>Lyssna p\u00e5 l\u00e5ten h\u00e4r nedan:<\/strong><\/p>\n<p><iframe loading=\"lazy\" src=\"\/\/www.youtube.com\/embed\/AzWCo-Z_a50\" height=\"315\" width=\"560\" allowfullscreen=\"\" frameborder=\"0\"><\/iframe><\/p>\n","protected":false},"excerpt":{"rendered":"<p>FKA Twigs och 4AD-bandet inc. samarbetar p\u00e5 en ny, obetitlad l\u00e5t. Den f\u00f6rstn\u00e4mnda var nominerad till BBC Sound of 2014 &#8212; och sl\u00e4ppte f\u00f6rra \u00e5ret en hyllad EP p\u00e5 Young Turks. Inc. best\u00e5r av br\u00f6derna Andrew och Daniel Aged och sl\u00e4ppte f\u00f6rra \u00e5ret sitt debutalbum No World. Lyssna p\u00e5 l\u00e5ten h\u00e4r nedan:<\/p>\n","protected":false},"author":3,"featured_media":0,"comment_status":"open","ping_status":"open","sticky":false,"template":"","format":"standard","meta":{"_genesis_hide_title":false,"_genesis_hide_breadcrumbs":false,"_genesis_hide_singular_image":false,"_genesis_hide_footer_widgets":false,"_genesis_custom_body_class":"","_genesis_custom_post_class":"","_genesis_layout":"","footnotes":""},"categories":[7],"tags":[10617,8972],"class_list":{"0":"post-80726","1":"post","2":"type-post","3":"status-publish","4":"format-standard","6":"category-musik","7":"tag-fka-twigs","8":"tag-inc","9":"entry"},"_links":{"self":[{"href":"https:\/\/kulturbloggen.com\/index.php?rest_route=\/wp\/v2\/posts\/80726","targetHints":{"allow":["GET"]}}],"collection":[{"href":"https:\/\/kulturbloggen.com\/index.php?rest_route=\/wp\/v2\/posts"}],"about":[{"href":"https:\/\/kulturbloggen.com\/index.php?rest_route=\/wp\/v2\/types\/post"}],"author":[{"embeddable":true,"href":"https:\/\/kulturbloggen.com\/index.php?rest_route=\/wp\/v2\/users\/3"}],"replies":[{"embeddable":true,"href":"https:\/\/kulturbloggen.com\/index.php?rest_route=%2Fwp%2Fv2%2Fcomments&post=80726"}],"version-history":[{"count":2,"href":"https:\/\/kulturbloggen.com\/index.php?rest_route=\/wp\/v2\/posts\/80726\/revisions"}],"predecessor-version":[{"id":80729,"href":"https:\/\/kulturbloggen.com\/index.php?rest_route=\/wp\/v2\/posts\/80726\/revisions\/80729"}],"wp:attachment":[{"href":"https:\/\/kulturbloggen.com\/index.php?rest_route=%2Fwp%2Fv2%2Fmedia&parent=80726"}],"wp:term":[{"taxonomy":"category","embeddable":true,"href":"https:\/\/kulturbloggen.com\/index.php?rest_route=%2Fwp%2Fv2%2Fcategories&post=80726"},{"taxonomy":"post_tag","embeddable":true,"href":"https:\/\/kulturbloggen.com\/index.php?rest_route=%2Fwp%2Fv2%2Ftags&post=80726"}],"curies":[{"name":"wp","href":"https:\/\/api.w.org\/{rel}","templated":true}]}}