{"id":80721,"date":"2014-02-25T17:37:17","date_gmt":"2014-02-25T15:37:17","guid":{"rendered":"http:\/\/kulturbloggen.com\/?p=80721"},"modified":"2014-02-25T17:37:17","modified_gmt":"2014-02-25T15:37:17","slug":"sharon-van-etten-slapper-nya-albumet-are-we-there-i-maj","status":"publish","type":"post","link":"https:\/\/kulturbloggen.com\/?p=80721","title":{"rendered":"Sharon Van Etten sl\u00e4pper nya albumet &#8221;Are We There&#8221; i maj"},"content":{"rendered":"<p><a href=\"http:\/\/kulturbloggen.com\/wp-content\/uploads\/2014\/02\/sharon.jpg\"><img loading=\"lazy\" decoding=\"async\" class=\"aligncenter size-full wp-image-80722\" alt=\"sharon\" src=\"http:\/\/kulturbloggen.com\/wp-content\/uploads\/2014\/02\/sharon.jpg\" width=\"260\" height=\"260\" srcset=\"https:\/\/kulturbloggen.com\/wp-content\/uploads\/2014\/02\/sharon.jpg 260w, https:\/\/kulturbloggen.com\/wp-content\/uploads\/2014\/02\/sharon-150x150.jpg 150w\" sizes=\"auto, (max-width: 260px) 100vw, 260px\" \/><\/a><\/p>\n<p>Sharon Van Ettens nya album, som f\u00f6ljer upp 2012 \u00e5rs utm\u00e4rkta <em>Tramp<\/em>, heter <em>Are We There<\/em> och sl\u00e4pps den 27 maj. Albumet \u00e4r sj\u00e4lvproducerat och enligt ett pressmeddelande forts\u00e4tter hennes l\u00e5tskrivande utifr\u00e5n personliga erfarenheter behandla k\u00e4nslor som tomhet, f\u00f6rlust, r\u00e4dsla f\u00f6r f\u00f6r\u00e4ndring, \u00e5tr\u00e5, v\u00e4ntan och sj\u00e4lvl\u00e4kande. Albumet spelades in i hennes hemmastudio i New Jersey och kommer att inneh\u00e5lla f\u00f6ljande sp\u00e5r:<\/p>\n<p>1. Afraid of Nothing<br \/>\n2. Taking Chances<br \/>\n3. Your Love Is Killing Me<br \/>\n4. Our Love<br \/>\n5. Tarifa<br \/>\n6. I Love You But I\u2019m Lost<br \/>\n7. You Know Me Well<br \/>\n8. Break Me<br \/>\n9. Nothing Will Change<br \/>\n10. I Know<br \/>\n11. Every Time the Sun Comes Up<\/p>\n<p><strong>Nedan kan du se en albumtrailer samt ett akustiskt framf\u00f6rande av <em>Tarifa<\/em>:<\/strong><\/p>\n<p><iframe loading=\"lazy\" src=\"\/\/www.youtube.com\/embed\/CeMrf2OZQy8\" height=\"315\" width=\"560\" allowfullscreen=\"\" frameborder=\"0\"><\/iframe><\/p>\n<p><iframe loading=\"lazy\" src=\"\/\/www.youtube.com\/embed\/hsczXAVCF9o\" height=\"315\" width=\"560\" allowfullscreen=\"\" frameborder=\"0\"><\/iframe><\/p>\n","protected":false},"excerpt":{"rendered":"<p>Sharon Van Ettens nya album, som f\u00f6ljer upp 2012 \u00e5rs utm\u00e4rkta Tramp, heter Are We There och sl\u00e4pps den 27 maj. Albumet \u00e4r sj\u00e4lvproducerat och enligt ett pressmeddelande forts\u00e4tter hennes l\u00e5tskrivande utifr\u00e5n personliga erfarenheter behandla k\u00e4nslor som tomhet, f\u00f6rlust, r\u00e4dsla f\u00f6r f\u00f6r\u00e4ndring, \u00e5tr\u00e5, v\u00e4ntan och sj\u00e4lvl\u00e4kande. Albumet spelades in i hennes hemmastudio i New Jersey [&hellip;]<\/p>\n","protected":false},"author":3,"featured_media":0,"comment_status":"open","ping_status":"open","sticky":false,"template":"","format":"standard","meta":{"_genesis_hide_title":false,"_genesis_hide_breadcrumbs":false,"_genesis_hide_singular_image":false,"_genesis_hide_footer_widgets":false,"_genesis_custom_body_class":"","_genesis_custom_post_class":"","_genesis_layout":"","footnotes":""},"categories":[7],"tags":[10795,9295],"class_list":{"0":"post-80721","1":"post","2":"type-post","3":"status-publish","4":"format-standard","6":"category-musik","7":"tag-are-we-there","8":"tag-sharon-van-etten","9":"entry"},"_links":{"self":[{"href":"https:\/\/kulturbloggen.com\/index.php?rest_route=\/wp\/v2\/posts\/80721","targetHints":{"allow":["GET"]}}],"collection":[{"href":"https:\/\/kulturbloggen.com\/index.php?rest_route=\/wp\/v2\/posts"}],"about":[{"href":"https:\/\/kulturbloggen.com\/index.php?rest_route=\/wp\/v2\/types\/post"}],"author":[{"embeddable":true,"href":"https:\/\/kulturbloggen.com\/index.php?rest_route=\/wp\/v2\/users\/3"}],"replies":[{"embeddable":true,"href":"https:\/\/kulturbloggen.com\/index.php?rest_route=%2Fwp%2Fv2%2Fcomments&post=80721"}],"version-history":[{"count":1,"href":"https:\/\/kulturbloggen.com\/index.php?rest_route=\/wp\/v2\/posts\/80721\/revisions"}],"predecessor-version":[{"id":80723,"href":"https:\/\/kulturbloggen.com\/index.php?rest_route=\/wp\/v2\/posts\/80721\/revisions\/80723"}],"wp:attachment":[{"href":"https:\/\/kulturbloggen.com\/index.php?rest_route=%2Fwp%2Fv2%2Fmedia&parent=80721"}],"wp:term":[{"taxonomy":"category","embeddable":true,"href":"https:\/\/kulturbloggen.com\/index.php?rest_route=%2Fwp%2Fv2%2Fcategories&post=80721"},{"taxonomy":"post_tag","embeddable":true,"href":"https:\/\/kulturbloggen.com\/index.php?rest_route=%2Fwp%2Fv2%2Ftags&post=80721"}],"curies":[{"name":"wp","href":"https:\/\/api.w.org\/{rel}","templated":true}]}}