{"id":8032,"date":"2009-03-27T14:08:20","date_gmt":"2009-03-27T13:08:20","guid":{"rendered":"http:\/\/kulturbloggen.com\/?p=8032"},"modified":"2009-03-27T14:08:20","modified_gmt":"2009-03-27T13:08:20","slug":"jcvd-det-ar-synd-om-manniskorna","status":"publish","type":"post","link":"https:\/\/kulturbloggen.com\/?p=8032","title":{"rendered":"JCVD &#8211; Det \u00e4r synd om m\u00e4nniskorna"},"content":{"rendered":"<p><img loading=\"lazy\" decoding=\"async\" src=\"http:\/\/sodergren.com\/kulturbloggen\/wp-content\/uploads\/2009\/03\/jcvdofficial290.jpg\" alt=\"jcvdofficial290\" title=\"jcvdofficial290\" width=\"290\" height=\"200\" class=\"alignnone size-full wp-image-8033\" \/><br \/>\nJag och Jean-Claude van Damme har under \u00e5rens lopp f\u00f6ljt varandra, n\u00e4r jag f\u00f6r f\u00f6rsta g\u00e5ngen s\u00e5g Black Eagle och Kickboxer var jag fast.<\/p>\n<p>Under 80-talet fanns det flera actionhj\u00e4ltar, visst fanns Arnie och Stallone, men f\u00f6r oss som gillar kampsport var Jean Claude van Damme den st\u00f6rste. Mannen som b\u00e5de kan g\u00e5 ner i split och spagat och har den snyggaste rundsparken i filmhistorien. Diskussionerna var o\u00e4ndliga p\u00e5 skolg\u00e5rden n\u00e4r jag v\u00e4xte upp vem som var b\u00e4st &#8211; Steven Seagal eller Jean- Claude van Damme.<br \/>\n<!--more--><br \/>\nDet \u00e4r inte heller m\u00e5nga har ett eget ord p\u00e5 engelska f\u00f6r r\u00e5stryk: vandammage<\/p>\n<p>Filmen JCVD, som f\u00e5r r\u00e4knas som en tragisk komedi, b\u00f6rjar med att van Damme \u00e5ker hem till Belgien igen f\u00f6r att ta semester fr\u00e5n alla problem med v\u00e5rdnadstvister och filminspelningar.<\/p>\n<p>Hemma i USA ligger van Damme i en v\u00e5rdnadstvist med exfrun om den gemensamma dottern. I en av de roligaste scenerna i filmen har motst\u00e5ndaradvokaten med sig en meterh\u00f6g radda av van Damme-filmer. Och n\u00e4r han p\u00e5 advokatman\u00e9r f\u00f6rklarar hans ol\u00e4mplighet som far, n\u00e4r man g\u00f6r den h\u00e4r sortens filmer och b\u00f6rjar r\u00e4kna upp alla brutala bossfights, f\u00f6rst\u00e5r vi att det \u00e4r k\u00f6rt.<\/p>\n<p>V\u00e4l framme i Belgien beh\u00f6ver han g\u00e5 till banken f\u00f6r att ta ut pengar. I banken hamnar han mitt i ett gisslandrama som kommer ha oanade konsekvenser f\u00f6r alla inblandade. Det \u00e4r h\u00e4r som metaparodin tar sin b\u00f6rjan med ett gisslandrama, bredk\u00e4ftade filmagenter och advokatbekymmer. Samtidigt f\u00f6rbereder sig polisen att s\u00e4nda in insatsstyrkan.<\/p>\n<p>JCVD visar en g\u00e5ng f\u00f6r alla att om van Damme n\u00e4r har ett bra manus att arbeta med s\u00e5 kan han. Synd bara att det skulle dr\u00f6ja s\u00e5 m\u00e5nga \u00e5r innan han fick chansen. En av v\u00e5rens roligaste filmer med en god portion sj\u00e4lvdistans.<\/p>\n<p><strong>Av Alexander Sanchez<\/strong><\/p>\n<p><object width=\"425\" height=\"344\"><param name=\"movie\" value=\"http:\/\/www.youtube.com\/v\/4z_6UfkQ-c0&#038;hl=sv&#038;fs=1\"><\/param><param name=\"allowFullScreen\" value=\"true\"><\/param><param name=\"allowscriptaccess\" value=\"always\"><\/param><embed src=\"http:\/\/www.youtube.com\/v\/4z_6UfkQ-c0&#038;hl=sv&#038;fs=1\" type=\"application\/x-shockwave-flash\" allowscriptaccess=\"always\" allowfullscreen=\"true\" width=\"425\" height=\"344\"><\/embed><\/object><\/p>\n<p>Andra bloggar om: <a href=\"http:\/\/bloggar.se\/om\/film\" rel=\"tag\">film<\/a>, <a href=\"http:\/\/bloggar.se\/om\/trailer\" rel=\"tag\">trailer<\/a>, <a href=\"http:\/\/bloggar.se\/om\/kampsport\" rel=\"tag\">kampsport<\/a>, <a href=\"http:\/\/bloggar.se\/om\/recension\" rel=\"tag\">recension<\/a>, <a href=\"http:\/\/bloggar.se\/om\/JCVD\" rel=\"tag\">JCVD<\/a>, <a href=\"http:\/\/bloggar.se\/om\/Jean+Claude+van+Damme\" rel=\"tag\">Jean Claude van Damme<\/a><\/p>\n<p>Relaterat: <a href=\"http:\/\/dn.se\/kultur-noje\/filmrecensioner\/jcvd-1.831995\">Dagens Nyheter<\/a> och <a href=\"http:\/\/www.svd.se\/kulturnoje\/film\/artikel_2651459.svd\">Svenska Dagbladet.<\/a><\/p>\n","protected":false},"excerpt":{"rendered":"<p>Jag och Jean-Claude van Damme har under \u00e5rens lopp f\u00f6ljt varandra, n\u00e4r jag f\u00f6r f\u00f6rsta g\u00e5ngen s\u00e5g Black Eagle och Kickboxer var jag fast. Under 80-talet fanns det flera actionhj\u00e4ltar, visst fanns Arnie och Stallone, men f\u00f6r oss som gillar kampsport var Jean Claude van Damme den st\u00f6rste. Mannen som b\u00e5de kan g\u00e5 ner i [&hellip;]<\/p>\n","protected":false},"author":13,"featured_media":0,"comment_status":"open","ping_status":"open","sticky":false,"template":"","format":"standard","meta":{"_genesis_hide_title":false,"_genesis_hide_breadcrumbs":false,"_genesis_hide_singular_image":false,"_genesis_hide_footer_widgets":false,"_genesis_custom_body_class":"","_genesis_custom_post_class":"","_genesis_layout":"","footnotes":""},"categories":[51,16],"tags":[2848,12285,12286,5939],"class_list":{"0":"post-8032","1":"post","2":"type-post","3":"status-publish","4":"format-standard","6":"category-filmer","7":"category-recension","8":"tag-kampsport","9":"tag-recension","10":"tag-film","11":"tag-trailer","12":"entry"},"_links":{"self":[{"href":"https:\/\/kulturbloggen.com\/index.php?rest_route=\/wp\/v2\/posts\/8032","targetHints":{"allow":["GET"]}}],"collection":[{"href":"https:\/\/kulturbloggen.com\/index.php?rest_route=\/wp\/v2\/posts"}],"about":[{"href":"https:\/\/kulturbloggen.com\/index.php?rest_route=\/wp\/v2\/types\/post"}],"author":[{"embeddable":true,"href":"https:\/\/kulturbloggen.com\/index.php?rest_route=\/wp\/v2\/users\/13"}],"replies":[{"embeddable":true,"href":"https:\/\/kulturbloggen.com\/index.php?rest_route=%2Fwp%2Fv2%2Fcomments&post=8032"}],"version-history":[{"count":0,"href":"https:\/\/kulturbloggen.com\/index.php?rest_route=\/wp\/v2\/posts\/8032\/revisions"}],"wp:attachment":[{"href":"https:\/\/kulturbloggen.com\/index.php?rest_route=%2Fwp%2Fv2%2Fmedia&parent=8032"}],"wp:term":[{"taxonomy":"category","embeddable":true,"href":"https:\/\/kulturbloggen.com\/index.php?rest_route=%2Fwp%2Fv2%2Fcategories&post=8032"},{"taxonomy":"post_tag","embeddable":true,"href":"https:\/\/kulturbloggen.com\/index.php?rest_route=%2Fwp%2Fv2%2Ftags&post=8032"}],"curies":[{"name":"wp","href":"https:\/\/api.w.org\/{rel}","templated":true}]}}