{"id":7945,"date":"2009-03-23T08:54:53","date_gmt":"2009-03-23T07:54:53","guid":{"rendered":"http:\/\/kulturbloggen.com\/?p=7945"},"modified":"2009-03-23T08:54:53","modified_gmt":"2009-03-23T07:54:53","slug":"anders-nunstedts-text-om-bob-dylan-ar-som-en-riktigt-dalig-sportartikel","status":"publish","type":"post","link":"https:\/\/kulturbloggen.com\/?p=7945","title":{"rendered":"Anders Nunstedts text om Bob Dylan \u00e4r som en riktigt d\u00e5lig sportartikel"},"content":{"rendered":"<p><img loading=\"lazy\" decoding=\"async\" src=\"http:\/\/sodergren.com\/kulturbloggen\/wp-content\/uploads\/2009\/03\/bobdylan290.jpg\" alt=\"bobdylan290\" title=\"bobdylan290\" width=\"290\" height=\"200\" class=\"alignnone size-full wp-image-7486\" \/><br \/>\nExpressens Anders Nunstedt har publicerat en text d\u00e4r han skriver att han tycker att Bob Dylans konsert \u00e4r j\u00e4mntjock. Det st\u00e5r honom fritt att tycka. Men det hade varit trevligt att veta ungef\u00e4r var konserten gick. Var det i Sverige? I London? Platsen st\u00e5r inte n\u00e4mnd n\u00e5gonstans i texten.<br \/>\nDet \u00e4r som en s\u00e5dan d\u00e4r riktigt d\u00e5lig sportartikel d\u00e4r sportjournalisten tar f\u00f6r givet att alla l\u00e4sare vet vilken sport och match det handlar om.<br \/>\n<!--more--><br \/>\nMen kan inte n\u00e5gon upplysa Nunstedt om hur Internet fungerar. Texten kommer att finnas kvar om ett \u00e5r ocks\u00e5. Kanske \u00e4r Bob Dylan p\u00e5 en ny turn\u00e9 d\u00e5 och n\u00e5gon googlar p\u00e5 Europaturn\u00e9 och Dylan och f\u00e5r upp Nunstedts text.<br \/>\nDessutom har det ju h\u00e4nt f\u00f6rr att svenska musikjournalister \u00e5ker till premi\u00e4rkonserten p\u00e5 stora artisters turn\u00e9er \u00e4ven om den premi\u00e4ren \u00e4r utomlands.<\/p>\n<p>Hur ska vi veta att Nunstedt skriver om spelning p\u00e5 Berns s\u00f6ndagskv\u00e4llen den 22 mars? Jag vet inte om det \u00e4r den konserten han varit p\u00e5 eller om det \u00e4r n\u00e5gon helt annan. Jag gissar att det \u00e4r Bernsspelningen, men jag vet inte s\u00e4kert.<\/p>\n<p><a href=\"http:\/\/stockholm.expressen.se\/nyheter\/1.1507754\/jamntjockt-och-trogt-mest-som-ett-genrep\">S\u00e5 h\u00e4r skriver Nunstedt<\/a>:<\/p>\n<blockquote><p>Det \u00e4r premi\u00e4r f\u00f6r Europaturn\u00e9n. Salongen \u00e4r fullpackad och st\u00e4mningen \u00e4r n\u00e4rmast elektrisk.<br \/>\nSedan g\u00e5r Bob Dylan och hans band upp p\u00e5 scenen.<br \/>\nDet \u00e4r mycket m\u00f6jligt, till och med troligt, att Dylan trycker gaspedalen i botten fr\u00e5n f\u00f6rsta b\u00f6rjan. Men i s\u00e5 fall \u00e4r det en golfbil han rattar.<br \/>\nDet \u00e4r en spelning s\u00e5 tr\u00f6g, s\u00e5 j\u00e4mntjock och s\u00e5 f\u00f6rbluffande bekant att man blir m\u00e4tt och matt p\u00e5 samma g\u00e5ng.<\/p><\/blockquote>\n<p>Och  som sagt, vilken konsert det handlar om, det vet inte jag. Men det kanske \u00e4r s\u00e5 i Expressens v\u00e4rld att om vi inte vet allt i f\u00f6rv\u00e4g f\u00e5r vi skylla oss sj\u00e4vla. De kanske inte skriver f\u00f6r alla utan bara f\u00f6r de redan helt insatta.<\/p>\n<p>Relaterat:<br \/>\n<a href=\"http:\/\/www.aftonbladet.se\/nojesbladet\/musik\/live\/article4709582.ab\">Men Aftonbladet har en recensio<\/a>n d\u00e4r det tydligt st\u00e5r att det handlar om spelningen p\u00e5 Berns i alla fall. Ja, AB har v\u00e4l fattat mer hur Internet fungerar.<\/p>\n","protected":false},"excerpt":{"rendered":"<p>Expressens Anders Nunstedt har publicerat en text d\u00e4r han skriver att han tycker att Bob Dylans konsert \u00e4r j\u00e4mntjock. Det st\u00e5r honom fritt att tycka. Men det hade varit trevligt att veta ungef\u00e4r var konserten gick. Var det i Sverige? I London? Platsen st\u00e5r inte n\u00e4mnd n\u00e5gonstans i texten. Det \u00e4r som en s\u00e5dan d\u00e4r [&hellip;]<\/p>\n","protected":false},"author":13,"featured_media":0,"comment_status":"open","ping_status":"open","sticky":false,"template":"","format":"standard","meta":{"_genesis_hide_title":false,"_genesis_hide_breadcrumbs":false,"_genesis_hide_singular_image":false,"_genesis_hide_footer_widgets":false,"_genesis_custom_body_class":"","_genesis_custom_post_class":"","_genesis_layout":"","footnotes":""},"categories":[20],"tags":[1620,3004,3582],"class_list":{"0":"post-7945","1":"post","2":"type-post","3":"status-publish","4":"format-standard","6":"category-film","7":"tag-expressen","8":"tag-konserter","9":"tag-medier","10":"entry"},"_links":{"self":[{"href":"https:\/\/kulturbloggen.com\/index.php?rest_route=\/wp\/v2\/posts\/7945","targetHints":{"allow":["GET"]}}],"collection":[{"href":"https:\/\/kulturbloggen.com\/index.php?rest_route=\/wp\/v2\/posts"}],"about":[{"href":"https:\/\/kulturbloggen.com\/index.php?rest_route=\/wp\/v2\/types\/post"}],"author":[{"embeddable":true,"href":"https:\/\/kulturbloggen.com\/index.php?rest_route=\/wp\/v2\/users\/13"}],"replies":[{"embeddable":true,"href":"https:\/\/kulturbloggen.com\/index.php?rest_route=%2Fwp%2Fv2%2Fcomments&post=7945"}],"version-history":[{"count":0,"href":"https:\/\/kulturbloggen.com\/index.php?rest_route=\/wp\/v2\/posts\/7945\/revisions"}],"wp:attachment":[{"href":"https:\/\/kulturbloggen.com\/index.php?rest_route=%2Fwp%2Fv2%2Fmedia&parent=7945"}],"wp:term":[{"taxonomy":"category","embeddable":true,"href":"https:\/\/kulturbloggen.com\/index.php?rest_route=%2Fwp%2Fv2%2Fcategories&post=7945"},{"taxonomy":"post_tag","embeddable":true,"href":"https:\/\/kulturbloggen.com\/index.php?rest_route=%2Fwp%2Fv2%2Ftags&post=7945"}],"curies":[{"name":"wp","href":"https:\/\/api.w.org\/{rel}","templated":true}]}}