{"id":79440,"date":"2014-01-23T16:37:28","date_gmt":"2014-01-23T14:37:28","guid":{"rendered":"http:\/\/kulturbloggen.com\/?p=79440"},"modified":"2014-01-23T16:37:28","modified_gmt":"2014-01-23T14:37:28","slug":"manic-street-preachers-till-stockholm-i-maj","status":"publish","type":"post","link":"https:\/\/kulturbloggen.com\/?p=79440","title":{"rendered":"Manic Street Preachers till Stockholm i maj"},"content":{"rendered":"<p><a href=\"http:\/\/kulturbloggen.com\/wp-content\/uploads\/2014\/01\/manicjpg.jpg\"><img loading=\"lazy\" decoding=\"async\" class=\"aligncenter size-medium wp-image-79441\" alt=\"manicjpg\" src=\"http:\/\/kulturbloggen.com\/wp-content\/uploads\/2014\/01\/manicjpg-300x200.jpg\" width=\"300\" height=\"200\" srcset=\"https:\/\/kulturbloggen.com\/wp-content\/uploads\/2014\/01\/manicjpg-300x200.jpg 300w, https:\/\/kulturbloggen.com\/wp-content\/uploads\/2014\/01\/manicjpg.jpg 600w\" sizes=\"auto, (max-width: 300px) 100vw, 300px\" \/><\/a><\/p>\n<p>Den 11 maj kommer det walesiska alternativrock-bandet Manic Street Preachers till Stockholm f\u00f6r att inta scenen p\u00e5 Berns. Turn\u00e9n f\u00f6ljer upp bandets elfte studioalbum <em>Rewind the Film<\/em> som gavs ut i h\u00f6stas. S\u00e5 h\u00e4r skriver Live Nation i ett pressmeddelande:<\/p>\n<blockquote><p><em>&#8221;The Manics \u00e4r inga duvungar. De bildades hemma i Blackwood i Wales redan 1986. Med sin n\u00e5got androgyna framtoning och politiska texter byggde de snabbt upp en h\u00e4ngiven publik och kultstatus.<\/em><\/p>\n<p><em>1998 sl\u00e4ppte Manic Street Preachers albumet &#8217;This is My Truth Tell Me Yours&#8217; och med detta n\u00e5dde de en helt ny niv\u00e5 av storhet och slog igenom p\u00e5 bred front i hela v\u00e4rlden. Med l\u00e5tar som &#8217;If You Tolerate This Your Children Will Be Next&#8217; och &#8217;You Stole the Sun from My Heart&#8217; fr\u00e5n detta albumet \u00e4r bandet f\u00f6r alltid inskrivna i rockhistorien som ett av de st\u00f6rsta.<\/em><\/p>\n<p><em>F\u00f6rra \u00e5ret sl\u00e4ppte de sitt elfte album &#8217;Rewind the Film&#8217; som har f\u00e5tt n\u00e5gra av deras b\u00e4sta recensioner n\u00e5gonsin, och som en f\u00f6ljd p\u00e5 detta \u00e5ker de ut p\u00e5 en efterl\u00e4ngtad turn\u00e9.&#8221;<\/em><\/p><\/blockquote>\n<p><strong>Nedan kan du se musikvideon till <em>Show Me the Wonder<\/em> fr\u00e5n bandets senaste album <em>Rewind the Film<\/em>:<\/strong><\/p>\n<p><iframe loading=\"lazy\" src=\"\/\/www.youtube.com\/embed\/J9L-jyFEsK4\" height=\"315\" width=\"560\" allowfullscreen=\"\" frameborder=\"0\"><\/iframe><\/p>\n","protected":false},"excerpt":{"rendered":"<p>Den 11 maj kommer det walesiska alternativrock-bandet Manic Street Preachers till Stockholm f\u00f6r att inta scenen p\u00e5 Berns. Turn\u00e9n f\u00f6ljer upp bandets elfte studioalbum Rewind the Film som gavs ut i h\u00f6stas. S\u00e5 h\u00e4r skriver Live Nation i ett pressmeddelande: &#8221;The Manics \u00e4r inga duvungar. De bildades hemma i Blackwood i Wales redan 1986. Med [&hellip;]<\/p>\n","protected":false},"author":3,"featured_media":0,"comment_status":"open","ping_status":"open","sticky":false,"template":"","format":"standard","meta":{"_genesis_hide_title":false,"_genesis_hide_breadcrumbs":false,"_genesis_hide_singular_image":false,"_genesis_hide_footer_widgets":false,"_genesis_custom_body_class":"","_genesis_custom_post_class":"","_genesis_layout":"","footnotes":""},"categories":[7],"tags":[601,3487,10144],"class_list":{"0":"post-79440","1":"post","2":"type-post","3":"status-publish","4":"format-standard","6":"category-musik","7":"tag-berns","8":"tag-manic-street-preachers","9":"tag-rewind-the-film","10":"entry"},"_links":{"self":[{"href":"https:\/\/kulturbloggen.com\/index.php?rest_route=\/wp\/v2\/posts\/79440","targetHints":{"allow":["GET"]}}],"collection":[{"href":"https:\/\/kulturbloggen.com\/index.php?rest_route=\/wp\/v2\/posts"}],"about":[{"href":"https:\/\/kulturbloggen.com\/index.php?rest_route=\/wp\/v2\/types\/post"}],"author":[{"embeddable":true,"href":"https:\/\/kulturbloggen.com\/index.php?rest_route=\/wp\/v2\/users\/3"}],"replies":[{"embeddable":true,"href":"https:\/\/kulturbloggen.com\/index.php?rest_route=%2Fwp%2Fv2%2Fcomments&post=79440"}],"version-history":[{"count":1,"href":"https:\/\/kulturbloggen.com\/index.php?rest_route=\/wp\/v2\/posts\/79440\/revisions"}],"predecessor-version":[{"id":79442,"href":"https:\/\/kulturbloggen.com\/index.php?rest_route=\/wp\/v2\/posts\/79440\/revisions\/79442"}],"wp:attachment":[{"href":"https:\/\/kulturbloggen.com\/index.php?rest_route=%2Fwp%2Fv2%2Fmedia&parent=79440"}],"wp:term":[{"taxonomy":"category","embeddable":true,"href":"https:\/\/kulturbloggen.com\/index.php?rest_route=%2Fwp%2Fv2%2Fcategories&post=79440"},{"taxonomy":"post_tag","embeddable":true,"href":"https:\/\/kulturbloggen.com\/index.php?rest_route=%2Fwp%2Fv2%2Ftags&post=79440"}],"curies":[{"name":"wp","href":"https:\/\/api.w.org\/{rel}","templated":true}]}}