{"id":79346,"date":"2014-01-20T17:56:48","date_gmt":"2014-01-20T15:56:48","guid":{"rendered":"http:\/\/kulturbloggen.com\/?p=79346"},"modified":"2017-12-01T07:25:37","modified_gmt":"2017-12-01T06:25:37","slug":"filmpodcast-filmladan-7-bla-ar-den-varmaste-fargen-blue-jasmine","status":"publish","type":"post","link":"https:\/\/kulturbloggen.com\/?p=79346","title":{"rendered":"Filmpodcast: Filml\u00e5dan #7 &#8211; Bl\u00e5 \u00e4r den varmaste f\u00e4rgen \/ Blue Jasmine"},"content":{"rendered":"<p style=\"text-align: justify;\"><a href=\"http:\/\/kulturbloggen.com\/wp-content\/uploads\/2014\/01\/bl\u00e5film.jpg\"><img loading=\"lazy\" decoding=\"async\" class=\"size-medium wp-image-79347 alignleft\" alt=\"bl\u00e5film\" src=\"http:\/\/kulturbloggen.com\/wp-content\/uploads\/2014\/01\/bl\u00e5film-192x300.jpg\" width=\"192\" height=\"300\" srcset=\"https:\/\/kulturbloggen.com\/wp-content\/uploads\/2014\/01\/bl\u00e5film-192x300.jpg 192w, https:\/\/kulturbloggen.com\/wp-content\/uploads\/2014\/01\/bl\u00e5film.jpg 260w\" sizes=\"auto, (max-width: 192px) 100vw, 192px\" \/><\/a>Avsnitt #7 av<strong> Filml\u00e5dan<\/strong> g\u00e5r i f\u00e4rgen bl\u00e5 d\u00e5 vi recenserar b\u00e5de kritikerfavoriten &#8221;<em><strong>BL\u00c5 \u00c4R DEN VARMASTE F\u00c4RGEN<\/strong>&#8221;<\/em> och den senaste Woody Allen-rullen<em> &#8221;<strong>BLUE JASMINE<\/strong><\/em>&#8221;. Hur skildrar man trov\u00e4rdiga relationer p\u00e5 film och undviker de givna klyschorna, s\u00e4rskilt n\u00e4r det \u00e4r just dessa som brukar ligga n\u00e4rmast sanningen?<br \/>\nRobert, Franz och Mange t\u00e4vlar om att vara bl\u00e5ast i segmentet &#8221;<strong>B\u00e4sta m\u00e5 d\u00e5ligt-scen<\/strong>&#8221; d\u00e4r Franz bjuder in lyssnarna till sitt stormiga k\u00e4rleksliv, Robert name-droppar Gaspar Noe och Lars von Trier som sina m\u00e5-d\u00e5ligt-husgudar och Mange f\u00e4ller en t\u00e5r till Sean Penns m\u00e4sterliga film <em>Into The Wild<\/em>.<\/p>\n<p>Sedan utropar Mange <em>Prince Avalanche<\/em> till ett m\u00e4sterverk, Franz br\u00e5kar med Robert om <em>Only God Forgives<\/em> (men h\u00e5ller med om att Karaokescenerna \u00e4r fantastiska) och sl\u00e5r ett slag f\u00f6r Samurajfilmen <em>Tabu<\/em> som \u00f6verraskar p\u00e5 fler s\u00e4tt \u00e4n ett. Robert sl\u00e5ss mot sin filmsnobbs-image genom att ta sig igenom <em>Insidious 2<\/em> (som han avskydde) och <em>Hajen 4<\/em> (som han.. ocks\u00e5 avskydde).<\/p>\n<p>Detta och mycket mer i Filml\u00e5dan #7 !<\/p>\n<p>&nbsp;<\/p>\n<p>Vars\u00e5goda!<\/p>\n<p>&#8221;Jag tycker Dario Argento har en ganska h\u00f6g l\u00e4gsta-niv\u00e5&#8221;<br \/>\n&#8221;Jas\u00e5? Jag tycker han har en j\u00e4vligt l\u00e5g l\u00e4gsta-niv\u00e5&#8221;<\/p>\n<p><strong>SPELSCHEMA<\/strong> (cirka)<br \/>\n00:00-20:00 <strong>BL\u00c5 \u00c4R DEN VARMASTE F\u00c4RGEN<\/strong><br \/>\n20:00-33:00 <strong>BLUE JASMINE<\/strong><br \/>\n33:00-47:00 <strong>B\u00c4STA M\u00c5-D\u00c5LIGT SCEN<\/strong><br \/>\n47:00-01:12:00 <strong>VAD VI HAR SETT<\/strong> [<em>Wolf of Wall Street, The Descent 1 och 2, Carrie, Prince Avalanche, Only God Forgives, Tabu, Insidious 2, Hajen 4, Texas Chainsaw Massacre 3D, Blue Valentine, Deep Red, The Day of the Triffids, American Hustle<\/em>]<\/p>\n<p><a href=\"http:\/\/traffic.libsyn.com\/filmladan\/Episode_7.mp3\"><strong>LADDA NER SOM MP3<\/strong><\/a><br \/>\n.<br \/>\n.<br \/>\n.<br \/>\nL\u00e4nk till <a href=\"https:\/\/itunes.apple.com\/se\/podcast\/filmladan\/id731118441?l=en\">iTunes<\/a> (avsnitt 7 kommer inom 24 timmar)<br \/>\n.<br \/>\n.<br \/>\n<audio class=\"wp-audio-shortcode\" id=\"audio-79346-1\" preload=\"none\" style=\"width: 100%;\" controls=\"controls\"><source type=\"audio\/mpeg\" src=\"http:\/\/traffic.libsyn.com\/filmladan\/Episode_7.mp3?_=1\" \/><a href=\"http:\/\/traffic.libsyn.com\/filmladan\/Episode_7.mp3\">http:\/\/traffic.libsyn.com\/filmladan\/Episode_7.mp3<\/a><\/audio><\/p>\n<p>http:\/\/filmladan.libsyn.com\/filml-dan-episode-7<\/p>\n","protected":false},"excerpt":{"rendered":"<p>Avsnitt #7 av Filml\u00e5dan g\u00e5r i f\u00e4rgen bl\u00e5 d\u00e5 vi recenserar b\u00e5de kritikerfavoriten &#8221;BL\u00c5 \u00c4R DEN VARMASTE F\u00c4RGEN&#8221; och den senaste Woody Allen-rullen &#8221;BLUE JASMINE&#8221;. Hur skildrar man trov\u00e4rdiga relationer p\u00e5 film och undviker de givna klyschorna, s\u00e4rskilt n\u00e4r det \u00e4r just dessa som brukar ligga n\u00e4rmast sanningen? Robert, Franz och Mange t\u00e4vlar om att [&hellip;]<\/p>\n","protected":false},"author":13,"featured_media":0,"comment_status":"open","ping_status":"open","sticky":false,"template":"","format":"standard","meta":{"_genesis_hide_title":false,"_genesis_hide_breadcrumbs":false,"_genesis_hide_singular_image":false,"_genesis_hide_footer_widgets":false,"_genesis_custom_body_class":"","_genesis_custom_post_class":"","_genesis_layout":"","footnotes":""},"categories":[50],"tags":[10708,10709,6918,4407,10710],"class_list":{"0":"post-79346","1":"post","2":"type-post","3":"status-publish","4":"format-standard","6":"category-filmfilm","7":"tag-bla-ar-den-varmaste-fargen","8":"tag-blue-jasmine","9":"tag-filmkronikan-2","10":"tag-podcast","11":"tag-wolf-of-wall-street","12":"entry"},"_links":{"self":[{"href":"https:\/\/kulturbloggen.com\/index.php?rest_route=\/wp\/v2\/posts\/79346","targetHints":{"allow":["GET"]}}],"collection":[{"href":"https:\/\/kulturbloggen.com\/index.php?rest_route=\/wp\/v2\/posts"}],"about":[{"href":"https:\/\/kulturbloggen.com\/index.php?rest_route=\/wp\/v2\/types\/post"}],"author":[{"embeddable":true,"href":"https:\/\/kulturbloggen.com\/index.php?rest_route=\/wp\/v2\/users\/13"}],"replies":[{"embeddable":true,"href":"https:\/\/kulturbloggen.com\/index.php?rest_route=%2Fwp%2Fv2%2Fcomments&post=79346"}],"version-history":[{"count":6,"href":"https:\/\/kulturbloggen.com\/index.php?rest_route=\/wp\/v2\/posts\/79346\/revisions"}],"predecessor-version":[{"id":79353,"href":"https:\/\/kulturbloggen.com\/index.php?rest_route=\/wp\/v2\/posts\/79346\/revisions\/79353"}],"wp:attachment":[{"href":"https:\/\/kulturbloggen.com\/index.php?rest_route=%2Fwp%2Fv2%2Fmedia&parent=79346"}],"wp:term":[{"taxonomy":"category","embeddable":true,"href":"https:\/\/kulturbloggen.com\/index.php?rest_route=%2Fwp%2Fv2%2Fcategories&post=79346"},{"taxonomy":"post_tag","embeddable":true,"href":"https:\/\/kulturbloggen.com\/index.php?rest_route=%2Fwp%2Fv2%2Ftags&post=79346"}],"curies":[{"name":"wp","href":"https:\/\/api.w.org\/{rel}","templated":true}]}}