{"id":79300,"date":"2014-01-19T13:29:47","date_gmt":"2014-01-19T11:29:47","guid":{"rendered":"http:\/\/kulturbloggen.com\/?p=79300"},"modified":"2014-01-19T13:30:13","modified_gmt":"2014-01-19T11:30:13","slug":"i-annan-himmel-nyskriven-opera-om-natkarlek","status":"publish","type":"post","link":"https:\/\/kulturbloggen.com\/?p=79300","title":{"rendered":"I annan himmel &#8211; nyskriven opera om n\u00e4tk\u00e4rlek"},"content":{"rendered":"<p><a href=\"http:\/\/kulturbloggen.com\/wp-content\/uploads\/2014\/01\/pressbild-ivan-och-amora.jpg\"><img loading=\"lazy\" decoding=\"async\" class=\"aligncenter size-full wp-image-79301\" alt=\"pressbild-ivan-och-amora\" src=\"http:\/\/kulturbloggen.com\/wp-content\/uploads\/2014\/01\/pressbild-ivan-och-amora.jpg\" width=\"250\" height=\"250\" srcset=\"https:\/\/kulturbloggen.com\/wp-content\/uploads\/2014\/01\/pressbild-ivan-och-amora.jpg 250w, https:\/\/kulturbloggen.com\/wp-content\/uploads\/2014\/01\/pressbild-ivan-och-amora-150x150.jpg 150w\" sizes=\"auto, (max-width: 250px) 100vw, 250px\" \/><\/a><\/p>\n<p><a href=\"http:\/\/www.nyopera.se\/\" target=\"_blank\">I annan himmel <\/a>\u2013 testf\u00f6rest\u00e4llning<br \/>\nEric Ericsonhallen, Skeppsholmen<br \/>\nDen 18 januari 2014<\/p>\n<p>Det \u00e4r inte s\u00e5 ofta man f\u00e5r vara \u00e5sk\u00e5dare till nyskriven opera. L\u00f6rdagen den 18 januari var ett undantag. D\u00e5 framf\u00f6rdes sju akter av en opera som \u00e4r s\u00e5 ny att den inte ens \u00e4r f\u00e4rdig i Eric Ericssonhallen i gamla Skeppsholmskyrkan i Stockholm.<\/p>\n<p>Operan handlar om ett \u00e4mne som \u00e4r tidl\u00f6st \u2013 k\u00e4rlek med f\u00f6rhinder \u2013 och dagsaktuellt \u2013 n\u00e4tk\u00e4rlek. Ivan och Amora \u00e4r b\u00e5da nyskilda och s\u00f6ker k\u00e4rleken p\u00e5 internet. Efter att ha byggt upp en passionerad k\u00e4rleksrelation i cyberspace \u00e5ker Amora fr\u00e5n sin lilla stad till Ivans storstad f\u00f6r att tr\u00e4ffas IRL.<\/p>\n<p>&#8221;Med en identifierbar handling kan operaupplevelsen bli mer angel\u00e4gen f\u00f6r en st\u00f6rre skara m\u00e4nniskor \u00e4n f\u00f6r den mer traditionelle operabes\u00f6karen. Vidare tror jag att det \u00e4r angel\u00e4get att opera spelas p\u00e5 andra scener \u00e4n v\u00e5ra konventionella operahus, inte minst f\u00f6r att g\u00f6ra den mer tillg\u00e4nglig&#8221;, s\u00e4ger Anna Larsdotter Persson, verksamhetschef p\u00e5 Eric Ericson International Choral Centre (EIC), i programmet.<\/p>\n<p>Det ska bli sp\u00e4nnande att se hela operan n\u00e4r den \u00e4r f\u00e4rdig att framf\u00f6ras och jag hoppas att den kan bidra till att locka en ny publik.<\/p>\n<p><a href=\"http:\/\/kulturbloggen.com\/wp-content\/uploads\/2014\/01\/teamet.jpg\"><img loading=\"lazy\" decoding=\"async\" class=\"size-medium wp-image-79303 alignright\" alt=\"teamet\" src=\"http:\/\/kulturbloggen.com\/wp-content\/uploads\/2014\/01\/teamet-300x215.jpg\" width=\"300\" height=\"215\" srcset=\"https:\/\/kulturbloggen.com\/wp-content\/uploads\/2014\/01\/teamet-300x215.jpg 300w, https:\/\/kulturbloggen.com\/wp-content\/uploads\/2014\/01\/teamet.jpg 400w\" sizes=\"auto, (max-width: 300px) 100vw, 300px\" \/><\/a><\/p>\n<p>Premi\u00e4ren \u00e4r planerad till senh\u00f6sten 2014 i Eric Ericsonhallen. Under sommaren 2014 ska akustiken i hallen f\u00f6rb\u00e4ttras och operan kommer att framf\u00f6ras i ett tv\u00e5sidors arenakoncept som regiss\u00f6ren Niklas Hellberg har skapat. Efter tv\u00e5 f\u00f6rest\u00e4llningar \u00e4r det t\u00e4nkt att operan ska g\u00e5 p\u00e5 turn\u00e9.<\/p>\n<p>Ivan: Karl Rombo, tenor<br \/>\nAmora: Karin Ingeb\u00e4ck, sopran<br \/>\nExmakan: Maria Sanner, alt<br \/>\nExmaken: Staffan Liljas, baryton<br \/>\nmusik: Lennart Westman<br \/>\nlibretto: Lennart Westman med textid\u00e9er &amp; inspiration fr\u00e5n Christina Nilsson \u00d6berg<br \/>\nregi: Niklas Hellberg<br \/>\nproducent: Thomas Annmo<br \/>\nkonstn\u00e4rlig ledning: Fr\u00e9d\u00e9ric Iriarte<\/p>\n<p>Bild: Teamet &#8211; Niklas Hellberg, Maria Sanner, Karl Rombo, Lennart Westman, Staffan Liljas, Karin Ingeb\u00e4ck<\/p>\n<p>foto: Fr\u00e9d\u00e9ric Iriarte<\/p>\n","protected":false},"excerpt":{"rendered":"<p>I annan himmel \u2013 testf\u00f6rest\u00e4llning Eric Ericsonhallen, Skeppsholmen Den 18 januari 2014 Det \u00e4r inte s\u00e5 ofta man f\u00e5r vara \u00e5sk\u00e5dare till nyskriven opera. L\u00f6rdagen den 18 januari var ett undantag. D\u00e5 framf\u00f6rdes sju akter av en opera som \u00e4r s\u00e5 ny att den inte ens \u00e4r f\u00e4rdig i Eric Ericssonhallen i gamla Skeppsholmskyrkan i [&hellip;]<\/p>\n","protected":false},"author":13,"featured_media":0,"comment_status":"open","ping_status":"open","sticky":false,"template":"","format":"standard","meta":{"_genesis_hide_title":false,"_genesis_hide_breadcrumbs":false,"_genesis_hide_singular_image":false,"_genesis_hide_footer_widgets":false,"_genesis_custom_body_class":"","_genesis_custom_post_class":"","_genesis_layout":"","footnotes":""},"categories":[20],"tags":[],"class_list":{"0":"post-79300","1":"post","2":"type-post","3":"status-publish","4":"format-standard","6":"category-film","7":"entry"},"_links":{"self":[{"href":"https:\/\/kulturbloggen.com\/index.php?rest_route=\/wp\/v2\/posts\/79300","targetHints":{"allow":["GET"]}}],"collection":[{"href":"https:\/\/kulturbloggen.com\/index.php?rest_route=\/wp\/v2\/posts"}],"about":[{"href":"https:\/\/kulturbloggen.com\/index.php?rest_route=\/wp\/v2\/types\/post"}],"author":[{"embeddable":true,"href":"https:\/\/kulturbloggen.com\/index.php?rest_route=\/wp\/v2\/users\/13"}],"replies":[{"embeddable":true,"href":"https:\/\/kulturbloggen.com\/index.php?rest_route=%2Fwp%2Fv2%2Fcomments&post=79300"}],"version-history":[{"count":5,"href":"https:\/\/kulturbloggen.com\/index.php?rest_route=\/wp\/v2\/posts\/79300\/revisions"}],"predecessor-version":[{"id":79322,"href":"https:\/\/kulturbloggen.com\/index.php?rest_route=\/wp\/v2\/posts\/79300\/revisions\/79322"}],"wp:attachment":[{"href":"https:\/\/kulturbloggen.com\/index.php?rest_route=%2Fwp%2Fv2%2Fmedia&parent=79300"}],"wp:term":[{"taxonomy":"category","embeddable":true,"href":"https:\/\/kulturbloggen.com\/index.php?rest_route=%2Fwp%2Fv2%2Fcategories&post=79300"},{"taxonomy":"post_tag","embeddable":true,"href":"https:\/\/kulturbloggen.com\/index.php?rest_route=%2Fwp%2Fv2%2Ftags&post=79300"}],"curies":[{"name":"wp","href":"https:\/\/api.w.org\/{rel}","templated":true}]}}