{"id":79263,"date":"2014-01-17T18:49:30","date_gmt":"2014-01-17T16:49:30","guid":{"rendered":"http:\/\/kulturbloggen.com\/?p=79263"},"modified":"2014-01-17T18:49:30","modified_gmt":"2014-01-17T16:49:30","slug":"lykke-li-slapper-sitt-tredje-album-i-maj","status":"publish","type":"post","link":"https:\/\/kulturbloggen.com\/?p=79263","title":{"rendered":"Lykke Li sl\u00e4pper sitt tredje album i maj"},"content":{"rendered":"<p><a href=\"http:\/\/kulturbloggen.com\/wp-content\/uploads\/2014\/01\/lykke.jpg\"><img loading=\"lazy\" decoding=\"async\" class=\"aligncenter size-medium wp-image-79264\" alt=\"lykke\" src=\"http:\/\/kulturbloggen.com\/wp-content\/uploads\/2014\/01\/lykke-300x197.jpg\" width=\"300\" height=\"197\" srcset=\"https:\/\/kulturbloggen.com\/wp-content\/uploads\/2014\/01\/lykke-300x197.jpg 300w, https:\/\/kulturbloggen.com\/wp-content\/uploads\/2014\/01\/lykke.jpg 630w\" sizes=\"auto, (max-width: 300px) 100vw, 300px\" \/><\/a><\/p>\n<p>Lykke Lis senaste album <em>Wounded Rhymes<\/em> gavs ut 2011, men nu verkar en uppf\u00f6ljare vara p\u00e5 ing\u00e5ng. Hennes tredje album sl\u00e4pps i maj och s\u00e5 h\u00e4r s\u00e4ger Lykke Li, <a href=\"http:\/\/kulturbloggen.com\/?p=78080\">som nyligen ingick avtal med Warner Music<\/a>, i en intervju med NME:<\/p>\n<blockquote><p><em><a href=\"http:\/\/www.nme.com\/news\/nme\/74949\">&#8221;I see my albums as a trilogy, with &#8217;Youth Novels&#8217; as the first one and hopefully this one as the last in this chapter \u2026 it\u2019s always about me and the guilt and the shame and the hurt and the pride and the confusion of being a woman \u2026 I always feel like I\u2019ve been slightly misunderstood. As a woman you get judged for appearances or things like that I don\u2019t really care about. If anything I want to be seen as a singer-songwriter rather than a pop artist. I really feel like I\u2019ve found my voice.&#8221;<\/a><\/em><\/p><\/blockquote>\n<p>Dessf\u00f6rinnan kommer hon medverka som sk\u00e5despelerska i den svenska thrillern <em>Tommy<\/em>. Se en trailer h\u00e4r nedan:<\/p>\n<p><iframe loading=\"lazy\" src=\"\/\/www.youtube.com\/embed\/MOxptPmPbxw\" height=\"315\" width=\"560\" allowfullscreen=\"\" frameborder=\"0\"><\/iframe><\/p>\n","protected":false},"excerpt":{"rendered":"<p>Lykke Lis senaste album Wounded Rhymes gavs ut 2011, men nu verkar en uppf\u00f6ljare vara p\u00e5 ing\u00e5ng. Hennes tredje album sl\u00e4pps i maj och s\u00e5 h\u00e4r s\u00e4ger Lykke Li, som nyligen ingick avtal med Warner Music, i en intervju med NME: &#8221;I see my albums as a trilogy, with &#8217;Youth Novels&#8217; as the first one [&hellip;]<\/p>\n","protected":false},"author":3,"featured_media":0,"comment_status":"open","ping_status":"open","sticky":false,"template":"","format":"standard","meta":{"_genesis_hide_title":false,"_genesis_hide_breadcrumbs":false,"_genesis_hide_singular_image":false,"_genesis_hide_footer_widgets":false,"_genesis_custom_body_class":"","_genesis_custom_post_class":"","_genesis_layout":"","footnotes":""},"categories":[7],"tags":[3385],"class_list":{"0":"post-79263","1":"post","2":"type-post","3":"status-publish","4":"format-standard","6":"category-musik","7":"tag-lykke-li","8":"entry"},"_links":{"self":[{"href":"https:\/\/kulturbloggen.com\/index.php?rest_route=\/wp\/v2\/posts\/79263","targetHints":{"allow":["GET"]}}],"collection":[{"href":"https:\/\/kulturbloggen.com\/index.php?rest_route=\/wp\/v2\/posts"}],"about":[{"href":"https:\/\/kulturbloggen.com\/index.php?rest_route=\/wp\/v2\/types\/post"}],"author":[{"embeddable":true,"href":"https:\/\/kulturbloggen.com\/index.php?rest_route=\/wp\/v2\/users\/3"}],"replies":[{"embeddable":true,"href":"https:\/\/kulturbloggen.com\/index.php?rest_route=%2Fwp%2Fv2%2Fcomments&post=79263"}],"version-history":[{"count":1,"href":"https:\/\/kulturbloggen.com\/index.php?rest_route=\/wp\/v2\/posts\/79263\/revisions"}],"predecessor-version":[{"id":79265,"href":"https:\/\/kulturbloggen.com\/index.php?rest_route=\/wp\/v2\/posts\/79263\/revisions\/79265"}],"wp:attachment":[{"href":"https:\/\/kulturbloggen.com\/index.php?rest_route=%2Fwp%2Fv2%2Fmedia&parent=79263"}],"wp:term":[{"taxonomy":"category","embeddable":true,"href":"https:\/\/kulturbloggen.com\/index.php?rest_route=%2Fwp%2Fv2%2Fcategories&post=79263"},{"taxonomy":"post_tag","embeddable":true,"href":"https:\/\/kulturbloggen.com\/index.php?rest_route=%2Fwp%2Fv2%2Ftags&post=79263"}],"curies":[{"name":"wp","href":"https:\/\/api.w.org\/{rel}","templated":true}]}}