{"id":79179,"date":"2014-01-13T22:36:30","date_gmt":"2014-01-13T20:36:30","guid":{"rendered":"http:\/\/kulturbloggen.com\/?p=79179"},"modified":"2014-01-13T22:44:51","modified_gmt":"2014-01-13T20:44:51","slug":"lyssna-foster-the-people-coming-of-age","status":"publish","type":"post","link":"https:\/\/kulturbloggen.com\/?p=79179","title":{"rendered":"Lyssna: Foster the People &#8211; Coming of Age"},"content":{"rendered":"<p><a href=\"http:\/\/kulturbloggen.com\/wp-content\/uploads\/2014\/01\/foster.jpg\"><img loading=\"lazy\" decoding=\"async\" class=\"aligncenter size-medium wp-image-79180\" alt=\"foster\" src=\"http:\/\/kulturbloggen.com\/wp-content\/uploads\/2014\/01\/foster-300x300.jpg\" width=\"300\" height=\"300\" srcset=\"https:\/\/kulturbloggen.com\/wp-content\/uploads\/2014\/01\/foster-300x300.jpg 300w, https:\/\/kulturbloggen.com\/wp-content\/uploads\/2014\/01\/foster-150x150.jpg 150w, https:\/\/kulturbloggen.com\/wp-content\/uploads\/2014\/01\/foster.jpg 600w\" sizes=\"auto, (max-width: 300px) 100vw, 300px\" \/><\/a><\/p>\n<p>De invigde 2014 med en liten teaser, nu st\u00e5r det klart att Los Angeles-bandet Foster the People \u00e5terv\u00e4nder med nytt album i mars. Albumet &#8212; som f\u00e5tt titeln <em>Supermodel<\/em> &#8212; blir deras andra och f\u00f6ljer upp debuten med <em>Torches\u00a0<\/em>fr\u00e5n 2011.<\/p>\n<p>Redan nu har de delat med sig av ett f\u00f6rsta smakprov i form av <em>Coming of Age<\/em>.\u00a0<em>Supermodel<\/em> kommer att inneh\u00e5lla f\u00f6ljande sp\u00e5r:<\/p>\n<p>1. Are You What You Want to Be<br \/>\n2. Ask Yourself<br \/>\n3. Coming of Age<br \/>\n4. Nevermind<br \/>\n5. Pseudologia Fantastica<br \/>\n6. The Angelic Welcome of Mr. Jones<br \/>\n7. Best Friend<br \/>\n8. A Beginner\u2019s Guide to Destroying the Moon<br \/>\n9. Goats in Trees<br \/>\n10. The Truth<br \/>\n11. Fire Escape<br \/>\n12. Tabloid Super Junky<\/p>\n<p><strong>Lyssna p\u00e5 <em>Coming of Age<\/em> h\u00e4r nedan:<\/strong><\/p>\n<p><iframe loading=\"lazy\" src=\"\/\/www.youtube.com\/embed\/8DgDUXd5o0U\" height=\"315\" width=\"560\" allowfullscreen=\"\" frameborder=\"0\"><\/iframe><\/p>\n","protected":false},"excerpt":{"rendered":"<p>De invigde 2014 med en liten teaser, nu st\u00e5r det klart att Los Angeles-bandet Foster the People \u00e5terv\u00e4nder med nytt album i mars. Albumet &#8212; som f\u00e5tt titeln Supermodel &#8212; blir deras andra och f\u00f6ljer upp debuten med Torches\u00a0fr\u00e5n 2011. Redan nu har de delat med sig av ett f\u00f6rsta smakprov i form av Coming [&hellip;]<\/p>\n","protected":false},"author":3,"featured_media":0,"comment_status":"open","ping_status":"open","sticky":false,"template":"","format":"standard","meta":{"_genesis_hide_title":false,"_genesis_hide_breadcrumbs":false,"_genesis_hide_singular_image":false,"_genesis_hide_footer_widgets":false,"_genesis_custom_body_class":"","_genesis_custom_post_class":"","_genesis_layout":"","footnotes":""},"categories":[7],"tags":[10702,1832],"class_list":{"0":"post-79179","1":"post","2":"type-post","3":"status-publish","4":"format-standard","6":"category-musik","7":"tag-coming-of-age","8":"tag-foster-the-people","9":"entry"},"_links":{"self":[{"href":"https:\/\/kulturbloggen.com\/index.php?rest_route=\/wp\/v2\/posts\/79179","targetHints":{"allow":["GET"]}}],"collection":[{"href":"https:\/\/kulturbloggen.com\/index.php?rest_route=\/wp\/v2\/posts"}],"about":[{"href":"https:\/\/kulturbloggen.com\/index.php?rest_route=\/wp\/v2\/types\/post"}],"author":[{"embeddable":true,"href":"https:\/\/kulturbloggen.com\/index.php?rest_route=\/wp\/v2\/users\/3"}],"replies":[{"embeddable":true,"href":"https:\/\/kulturbloggen.com\/index.php?rest_route=%2Fwp%2Fv2%2Fcomments&post=79179"}],"version-history":[{"count":3,"href":"https:\/\/kulturbloggen.com\/index.php?rest_route=\/wp\/v2\/posts\/79179\/revisions"}],"predecessor-version":[{"id":79184,"href":"https:\/\/kulturbloggen.com\/index.php?rest_route=\/wp\/v2\/posts\/79179\/revisions\/79184"}],"wp:attachment":[{"href":"https:\/\/kulturbloggen.com\/index.php?rest_route=%2Fwp%2Fv2%2Fmedia&parent=79179"}],"wp:term":[{"taxonomy":"category","embeddable":true,"href":"https:\/\/kulturbloggen.com\/index.php?rest_route=%2Fwp%2Fv2%2Fcategories&post=79179"},{"taxonomy":"post_tag","embeddable":true,"href":"https:\/\/kulturbloggen.com\/index.php?rest_route=%2Fwp%2Fv2%2Ftags&post=79179"}],"curies":[{"name":"wp","href":"https:\/\/api.w.org\/{rel}","templated":true}]}}