{"id":79054,"date":"2014-01-15T15:25:53","date_gmt":"2014-01-15T13:25:53","guid":{"rendered":"http:\/\/kulturbloggen.com\/?p=79054"},"modified":"2014-02-01T11:05:08","modified_gmt":"2014-02-01T09:05:08","slug":"kulturbloggen-moter-nicole-saboune","status":"publish","type":"post","link":"https:\/\/kulturbloggen.com\/?p=79054","title":{"rendered":"Kulturbloggen m\u00f6ter Nicole Saboun\u00e9"},"content":{"rendered":"<p><a href=\"http:\/\/kulturbloggen.com\/wp-content\/uploads\/2014\/01\/Nicole-2.jpg\"><img loading=\"lazy\" decoding=\"async\" class=\"aligncenter size-medium wp-image-79055\" alt=\"Nicole-2\" src=\"http:\/\/kulturbloggen.com\/wp-content\/uploads\/2014\/01\/Nicole-2-300x200.jpg\" width=\"300\" height=\"200\" srcset=\"https:\/\/kulturbloggen.com\/wp-content\/uploads\/2014\/01\/Nicole-2-300x200.jpg 300w, https:\/\/kulturbloggen.com\/wp-content\/uploads\/2014\/01\/Nicole-2-1024x682.jpg 1024w\" sizes=\"auto, (max-width: 300px) 100vw, 300px\" \/><\/a><\/p>\n<p>Hon \u00e4r 22 \u00e5r gammal och hennes \u00f6gon lyser upp s\u00e5 fort hon f\u00e5r prata om London eller sina favoritband &#8212; varav Joy Division antagligen \u00e4r de som l\u00e4mnat st\u00f6rst avtryck p\u00e5 hennes eget uttryck.\u00a0Med en rad singlar d\u00e4r inspirationen kommit fr\u00e5n just 80-talets postpunk har hon suddat ut bilden som tidigare The Voice-deltagare.\u00a0Den 15 januari sl\u00e4pper Nicole Saboun\u00e9 sitt debutalbum <em>Must Exist<\/em>\u00a0och den 31 januari inleder hon sedan en Sverigeturn\u00e9 p\u00e5 <a href=\"http:\/\/debaser.se\/kalender\/12974\/\">Debaser Medis<\/a>. Kulturbloggen m\u00f6tte upp den lovande s\u00e5ngerskan p\u00e5 hennes skivbolag Roxy Recordings kontor i Stockholm.<\/p>\n<p><strong>Med titlar som <em>Win This Life<\/em>, <em>Conquer or Suffer<\/em> och <em>I Surrender<\/em> k\u00e4nns det lite som att dina senaste singlar har handlat om n\u00e5gon slags kamp. \u00c4r det n\u00e5got du haft i \u00e5tanke n\u00e4r du skrivit l\u00e5tarna?<\/strong><\/p>\n<p>Absolut. Jag gillar att t\u00e4nka att det \u00e4r ett mission. Att jag ska n\u00e5gonstans. Det \u00e4r inte t\u00e4nkt att alla l\u00e5tar ska vara det, men det blir n\u00e5gon slags nerv i det som k\u00e4nns lite s\u00e5. N\u00e4r jag b\u00f6rjade skriva dikter n\u00e4r jag var liten var det lite i samma anda, jag gillar ju sj\u00e4lv poesi som \u00e4r s\u00e5 &#8212; typ Edith S\u00f6dergran och Arthur Rimbaud &#8212; de har den barnsliga k\u00e4nslan inf\u00f6r livet och de \u00e4r b\u00e5da v\u00e4ldigt bombastiska. Jag gillar det.<\/p>\n<p><strong>Blir du ofta influerad av poesi?<\/strong><\/p>\n<p>Mer nu \u00e4n tidigare. Nu b\u00f6rjar jag bearbeta det och m\u00e4rka hur mycket jag tar med mig av det. Jag gillar ord och k\u00e4nslor p\u00e5 ord.<\/p>\n<p><strong>Hur brukar det g\u00e5 till n\u00e4r du skriver en l\u00e5t?<\/strong><\/p>\n<p>Det \u00e4r s\u00e5 olika. Dels kan jag ha n\u00e5gon melodi i huvudet som jag spelar in p\u00e5 telefonen, eller s\u00e5 sitter jag med basen. Det \u00e4r s\u00e5 himla olika. Ibland har Niklas en id\u00e9 som han spelar in och d\u00e5 s\u00e4tter det ig\u00e5ng n\u00e5gonting. Just med det h\u00e4r albumet har det varit olika, men genom det h\u00e4r albumet har jag hittat mig sj\u00e4lv som l\u00e5tskrivare vilket har gjort att jag har en helt annan verktygsl\u00e5da nu \u00e4n vad jag hade innan. Nu kanske jag \u00e4r mer strukturerad i sitt skrivande, men fram tills nu har det nog varit att jag tagit saker ut luften.<\/p>\n<p><strong>Hur ser din arbetsrelation med din gitarrist Niklas Stenemo ut?<\/strong><\/p>\n<p>Han har en v\u00e4ldigt stor del i l\u00e5tskrivandet. Vi \u00e4r b\u00e4stisar ocks\u00e5, s\u00e5 vi har v\u00e4ldigt bra dynamik. Det har s\u00e4tt lite olika ut, dels har vi suttit i studion fr\u00e5n scratch och kommit p\u00e5 n\u00e5gonting. Ibland har vi tagit hans id\u00e9er och byggt vidare p\u00e5 dem, eller mina id\u00e9er och byggt vidare p\u00e5 dem.<\/p>\n<p><strong>Hur l\u00e4rde ni k\u00e4nna varandra?<\/strong><\/p>\n<p>Ola Salo presenterade oss f\u00f6r varandra. Niklas hade h\u00f6rt <em>Unseen Footage<\/em> innan och sagt att det hade varit kul att skriva n\u00e5got ihop och p\u00e5 den v\u00e4gen \u00e4r det.<\/p>\n<p><strong>Hur valde du ut vilka l\u00e5tar som skulle hamna p\u00e5 albumet? Hur t\u00e4nkte du dramaturgiskt med l\u00e5tordningen?<\/strong><\/p>\n<p>Jag har hela tiden varit inst\u00e4lld p\u00e5 att jag vill att det ska k\u00e4nnas som ett konceptalbum, s\u00e5 jag har v\u00e4l f\u00f6rs\u00f6kt hitta n\u00e5gon r\u00f6d tr\u00e5d i varje l\u00e5t rent l\u00e5tordningsm\u00e4ssigt. De l\u00e5tar jag valde till albumet \u00e4r ocks\u00e5 de jag gick ig\u00e5ng p\u00e5 d\u00e5 och k\u00e4nde passade ihop &#8212; men de har ju n\u00e4stan alltid samma tema.<\/p>\n<p><strong>Vilket tema skulle du s\u00e4ga att det \u00e4r?<\/strong><\/p>\n<p>Det \u00e4r typ en f\u00f6rsenad ton\u00e5rsrevolt. Jag var inte riktigt den ton\u00e5ringen som folk i min omgivning var. Att de uttryckte sig v\u00e4ldigt mycket, som en vanlig ton\u00e5ring g\u00f6r, s\u00e5 jag har bearbetat det nu och satt ord och melodier p\u00e5 de k\u00e4nslorna. Det \u00e4r mycket vi-mot-dem-k\u00e4nslor. Det \u00e4r mycket att jag bearbetar min relation till st\u00e4der och till mina f\u00f6r\u00e4ldrar.<\/p>\n<p><strong>Skulle du kunna ber\u00e4tta lite om tankarna bakom albumets titel <em>Must Exist<\/em>? Varf\u00f6r \u00e4r E:t spegelv\u00e4nt p\u00e5 omslaget?<\/strong><\/p>\n<p>E:t \u00e4r spegelv\u00e4nt f\u00f6r jag \u00e4lskar matematik och \u2203 \u00e4r en symbol f\u00f6r existens, ett tal som existerar. Sedan gillar jag allt som har mer rymden att g\u00f6ra och fr\u00e5gan om existens. Det fascinerar mig. Att man \u00e4r s\u00e5 liten men \u00e4nd\u00e5 \u00e4r s\u00e5 stor. Jag tycker om ordet existens och d\u00e5 blev det <em>Must Exist<\/em>. Dels f\u00f6r att vissa saker m\u00e5ste existera f\u00f6r att det ska g\u00e5 runt, eller att man m\u00e5ste f\u00e5 existera. Sedan anv\u00e4nder Patti Smith det ordet v\u00e4ldigt mycket n\u00e4r hon skriver, s\u00e5 det har varit ett ord som har klingat v\u00e4ldigt bra i mitt huvud.<\/p>\n<p><strong>Minns du hur du b\u00f6rjade skriva l\u00e5tar?<\/strong><\/p>\n<p>P\u00e5 h\u00f6gstadiet fick vi i uppgift att g\u00f6ra det n\u00e5gon g\u00e5ng, d\u00e5 kommer jag ih\u00e5g att jag t\u00e4nkte \u201dshit vad kul det h\u00e4r var\u201d. Jag kommer ih\u00e5g att jag satt och tonsatte mina dikter som jag hade skrivit innan, men det \u00e4r nog f\u00f6rst de tv\u00e5 senaste \u00e5ren som jag har k\u00e4nt att det h\u00e4r kan hamna p\u00e5 skiva. Jag fick ett helt annat perspektiv p\u00e5 det. Jag har alltid skrivit i min egna v\u00e4rld d\u00e5 ingen n\u00e5gonsin har f\u00e5tt h\u00f6ra om det inte varit n\u00e5gon redovisning eller s\u00e5, men nu har det f\u00e5tt helt andra kl\u00e4der vilket ocks\u00e5 \u00e4r sp\u00e4nnande. Jag kan ha varit tretton-fjorton n\u00e4r jag p\u00e5 riktigt skrev.<\/p>\n<p><strong>Soundm\u00e4ssigt \u00e4r albumet v\u00e4ldigt postpunk-influerat. N\u00e4r b\u00f6rjade du lyssna p\u00e5 den typen av musik?<\/strong><\/p>\n<p>Det finns n\u00e5gon slags nerv i postpunk \u2013 och punk \u00f6verlag \u2013 som jag dras till. Det \u00e4r sv\u00e5rt att s\u00e4tta fingret p\u00e5, men om man snackar musikaliskt tar basen v\u00e4ldigt mycket plats. Den \u00e4r v\u00e4ldigt melodi\u00f6s och s\u00e5d\u00e4r. Sedan n\u00e4r Joy Division kom in i livet var det v\u00e4ldigt mycket texter man inspirerades av &#8212; Ian var ju en fantastiskt textf\u00f6rfattare.<\/p>\n<p><strong>N\u00e4r kom du in p\u00e5 Joy Division?<\/strong><\/p>\n<p>Jag var nog femton-sexton &#8212; det kan ha varit ettan p\u00e5 gymnasiet &#8212; n\u00e4r jag uppt\u00e4ckte dem. Det var en kompis som skickade en l\u00e4nk till <em>Transmission<\/em> och jag t\u00e4nkte \u201dshit vad bra det h\u00e4r \u00e4r\u201d. Efter det b\u00f6rjade jag lyssna p\u00e5 Spacemen 3 och Kraftwerk och s\u00e5dant. Det satte ig\u00e5ng v\u00e4ldigt mycket, innan dess hade jag lyssnat lite p\u00e5 Siouxsie and the Banshees, The Cure och Suede som \u00e4r lite mer pop men som \u00e4nd\u00e5 dras \u00e5t det h\u00e5llet. Jag \u00e4r uppvuxen med Pink Floyd och Jean Michel Jarre. Det gav mig ocks\u00e5 massa inspiration sedan n\u00e4r jag hittade postpunken och fattade att det g\u00e5r ihop lite med rocken.<\/p>\n<p><strong>P\u00e5 YouTube ligger det ute en liten serie p\u00e5 tre avsnitt fr\u00e5n n\u00e4r du var i London. Kan du ber\u00e4tta lite om det?<\/strong><\/p>\n<p>Jag spelade p\u00e5 Debaser Slussen i somras och han som arrangerade det \u00e4r \u00e4ven verksam i London s\u00e5 han tog dit oss. Det var riktigt h\u00e4rligt, f\u00f6r det var min f\u00f6rsta London-spelning och jag har sagt sedan jag var liten att jag ska bli rockstj\u00e4rna i London. Nu \u00e4r man inte det, men k\u00e4nslan var h\u00e4rlig. Vi var d\u00e4r ett helt g\u00e4ng, det var en v\u00e4ldigt fin spelning. Min bror jobbar i London s\u00e5 han var d\u00e4r med sina kollegor. Vissa musiker s\u00e4ger ju att det \u00e4r hemskt att spela i England, men jag fick en bra vibe.<\/p>\n<p><strong>Att \u00e5ka mer utomlands och turnera, \u00e4r det n\u00e5got du kommer vilja prioritera?<\/strong><\/p>\n<p>Jag vill ju det men det \u00e4r mycket rent skivbolagsm\u00e4ssigt, vart man ska sl\u00e4ppa skivan och s\u00e5dant. Men vi ska till Paris nu i v\u00e5r. Frankrike har en historia av new wave, de har det lite mer i blodet. Det kommer nog bli riktigt grymt. Jag skulle vilja spela p\u00e5 varenda st\u00e4lle i v\u00e4rlden om jag fick. V\u00e4rldsturn\u00e9, det hade varit kul.<\/p>\n<p><strong>Du n\u00e4mnde f\u00f6rut att du p\u00e5b\u00f6rjat ditt andra album.<\/strong><\/p>\n<p>Jag har b\u00f6rjat skriva p\u00e5 det &#8212; om det nu blir det, det vet jag inte &#8212; jag kanske sl\u00e4nger allting jag har gjort, men jag har absolut b\u00f6rjat skriva mycket nu. Det var f\u00f6rst ig\u00e5r som jag lyssnade p\u00e5 det h\u00e4r albumet, jag har inte lyssnat p\u00e5 det p\u00e5 v\u00e4ldigt l\u00e4nge f\u00f6r jag har velat l\u00e5ta det vila lite, l\u00e5ta det f\u00e5 lite mer rum. Jag har skrivit ganska mycket redan, sedan f\u00e5r vi se vad det blir.<\/p>\n<p><strong>Skiljer sig det du skrivit hittills fr\u00e5n hur det h\u00e4r albumet l\u00e5ter?<\/strong><\/p>\n<p>Rent melodim\u00e4ssigt \u00e4r det ganska monotont j\u00e4mf\u00f6rt med det h\u00e4r. Det \u00e4r lite h\u00e5rdare trumsound. Lite mer krautrock-inspirerat, men fortfarande v\u00e4ldigt postpunkigt. Lite mer \u00e5t <em>Low<\/em>-h\u00e5llet.<\/p>\n<p><strong>Vad har varit sv\u00e5rast under arbetsprocessen den h\u00e4r g\u00e5ngen? Vilken l\u00e5t har tagit l\u00e4ngst tid att g\u00f6ra f\u00e4rdigt?<\/strong><\/p>\n<p><em>Saving Up<\/em> har nog tagit l\u00e4ngst tid. Den fick jag k\u00e4mpa med. Dels k\u00e4mpa med att p\u00e5 riktigt blir k\u00e4r i den &#8212; det var lite hatk\u00e4rlek till den och har varit hela tiden. Det \u00e4r s\u00e5 med vissa l\u00e5tar, n\u00e5got som st\u00f6r en men man vet inte vad. Nu gillar jag den, men den tog l\u00e5ng tid. Vi spelade in alla l\u00e5tarna p\u00e5 tio dagar live i studion, s\u00e5 det rullade p\u00e5 ganska bra. Det var v\u00e4l under mixningen<\/p>\n<p><strong>Tror du att ni kommer f\u00f6rs\u00f6ka spela in p\u00e5 ett annorlunda s\u00e4tt n\u00e4sta g\u00e5ng?<\/strong><\/p>\n<p>Jag vet inte, jag \u00e4r v\u00e4ldigt pepp p\u00e5 att producera sj\u00e4lv. Beh\u00f6ver bara fler verktyg. Jag gillar att f\u00f6ra in live-k\u00e4nslan i det, sedan kanske jag vill ha en mer industriell grund n\u00e4sta g\u00e5ng. Jag tror fortfarande att jag kommer spela in instrumenten live. Hellre att de spelar maskinellt d\u00e5 \u00e4n att det l\u00e5ter maskinellt.<\/p>\n<p><iframe loading=\"lazy\" src=\"\/\/www.youtube.com\/embed\/FR2YFNa-gWQ\" height=\"315\" width=\"560\" allowfullscreen=\"\" frameborder=\"0\"><\/iframe><\/p>\n","protected":false},"excerpt":{"rendered":"<p>Hon \u00e4r 22 \u00e5r gammal och hennes \u00f6gon lyser upp s\u00e5 fort hon f\u00e5r prata om London eller sina favoritband &#8212; varav Joy Division antagligen \u00e4r de som l\u00e4mnat st\u00f6rst avtryck p\u00e5 hennes eget uttryck.\u00a0Med en rad singlar d\u00e4r inspirationen kommit fr\u00e5n just 80-talets postpunk har hon suddat ut bilden som tidigare The Voice-deltagare.\u00a0Den 15 [&hellip;]<\/p>\n","protected":false},"author":3,"featured_media":0,"comment_status":"open","ping_status":"open","sticky":false,"template":"","format":"standard","meta":{"_genesis_hide_title":false,"_genesis_hide_breadcrumbs":false,"_genesis_hide_singular_image":false,"_genesis_hide_footer_widgets":false,"_genesis_custom_body_class":"","_genesis_custom_post_class":"","_genesis_layout":"","footnotes":""},"categories":[5,7],"tags":[1189,10690,10652,10691,10692],"class_list":{"0":"post-79054","1":"post","2":"type-post","3":"status-publish","4":"format-standard","6":"category-intervju","7":"category-musik","8":"tag-debaser-medis","9":"tag-must-exist","10":"tag-nicole-saboune","11":"tag-post-punk","12":"tag-win-this-life","13":"entry"},"_links":{"self":[{"href":"https:\/\/kulturbloggen.com\/index.php?rest_route=\/wp\/v2\/posts\/79054","targetHints":{"allow":["GET"]}}],"collection":[{"href":"https:\/\/kulturbloggen.com\/index.php?rest_route=\/wp\/v2\/posts"}],"about":[{"href":"https:\/\/kulturbloggen.com\/index.php?rest_route=\/wp\/v2\/types\/post"}],"author":[{"embeddable":true,"href":"https:\/\/kulturbloggen.com\/index.php?rest_route=\/wp\/v2\/users\/3"}],"replies":[{"embeddable":true,"href":"https:\/\/kulturbloggen.com\/index.php?rest_route=%2Fwp%2Fv2%2Fcomments&post=79054"}],"version-history":[{"count":13,"href":"https:\/\/kulturbloggen.com\/index.php?rest_route=\/wp\/v2\/posts\/79054\/revisions"}],"predecessor-version":[{"id":79215,"href":"https:\/\/kulturbloggen.com\/index.php?rest_route=\/wp\/v2\/posts\/79054\/revisions\/79215"}],"wp:attachment":[{"href":"https:\/\/kulturbloggen.com\/index.php?rest_route=%2Fwp%2Fv2%2Fmedia&parent=79054"}],"wp:term":[{"taxonomy":"category","embeddable":true,"href":"https:\/\/kulturbloggen.com\/index.php?rest_route=%2Fwp%2Fv2%2Fcategories&post=79054"},{"taxonomy":"post_tag","embeddable":true,"href":"https:\/\/kulturbloggen.com\/index.php?rest_route=%2Fwp%2Fv2%2Ftags&post=79054"}],"curies":[{"name":"wp","href":"https:\/\/api.w.org\/{rel}","templated":true}]}}