{"id":78966,"date":"2014-01-07T13:25:34","date_gmt":"2014-01-07T11:25:34","guid":{"rendered":"http:\/\/kulturbloggen.com\/?p=78966"},"modified":"2014-01-07T13:29:25","modified_gmt":"2014-01-07T11:29:25","slug":"the-war-on-drugs-till-sverige-i-maj","status":"publish","type":"post","link":"https:\/\/kulturbloggen.com\/?p=78966","title":{"rendered":"The War on Drugs till Sverige i maj"},"content":{"rendered":"<p><a href=\"http:\/\/kulturbloggen.com\/wp-content\/uploads\/2014\/01\/drugs.jpg\"><img loading=\"lazy\" decoding=\"async\" class=\"aligncenter size-medium wp-image-78967\" alt=\"drugs\" src=\"http:\/\/kulturbloggen.com\/wp-content\/uploads\/2014\/01\/drugs-300x300.jpg\" width=\"300\" height=\"300\" srcset=\"https:\/\/kulturbloggen.com\/wp-content\/uploads\/2014\/01\/drugs-300x300.jpg 300w, https:\/\/kulturbloggen.com\/wp-content\/uploads\/2014\/01\/drugs-150x150.jpg 150w, https:\/\/kulturbloggen.com\/wp-content\/uploads\/2014\/01\/drugs.jpg 600w\" sizes=\"auto, (max-width: 300px) 100vw, 300px\" \/><\/a><\/p>\n<p>I mars sl\u00e4pper Philadelphia-bandet The War on Drugs sitt tredje studioalbum <em>Lost in the Dream<\/em>, varifr\u00e5n vi redan h\u00f6rt f\u00f6rsta singeln <em>Red Eyes<\/em>. Albumet f\u00f6ljer upp 2011 \u00e5rs <em>Slave Ambient<\/em>.\u00a0Nu st\u00e5r det klart att Adam Granduciel och hans mannar \u00e4ven kommer till Sverige f\u00f6r tre spelningar i maj. Senast de spelade p\u00e5 svensk mark var i samband med Way Out West 2012.\u00a0Bandet bes\u00f6ker Lund, Stockholm och G\u00f6teborg f\u00f6ljande datum:<\/p>\n<p>17 maj \u2013 Lund, Mejeriet<br \/>\n18 maj \u2013 Stockholm, Debaser Medis<br \/>\n19 maj \u2013 G\u00f6teborg, Pustervik<\/p>\n<p>S\u00e5 h\u00e4r skriver arrang\u00f6ren Luger i ett pressmeddelande:<\/p>\n<blockquote><p><em>&#8221;Den skimrande och dr\u00f6mlika dimman som utg\u00f6r de massiva lagerna av instrument i The War On Drugs \u00e4r h\u00e4pnadsv\u00e4ckande hypnotisk och det \u00e4r en trans som en v\u00e4xande skara fans v\u00e4lkommet fallit i. Nu i v\u00e5r har vi pricks\u00e4kra albumet &#8217;Lost in the Dream&#8217; att se fram emot. I v\u00e5ra \u00f6ron ett album som f\u00e5 andra kan visa sig vara mer efterl\u00e4ngtade.<\/em><\/p>\n<p><em>Den tovige och till synes tillbakalutande Adam Granduciel har sedan 2005 bedrivit kriget mot d\u00e5lig musik. Inte uttalat men vi som st\u00e5tt vid sidan om har lyssnat med nyfikenhet. Efter att ha kokat ihop f\u00f6rstlingsverket &#8217;Wagonwheels Blues&#8217; med en lagom l\u00e5ngh\u00e5rig Kurt Vile, fortsatte han sedan upp det med den vansinnigt m\u00e4sterliga &#8217;Slave Ambient&#8217; fr\u00e5n 2011. Skivan \u00e4r tolv hits staplade ovanp\u00e5 varandra som med l\u00e4tthet n\u00e5r till m\u00e5nen.<\/em><\/p>\n<p><em>I h\u00f6stas d\u00f6k f\u00f6rsta smakprovet upp fr\u00e5n &#8217;Lost in the Dream&#8217; (som dimper ner i mars). L\u00e5ten hette &#8217;Red Eyes&#8217; och knuffade undan alla spellistor vi hade i v\u00e5r \u00e4go och svetsade sig fast i repeatl\u00e4ge. Att Adam Granduciel har skapat en skiva som kommer vara en st\u00e4ndig kompanjon p\u00e5 bussen, bilen och kontoret \u00e4r ofr\u00e5nkomligt. G\u00f6r er redo.&#8221;<\/em><\/p><\/blockquote>\n<p><strong>H\u00e4r kan du lyssna p\u00e5 <em>Red Eyes<\/em>:<\/strong><\/p>\n<p><iframe loading=\"lazy\" src=\"\/\/www.youtube.com\/embed\/bsoqmFL1vlU\" height=\"315\" width=\"560\" allowfullscreen=\"\" frameborder=\"0\"><\/iframe><\/p>\n","protected":false},"excerpt":{"rendered":"<p>I mars sl\u00e4pper Philadelphia-bandet The War on Drugs sitt tredje studioalbum Lost in the Dream, varifr\u00e5n vi redan h\u00f6rt f\u00f6rsta singeln Red Eyes. Albumet f\u00f6ljer upp 2011 \u00e5rs Slave Ambient.\u00a0Nu st\u00e5r det klart att Adam Granduciel och hans mannar \u00e4ven kommer till Sverige f\u00f6r tre spelningar i maj. Senast de spelade p\u00e5 svensk mark var [&hellip;]<\/p>\n","protected":false},"author":3,"featured_media":0,"comment_status":"open","ping_status":"open","sticky":false,"template":"","format":"standard","meta":{"_genesis_hide_title":false,"_genesis_hide_breadcrumbs":false,"_genesis_hide_singular_image":false,"_genesis_hide_footer_widgets":false,"_genesis_custom_body_class":"","_genesis_custom_post_class":"","_genesis_layout":"","footnotes":""},"categories":[7],"tags":[5821],"class_list":{"0":"post-78966","1":"post","2":"type-post","3":"status-publish","4":"format-standard","6":"category-musik","7":"tag-the-war-on-drugs","8":"entry"},"_links":{"self":[{"href":"https:\/\/kulturbloggen.com\/index.php?rest_route=\/wp\/v2\/posts\/78966","targetHints":{"allow":["GET"]}}],"collection":[{"href":"https:\/\/kulturbloggen.com\/index.php?rest_route=\/wp\/v2\/posts"}],"about":[{"href":"https:\/\/kulturbloggen.com\/index.php?rest_route=\/wp\/v2\/types\/post"}],"author":[{"embeddable":true,"href":"https:\/\/kulturbloggen.com\/index.php?rest_route=\/wp\/v2\/users\/3"}],"replies":[{"embeddable":true,"href":"https:\/\/kulturbloggen.com\/index.php?rest_route=%2Fwp%2Fv2%2Fcomments&post=78966"}],"version-history":[{"count":2,"href":"https:\/\/kulturbloggen.com\/index.php?rest_route=\/wp\/v2\/posts\/78966\/revisions"}],"predecessor-version":[{"id":78969,"href":"https:\/\/kulturbloggen.com\/index.php?rest_route=\/wp\/v2\/posts\/78966\/revisions\/78969"}],"wp:attachment":[{"href":"https:\/\/kulturbloggen.com\/index.php?rest_route=%2Fwp%2Fv2%2Fmedia&parent=78966"}],"wp:term":[{"taxonomy":"category","embeddable":true,"href":"https:\/\/kulturbloggen.com\/index.php?rest_route=%2Fwp%2Fv2%2Fcategories&post=78966"},{"taxonomy":"post_tag","embeddable":true,"href":"https:\/\/kulturbloggen.com\/index.php?rest_route=%2Fwp%2Fv2%2Ftags&post=78966"}],"curies":[{"name":"wp","href":"https:\/\/api.w.org\/{rel}","templated":true}]}}