{"id":78760,"date":"2013-12-27T15:37:45","date_gmt":"2013-12-27T13:37:45","guid":{"rendered":"http:\/\/kulturbloggen.com\/?p=78760"},"modified":"2017-12-01T07:25:55","modified_gmt":"2017-12-01T06:25:55","slug":"filmpodcast-filmladan-6-gravity-the-fountain","status":"publish","type":"post","link":"https:\/\/kulturbloggen.com\/?p=78760","title":{"rendered":"Filmpodcast: Filml\u00e5dan #6 &#8211; Gravity \/ The Fountain"},"content":{"rendered":"<p style=\"text-align: justify;\"><a href=\"http:\/\/kulturbloggen.com\/wp-content\/uploads\/2013\/12\/gravity.jpg\"><img loading=\"lazy\" decoding=\"async\" class=\"size-medium wp-image-78767 alignleft\" alt=\"gravity\" src=\"http:\/\/kulturbloggen.com\/wp-content\/uploads\/2013\/12\/gravity-300x200.jpg\" width=\"300\" height=\"200\" srcset=\"https:\/\/kulturbloggen.com\/wp-content\/uploads\/2013\/12\/gravity-300x200.jpg 300w, https:\/\/kulturbloggen.com\/wp-content\/uploads\/2013\/12\/gravity-1024x682.jpg 1024w, https:\/\/kulturbloggen.com\/wp-content\/uploads\/2013\/12\/gravity.jpg 1500w\" sizes=\"auto, (max-width: 300px) 100vw, 300px\" \/><\/a>I avsnitt #6 bjuder <strong>Filml\u00e5dan<\/strong> p\u00e5 en dubbelmacka! Alfonso Cuarons hyllade scifi-\u00e4ventyr <strong>Gravity<\/strong> paras ihop med Darren Aronofskys flum-epos <strong>The Fountain<\/strong>. Det diskuteras huruvida Gravity \u00e4r djupare \u00e4n <em>valfri \u00e5kattraktion<\/em> p\u00e5 Gr\u00f6na Lund och Franz anm\u00e4ler sina tj\u00e4nster som manusf\u00f6rfattare till Alfonso Cuarons kommande film. I The Fountain fascineras Robert \u00f6ver m\u00e4nniskans f\u00f6rm\u00e5ga att bearbeta d\u00f6den i form av <em>rymd-buddhor som slickar sav fr\u00e5n tr\u00e4d<\/em>, Franz ser liv och d\u00f6d som ett kretslopp medan Magnus h\u00e5ller sig <em>skeptisk<\/em> till filmens underh\u00e5llningsv\u00e4rde.<\/p>\n<p style=\"text-align: justify;\">Sedan g\u00e5r avsnittet vidare i rymdens tecken och Robert talar sig varm om n\u00e5gra klassiska 70tals-scifis. Franz har sett <em>Hobbit 2: Desolation of Smaug<\/em> men f\u00e5r inga mothugg i sina hyllningar (vilket kan bero p\u00e5 att de andra inte sett den \u00e4nnu), och Mange lovprisar Tom Hanks i <em>Captain Phillips<\/em>.<\/p>\n<p style=\"text-align: justify;\">Avsnittet avrundas med en diskussion kring <strong>Julfilmer<\/strong> d\u00e5 Franz och Magnus sett ett par julrullar i sann julanda. Bara julgrinchen Robert v\u00e4grar delta. Eller s\u00e5 \u00e4r det bara jul\u00f6len som tagit ut sin r\u00e4tt&#8230;<\/p>\n<p style=\"text-align: justify;\">Vars\u00e5goda!<\/p>\n<p style=\"text-align: justify;\"><strong>SPELSCHEMA:<\/strong><br \/>\n00:00-24:20 Intro \/ <strong>Gravity<\/strong><br \/>\n24:20-39:10 <strong>The Fountain<\/strong><br \/>\n39:10-59:59 <strong>Vad har vi sett?<\/strong> [<em>Silent Running, Captain Phillips, The Hobbit 2, Solaris, Pontypool<\/em>]<br \/>\n59:59-01:15:58 &#8211; <strong>Julfilmsspecial<\/strong> [Julfilmernas sliskiga natur, <em>It&#8217;s a Wonderful Life, Polarexpressen, V\u00e4gen till Betlehem, Bad Santa, Scrooged, Home Alone, Gremlins, Christmas Vacation, Miracle at 34th street<\/em>, Favorit julfilmer]<br \/>\n.<br \/>\n.<br \/>\n<a href=\"https:\/\/itunes.apple.com\/se\/podcast\/filmladan\/id731118441?l=en\">L\u00e4nk till <strong>iTunes<\/strong>.<\/a><br \/>\n.<br \/>\n.<br \/>\n<a href=\"http:\/\/traffic.libsyn.com\/filmladan\/Episode_6.mp3\"><strong>LADDA NER SOM MP3!<\/strong><\/a><br \/>\n.<br \/>\n.<\/p>\n<audio class=\"wp-audio-shortcode\" id=\"audio-78760-1\" preload=\"none\" style=\"width: 100%;\" controls=\"controls\"><source type=\"audio\/mpeg\" src=\"http:\/\/traffic.libsyn.com\/filmladan\/Episode_6.mp3?_=1\" \/><a href=\"http:\/\/traffic.libsyn.com\/filmladan\/Episode_6.mp3\">http:\/\/traffic.libsyn.com\/filmladan\/Episode_6.mp3<\/a><\/audio>\n","protected":false},"excerpt":{"rendered":"<p>I avsnitt #6 bjuder Filml\u00e5dan p\u00e5 en dubbelmacka! Alfonso Cuarons hyllade scifi-\u00e4ventyr Gravity paras ihop med Darren Aronofskys flum-epos The Fountain. Det diskuteras huruvida Gravity \u00e4r djupare \u00e4n valfri \u00e5kattraktion p\u00e5 Gr\u00f6na Lund och Franz anm\u00e4ler sina tj\u00e4nster som manusf\u00f6rfattare till Alfonso Cuarons kommande film. I The Fountain fascineras Robert \u00f6ver m\u00e4nniskans f\u00f6rm\u00e5ga att bearbeta [&hellip;]<\/p>\n","protected":false},"author":13,"featured_media":0,"comment_status":"open","ping_status":"open","sticky":false,"template":"","format":"standard","meta":{"_genesis_hide_title":false,"_genesis_hide_breadcrumbs":false,"_genesis_hide_singular_image":false,"_genesis_hide_footer_widgets":false,"_genesis_custom_body_class":"","_genesis_custom_post_class":"","_genesis_layout":"","footnotes":""},"categories":[50],"tags":[10649,6918,10644,10643,10647,2785,4407,10648,10646,10645,5739,10650],"class_list":{"0":"post-78760","1":"post","2":"type-post","3":"status-publish","4":"format-standard","6":"category-filmfilm","7":"tag-captain-phillips","8":"tag-filmkronikan-2","9":"tag-filmladan","10":"tag-gravity","11":"tag-its-a-wonderful-life","12":"tag-julfilmer","13":"tag-podcast","14":"tag-scrooged","15":"tag-silent-running","16":"tag-solaris","17":"tag-the-fountain","18":"tag-the-hobbit-2","19":"entry"},"_links":{"self":[{"href":"https:\/\/kulturbloggen.com\/index.php?rest_route=\/wp\/v2\/posts\/78760","targetHints":{"allow":["GET"]}}],"collection":[{"href":"https:\/\/kulturbloggen.com\/index.php?rest_route=\/wp\/v2\/posts"}],"about":[{"href":"https:\/\/kulturbloggen.com\/index.php?rest_route=\/wp\/v2\/types\/post"}],"author":[{"embeddable":true,"href":"https:\/\/kulturbloggen.com\/index.php?rest_route=\/wp\/v2\/users\/13"}],"replies":[{"embeddable":true,"href":"https:\/\/kulturbloggen.com\/index.php?rest_route=%2Fwp%2Fv2%2Fcomments&post=78760"}],"version-history":[{"count":10,"href":"https:\/\/kulturbloggen.com\/index.php?rest_route=\/wp\/v2\/posts\/78760\/revisions"}],"predecessor-version":[{"id":78771,"href":"https:\/\/kulturbloggen.com\/index.php?rest_route=\/wp\/v2\/posts\/78760\/revisions\/78771"}],"wp:attachment":[{"href":"https:\/\/kulturbloggen.com\/index.php?rest_route=%2Fwp%2Fv2%2Fmedia&parent=78760"}],"wp:term":[{"taxonomy":"category","embeddable":true,"href":"https:\/\/kulturbloggen.com\/index.php?rest_route=%2Fwp%2Fv2%2Fcategories&post=78760"},{"taxonomy":"post_tag","embeddable":true,"href":"https:\/\/kulturbloggen.com\/index.php?rest_route=%2Fwp%2Fv2%2Ftags&post=78760"}],"curies":[{"name":"wp","href":"https:\/\/api.w.org\/{rel}","templated":true}]}}