{"id":78626,"date":"2013-12-19T21:22:56","date_gmt":"2013-12-19T19:22:56","guid":{"rendered":"http:\/\/kulturbloggen.com\/?p=78626"},"modified":"2013-12-19T21:22:56","modified_gmt":"2013-12-19T19:22:56","slug":"lyssna-anna-calvi-fire","status":"publish","type":"post","link":"https:\/\/kulturbloggen.com\/?p=78626","title":{"rendered":"Lyssna: Anna Calvi &#8211; Fire"},"content":{"rendered":"<p><a href=\"http:\/\/kulturbloggen.com\/wp-content\/uploads\/2013\/12\/calvi.png\"><img loading=\"lazy\" decoding=\"async\" class=\"aligncenter size-medium wp-image-78627\" alt=\"calvi\" src=\"http:\/\/kulturbloggen.com\/wp-content\/uploads\/2013\/12\/calvi-300x298.png\" width=\"300\" height=\"298\" srcset=\"https:\/\/kulturbloggen.com\/wp-content\/uploads\/2013\/12\/calvi-300x298.png 300w, https:\/\/kulturbloggen.com\/wp-content\/uploads\/2013\/12\/calvi-150x150.png 150w, https:\/\/kulturbloggen.com\/wp-content\/uploads\/2013\/12\/calvi.png 500w\" sizes=\"auto, (max-width: 300px) 100vw, 300px\" \/><\/a><\/p>\n<p>F\u00f6r bara n\u00e5gra m\u00e5nader sedan gav den brittiska s\u00e5ngerskan Anna Calvi ut sitt andra album <em>One Breath<\/em>, som f\u00f6ljde upp den sj\u00e4lvbetitlade debuten fr\u00e5n 2011. N\u00e4r hon nu ger ut albumsingeln <em>Suddenly<\/em> ackompanjeras den av en av en cover p\u00e5 Bruce Springsteens <em>Fire<\/em>.<\/p>\n<p><strong> Lyssna p\u00e5 hennes version av l\u00e5ten h\u00e4r nedan:<\/strong><\/p>\n<p><iframe loading=\"lazy\" src=\"\/\/www.youtube.com\/embed\/FJxAtOMJWK8\" height=\"315\" width=\"560\" allowfullscreen=\"\" frameborder=\"0\"><\/iframe><\/p>\n","protected":false},"excerpt":{"rendered":"<p>F\u00f6r bara n\u00e5gra m\u00e5nader sedan gav den brittiska s\u00e5ngerskan Anna Calvi ut sitt andra album One Breath, som f\u00f6ljde upp den sj\u00e4lvbetitlade debuten fr\u00e5n 2011. N\u00e4r hon nu ger ut albumsingeln Suddenly ackompanjeras den av en av en cover p\u00e5 Bruce Springsteens Fire. Lyssna p\u00e5 hennes version av l\u00e5ten h\u00e4r nedan:<\/p>\n","protected":false},"author":3,"featured_media":0,"comment_status":"open","ping_status":"open","sticky":false,"template":"","format":"standard","meta":{"_genesis_hide_title":false,"_genesis_hide_breadcrumbs":false,"_genesis_hide_singular_image":false,"_genesis_hide_footer_widgets":false,"_genesis_custom_body_class":"","_genesis_custom_post_class":"","_genesis_layout":"","footnotes":""},"categories":[7],"tags":[305,10633],"class_list":{"0":"post-78626","1":"post","2":"type-post","3":"status-publish","4":"format-standard","6":"category-musik","7":"tag-anna-calvi","8":"tag-fire","9":"entry"},"_links":{"self":[{"href":"https:\/\/kulturbloggen.com\/index.php?rest_route=\/wp\/v2\/posts\/78626","targetHints":{"allow":["GET"]}}],"collection":[{"href":"https:\/\/kulturbloggen.com\/index.php?rest_route=\/wp\/v2\/posts"}],"about":[{"href":"https:\/\/kulturbloggen.com\/index.php?rest_route=\/wp\/v2\/types\/post"}],"author":[{"embeddable":true,"href":"https:\/\/kulturbloggen.com\/index.php?rest_route=\/wp\/v2\/users\/3"}],"replies":[{"embeddable":true,"href":"https:\/\/kulturbloggen.com\/index.php?rest_route=%2Fwp%2Fv2%2Fcomments&post=78626"}],"version-history":[{"count":1,"href":"https:\/\/kulturbloggen.com\/index.php?rest_route=\/wp\/v2\/posts\/78626\/revisions"}],"predecessor-version":[{"id":78628,"href":"https:\/\/kulturbloggen.com\/index.php?rest_route=\/wp\/v2\/posts\/78626\/revisions\/78628"}],"wp:attachment":[{"href":"https:\/\/kulturbloggen.com\/index.php?rest_route=%2Fwp%2Fv2%2Fmedia&parent=78626"}],"wp:term":[{"taxonomy":"category","embeddable":true,"href":"https:\/\/kulturbloggen.com\/index.php?rest_route=%2Fwp%2Fv2%2Fcategories&post=78626"},{"taxonomy":"post_tag","embeddable":true,"href":"https:\/\/kulturbloggen.com\/index.php?rest_route=%2Fwp%2Fv2%2Ftags&post=78626"}],"curies":[{"name":"wp","href":"https:\/\/api.w.org\/{rel}","templated":true}]}}