{"id":78623,"date":"2013-12-19T15:29:19","date_gmt":"2013-12-19T13:29:19","guid":{"rendered":"http:\/\/kulturbloggen.com\/?p=78623"},"modified":"2013-12-20T13:20:23","modified_gmt":"2013-12-20T11:20:23","slug":"daft-punk-gor-sitt-forsta-liveframtradande-pa-ar","status":"publish","type":"post","link":"https:\/\/kulturbloggen.com\/?p=78623","title":{"rendered":"Daft Punk g\u00f6r live-comeback"},"content":{"rendered":"<p><a href=\"http:\/\/kulturbloggen.com\/wp-content\/uploads\/2013\/12\/dp.jpg\"><img loading=\"lazy\" decoding=\"async\" class=\"aligncenter size-medium wp-image-78624\" alt=\"dp\" src=\"http:\/\/kulturbloggen.com\/wp-content\/uploads\/2013\/12\/dp-300x225.jpg\" width=\"300\" height=\"225\" srcset=\"https:\/\/kulturbloggen.com\/wp-content\/uploads\/2013\/12\/dp-300x225.jpg 300w, https:\/\/kulturbloggen.com\/wp-content\/uploads\/2013\/12\/dp.jpg 600w\" sizes=\"auto, (max-width: 300px) 100vw, 300px\" \/><\/a><\/p>\n<p>Sju m\u00e5nader efter att Daft Punk sl\u00e4ppte sitt senaste album <em>Random Access Memories<\/em> verkar det som att robotarna \u00e4r redo att framf\u00f6ra material d\u00e4rifr\u00e5n live f\u00f6r f\u00f6rsta g\u00e5ngen.<\/p>\n<p><a href=\"http:\/\/www.rollingstone.com\/music\/news\/daft-punk-playing-grammy-awards-2014-20131219\">Rolling Stone <\/a>rapporterar att den franka duon kommer att upptr\u00e4da p\u00e5 Grammy Awards, som \u00e4ger rum s\u00f6ndagen den 26 januari, f\u00f6r vad som blir deras f\u00f6rsta tv-s\u00e4nda framtr\u00e4dande sedan de g\u00e4stade Kanye Wests upptr\u00e4dande med <em>Stronger<\/em> p\u00e5 2008 \u00e5rs Grammys-gala.<\/p>\n<p>Grammy Awards-producenten Ken Ehrlich beskriver Draft Punks medverkan som &#8221;a collaborative and celebratory stage performance that honors their multi-nominated music&#8221;.<\/p>\n<p><strong>H\u00e4r kan du se deras musikvideo till <em>Instant Crush<\/em>:<\/strong><\/p>\n<p><iframe loading=\"lazy\" src=\"\/\/www.youtube.com\/embed\/a5uQMwRMHcs\" height=\"315\" width=\"560\" allowfullscreen=\"\" frameborder=\"0\"><\/iframe><\/p>\n","protected":false},"excerpt":{"rendered":"<p>Sju m\u00e5nader efter att Daft Punk sl\u00e4ppte sitt senaste album Random Access Memories verkar det som att robotarna \u00e4r redo att framf\u00f6ra material d\u00e4rifr\u00e5n live f\u00f6r f\u00f6rsta g\u00e5ngen. Rolling Stone rapporterar att den franka duon kommer att upptr\u00e4da p\u00e5 Grammy Awards, som \u00e4ger rum s\u00f6ndagen den 26 januari, f\u00f6r vad som blir deras f\u00f6rsta tv-s\u00e4nda [&hellip;]<\/p>\n","protected":false},"author":3,"featured_media":0,"comment_status":"open","ping_status":"open","sticky":false,"template":"","format":"standard","meta":{"_genesis_hide_title":false,"_genesis_hide_breadcrumbs":false,"_genesis_hide_singular_image":false,"_genesis_hide_footer_widgets":false,"_genesis_custom_body_class":"","_genesis_custom_post_class":"","_genesis_layout":"","footnotes":""},"categories":[7],"tags":[9403,10632],"class_list":["post-78623","post","type-post","status-publish","format-standard","category-musik","tag-daft-punk","tag-grammy-awards","entry"],"_links":{"self":[{"href":"https:\/\/kulturbloggen.com\/index.php?rest_route=\/wp\/v2\/posts\/78623","targetHints":{"allow":["GET"]}}],"collection":[{"href":"https:\/\/kulturbloggen.com\/index.php?rest_route=\/wp\/v2\/posts"}],"about":[{"href":"https:\/\/kulturbloggen.com\/index.php?rest_route=\/wp\/v2\/types\/post"}],"author":[{"embeddable":true,"href":"https:\/\/kulturbloggen.com\/index.php?rest_route=\/wp\/v2\/users\/3"}],"replies":[{"embeddable":true,"href":"https:\/\/kulturbloggen.com\/index.php?rest_route=%2Fwp%2Fv2%2Fcomments&post=78623"}],"version-history":[{"count":2,"href":"https:\/\/kulturbloggen.com\/index.php?rest_route=\/wp\/v2\/posts\/78623\/revisions"}],"predecessor-version":[{"id":78648,"href":"https:\/\/kulturbloggen.com\/index.php?rest_route=\/wp\/v2\/posts\/78623\/revisions\/78648"}],"wp:attachment":[{"href":"https:\/\/kulturbloggen.com\/index.php?rest_route=%2Fwp%2Fv2%2Fmedia&parent=78623"}],"wp:term":[{"taxonomy":"category","embeddable":true,"href":"https:\/\/kulturbloggen.com\/index.php?rest_route=%2Fwp%2Fv2%2Fcategories&post=78623"},{"taxonomy":"post_tag","embeddable":true,"href":"https:\/\/kulturbloggen.com\/index.php?rest_route=%2Fwp%2Fv2%2Ftags&post=78623"}],"curies":[{"name":"wp","href":"https:\/\/api.w.org\/{rel}","templated":true}]}}