{"id":78307,"date":"2013-12-10T11:22:18","date_gmt":"2013-12-10T09:22:18","guid":{"rendered":"http:\/\/kulturbloggen.com\/?p=78307"},"modified":"2013-12-10T11:22:18","modified_gmt":"2013-12-10T09:22:18","slug":"iron-maiden-gor-sin-enda-sverigespelning-pa-bravalla","status":"publish","type":"post","link":"https:\/\/kulturbloggen.com\/?p=78307","title":{"rendered":"Iron Maiden g\u00f6r sin enda Sverigespelning p\u00e5 Br\u00e5valla"},"content":{"rendered":"<p style=\"text-align: center;\"><a href=\"http:\/\/kulturbloggen.com\/wp-content\/uploads\/2013\/12\/maiden.jpg\"><img loading=\"lazy\" decoding=\"async\" class=\"size-medium wp-image-78308 aligncenter\" alt=\"maiden\" src=\"http:\/\/kulturbloggen.com\/wp-content\/uploads\/2013\/12\/maiden-300x187.jpg\" width=\"300\" height=\"187\" srcset=\"https:\/\/kulturbloggen.com\/wp-content\/uploads\/2013\/12\/maiden-300x187.jpg 300w, https:\/\/kulturbloggen.com\/wp-content\/uploads\/2013\/12\/maiden-1024x640.jpg 1024w, https:\/\/kulturbloggen.com\/wp-content\/uploads\/2013\/12\/maiden.jpg 1131w\" sizes=\"auto, (max-width: 300px) 100vw, 300px\" \/><\/a><\/p>\n<p>Br\u00e5valla, som mellan den 26 till 28 juni g\u00e5r av stapeln i Norrk\u00f6ping f\u00f6r andra \u00e5ret i rad, gick under f\u00f6rmiddagen ut med sina f\u00f6rsta akter. Temat p\u00e5 dagens sl\u00e4pp var h\u00e5rdrock.<\/p>\n<p>Det \u00e4r nu bekr\u00e4ftat att de brittiska heavy metal-giganterna i Iron Maiden blir ett av dragpl\u00e5stren p\u00e5 2014 \u00e5rs festival. Det blir deras enda Sverigespelning. Dessutom har \u00e4ven Bring Me the Horizon, Trivum, We Came as Romans samt Of Mice &amp; Men anslutit sig till festivalens line-up.<\/p>\n<p>S\u00e5 h\u00e4r presenterar Br\u00e5valla Iron Maiden p\u00e5 sin hemsida:<\/p>\n<blockquote><p><em>&#8221;V\u00e4rldens st\u00f6rsta och mest inflytelserika heavy metal-band kommer till Br\u00e5valla. I sommar drar Maiden England World Tour in \u00f6ver Sverige och den enda spelningen i landet kommer att bli p\u00e5 Br\u00e5valla.\u00a0<\/em><em>Just Maiden England \u00e4r ett turn\u00e9namn som f\u00f6rpliktigar. Som alla fans vet \u00e4r det \u00e4ven titeln p\u00e5 en legendarisk liveupptagning fr\u00e5n Birmingham 27-28 november 1988. Samma liveupptagning som st\u00e4ngde Iron Maidens 80-tal, innan bandet 1990 \u00e5terv\u00e4nde med skivan &#8217;No Prayer for the Dying&#8217;.<\/em><\/p>\n<p><em>Iron Maidens manager Rod Smallwood f\u00f6rklarar:<\/em><\/p>\n<p><em>&#8217;Som alla v\u00e5ra fans k\u00e4nner till \u00e4r Maiden England den tredje delen i v\u00e5r History Triology \u00f6ver 1980-talets video\/dvd-utgivningar, s\u00e5 det h\u00e4r kommer troligtvis bli sista g\u00e5ngen vi turnerar med en l\u00e5tlista baserad p\u00e5 80-talet och d\u00e4rmed \u00e4ven den sista g\u00e5ngen N\u00c5GONSIN som fansen kommer att f\u00e5 h\u00f6ra vissa av dessa l\u00e5tar live.\u00a0<\/em><em>P\u00e5 grund av det kommer vi att \u00e4ndra om lite i l\u00e5tlistan f\u00f6r konserterna under 2014, f\u00f6r att g\u00f6ra den mer representativ f\u00f6r hela 80-talet och de tre DVD:erna \u2013 Early Days, Live After Death och givetvis Maiden England, tillsammans med ett anm\u00e4rkningsv\u00e4rt undantag fr\u00e5n 90-talet. Fansen kommer att veta vilken l\u00e5t jag pratar om!&#8217;<\/em><\/p>\n<p><em>Ja, ni h\u00f6r ju sj\u00e4lva \u2013 det h\u00e4r blir sista g\u00e5ngen n\u00e5gonsin du f\u00e5r chansen att h\u00f6ra n\u00e5gra av Iron Maidens klassiska l\u00e5tar fr\u00e5n 80-talet live i Sverige.\u00a0<\/em><em>Oavsett om du \u00e4r h\u00e5rdrockare eller inte \u00e4r Iron Maiden p\u00e5 Br\u00e5valla en konsert du bara inte vill missa. Spelningen kommer att bli en klassiker.&#8221;<\/em><\/p><\/blockquote>\n<p>Br\u00e5valla kommer forts\u00e4tta sl\u00e4ppa band under veckan; p\u00e5 onsdag ligger fokus p\u00e5 svenska soloakter medan torsdagen bjuder p\u00e5 indie innan veckan avslutas p\u00e5 fredag med ett dance-orienterat sl\u00e4pp.<\/p>\n<p><iframe loading=\"lazy\" src=\"\/\/www.youtube.com\/embed\/Nba3Tr_GLZU\" height=\"315\" width=\"420\" allowfullscreen=\"\" frameborder=\"0\"><\/iframe><\/p>\n","protected":false},"excerpt":{"rendered":"<p>Br\u00e5valla, som mellan den 26 till 28 juni g\u00e5r av stapeln i Norrk\u00f6ping f\u00f6r andra \u00e5ret i rad, gick under f\u00f6rmiddagen ut med sina f\u00f6rsta akter. Temat p\u00e5 dagens sl\u00e4pp var h\u00e5rdrock. Det \u00e4r nu bekr\u00e4ftat att de brittiska heavy metal-giganterna i Iron Maiden blir ett av dragpl\u00e5stren p\u00e5 2014 \u00e5rs festival. Det blir deras [&hellip;]<\/p>\n","protected":false},"author":3,"featured_media":0,"comment_status":"open","ping_status":"open","sticky":false,"template":"","format":"standard","meta":{"_genesis_hide_title":false,"_genesis_hide_breadcrumbs":false,"_genesis_hide_singular_image":false,"_genesis_hide_footer_widgets":false,"_genesis_custom_body_class":"","_genesis_custom_post_class":"","_genesis_layout":"","footnotes":""},"categories":[7],"tags":[8756,842,2563,5968],"class_list":{"0":"post-78307","1":"post","2":"type-post","3":"status-publish","4":"format-standard","6":"category-musik","7":"tag-bravalla","8":"tag-bring-me-the-horizon","9":"tag-iron-maiden","10":"tag-trivium","11":"entry"},"_links":{"self":[{"href":"https:\/\/kulturbloggen.com\/index.php?rest_route=\/wp\/v2\/posts\/78307","targetHints":{"allow":["GET"]}}],"collection":[{"href":"https:\/\/kulturbloggen.com\/index.php?rest_route=\/wp\/v2\/posts"}],"about":[{"href":"https:\/\/kulturbloggen.com\/index.php?rest_route=\/wp\/v2\/types\/post"}],"author":[{"embeddable":true,"href":"https:\/\/kulturbloggen.com\/index.php?rest_route=\/wp\/v2\/users\/3"}],"replies":[{"embeddable":true,"href":"https:\/\/kulturbloggen.com\/index.php?rest_route=%2Fwp%2Fv2%2Fcomments&post=78307"}],"version-history":[{"count":1,"href":"https:\/\/kulturbloggen.com\/index.php?rest_route=\/wp\/v2\/posts\/78307\/revisions"}],"predecessor-version":[{"id":78309,"href":"https:\/\/kulturbloggen.com\/index.php?rest_route=\/wp\/v2\/posts\/78307\/revisions\/78309"}],"wp:attachment":[{"href":"https:\/\/kulturbloggen.com\/index.php?rest_route=%2Fwp%2Fv2%2Fmedia&parent=78307"}],"wp:term":[{"taxonomy":"category","embeddable":true,"href":"https:\/\/kulturbloggen.com\/index.php?rest_route=%2Fwp%2Fv2%2Fcategories&post=78307"},{"taxonomy":"post_tag","embeddable":true,"href":"https:\/\/kulturbloggen.com\/index.php?rest_route=%2Fwp%2Fv2%2Ftags&post=78307"}],"curies":[{"name":"wp","href":"https:\/\/api.w.org\/{rel}","templated":true}]}}