{"id":78022,"date":"2013-12-02T17:13:36","date_gmt":"2013-12-02T15:13:36","guid":{"rendered":"http:\/\/kulturbloggen.com\/?p=78022"},"modified":"2017-12-01T07:27:18","modified_gmt":"2017-12-01T06:27:18","slug":"filmpodcast-filmladan-4-the-hobbit-extended-cut","status":"publish","type":"post","link":"https:\/\/kulturbloggen.com\/?p=78022","title":{"rendered":"Filmpodcast: Filml\u00e5dan #4 &#8211; The Hobbit (Extended Cut)"},"content":{"rendered":"<p><a href=\"http:\/\/kulturbloggen.com\/wp-content\/uploads\/2013\/12\/hobbitext.jpg\"><img loading=\"lazy\" decoding=\"async\" class=\"size-medium wp-image-78028 alignleft\" alt=\"hobbitext\" src=\"http:\/\/kulturbloggen.com\/wp-content\/uploads\/2013\/12\/hobbitext-237x300.jpg\" width=\"237\" height=\"300\" srcset=\"https:\/\/kulturbloggen.com\/wp-content\/uploads\/2013\/12\/hobbitext-237x300.jpg 237w, https:\/\/kulturbloggen.com\/wp-content\/uploads\/2013\/12\/hobbitext.jpg 490w\" sizes=\"auto, (max-width: 237px) 100vw, 237px\" \/><\/a>I avsnitt fyra av <strong>Filml\u00e5dan<\/strong> uppst\u00e5r en spricka mellan de medverkande efter att Robert inlett diskussionen med en sju minuter l\u00e5ng dumf\u00f6rklaring av <strong>The Hobbit<\/strong> och sig sj\u00e4lv.<\/p>\n<p>Har <em>Peter Jackson<\/em> levererat en cynisk happy meal-produkt eller osar filmen ist\u00e4llet av k\u00e4rlek till Tolkiens v\u00e4rld? Ingen h\u00e5ller sams (f\u00f6rutom Robert och Mange) och ingen h\u00e5ller tyst. Dessutom: Franz sprider k\u00e4rlek till &#8221;Bleka D\u00f6dens Minut&#8221; och &#8221;The Dark Crystal&#8221;, Robert hyllar Ken Russells flumpsykos &#8221;Altered States&#8221; och Mange \u00e5terupplivar uttrycket &#8221;Cancel christmas!&#8221;.<br \/>\nIlska, gl\u00e4dje och fantasy st\u00e5r p\u00e5 menyn i v\u00e5r \u00e4ventyr\/fantasyspecial.<\/p>\n<p>Vars\u00e5goda!<\/p>\n<p>&nbsp;<\/p>\n<p>&nbsp;<\/p>\n<p><strong>SPELSCHEMA:<\/strong><br \/>\n00:00-00:50 &#8211; Intro<br \/>\n00:50-09:19 &#8211; Roberts febermonolog<br \/>\n09:19-26:40 &#8211; The Hobbit diskussion<br \/>\n26:40-58:15 &#8211; B\u00e4sta fantasy\/\u00e4ventyrsskurk<br \/>\n58:15-01:12:56 &#8211; Vad har vi sett? [<em>Insidiuos 2, Lone Ranger, Grabbers, Altered States, The Princess Bride, Chronicles of Narnia, The Dark Crystal<\/em>]<\/p>\n<p><a href=\"https:\/\/itunes.apple.com\/se\/podcast\/filmladans-podcast\/id731118441?l=en\"><strong>L\u00e4nk till iTunes<\/strong><\/a><\/p>\n<p><a href=\"http:\/\/traffic.libsyn.com\/filmladan\/Filmldan_Episode_4.mp3\">LADDA NER SOM MP3<\/a><\/p>\n<audio class=\"wp-audio-shortcode\" id=\"audio-78022-1\" preload=\"none\" style=\"width: 100%;\" controls=\"controls\"><source type=\"audio\/mpeg\" src=\"http:\/\/traffic.libsyn.com\/filmladan\/Filmldan_Episode_4.mp3?_=1\" \/><a href=\"http:\/\/traffic.libsyn.com\/filmladan\/Filmldan_Episode_4.mp3\">http:\/\/traffic.libsyn.com\/filmladan\/Filmldan_Episode_4.mp3<\/a><\/audio>\n","protected":false},"excerpt":{"rendered":"<p>I avsnitt fyra av Filml\u00e5dan uppst\u00e5r en spricka mellan de medverkande efter att Robert inlett diskussionen med en sju minuter l\u00e5ng dumf\u00f6rklaring av The Hobbit och sig sj\u00e4lv. Har Peter Jackson levererat en cynisk happy meal-produkt eller osar filmen ist\u00e4llet av k\u00e4rlek till Tolkiens v\u00e4rld? Ingen h\u00e5ller sams (f\u00f6rutom Robert och Mange) och ingen h\u00e5ller [&hellip;]<\/p>\n","protected":false},"author":13,"featured_media":0,"comment_status":"open","ping_status":"open","sticky":false,"template":"","format":"standard","meta":{"_genesis_hide_title":false,"_genesis_hide_breadcrumbs":false,"_genesis_hide_singular_image":false,"_genesis_hide_footer_widgets":false,"_genesis_custom_body_class":"","_genesis_custom_post_class":"","_genesis_layout":"","footnotes":""},"categories":[50],"tags":[6918,4407,5754],"class_list":{"0":"post-78022","1":"post","2":"type-post","3":"status-publish","4":"format-standard","6":"category-filmfilm","7":"tag-filmkronikan-2","8":"tag-podcast","9":"tag-the-hobbit","10":"entry"},"_links":{"self":[{"href":"https:\/\/kulturbloggen.com\/index.php?rest_route=\/wp\/v2\/posts\/78022","targetHints":{"allow":["GET"]}}],"collection":[{"href":"https:\/\/kulturbloggen.com\/index.php?rest_route=\/wp\/v2\/posts"}],"about":[{"href":"https:\/\/kulturbloggen.com\/index.php?rest_route=\/wp\/v2\/types\/post"}],"author":[{"embeddable":true,"href":"https:\/\/kulturbloggen.com\/index.php?rest_route=\/wp\/v2\/users\/13"}],"replies":[{"embeddable":true,"href":"https:\/\/kulturbloggen.com\/index.php?rest_route=%2Fwp%2Fv2%2Fcomments&post=78022"}],"version-history":[{"count":15,"href":"https:\/\/kulturbloggen.com\/index.php?rest_route=\/wp\/v2\/posts\/78022\/revisions"}],"predecessor-version":[{"id":78048,"href":"https:\/\/kulturbloggen.com\/index.php?rest_route=\/wp\/v2\/posts\/78022\/revisions\/78048"}],"wp:attachment":[{"href":"https:\/\/kulturbloggen.com\/index.php?rest_route=%2Fwp%2Fv2%2Fmedia&parent=78022"}],"wp:term":[{"taxonomy":"category","embeddable":true,"href":"https:\/\/kulturbloggen.com\/index.php?rest_route=%2Fwp%2Fv2%2Fcategories&post=78022"},{"taxonomy":"post_tag","embeddable":true,"href":"https:\/\/kulturbloggen.com\/index.php?rest_route=%2Fwp%2Fv2%2Ftags&post=78022"}],"curies":[{"name":"wp","href":"https:\/\/api.w.org\/{rel}","templated":true}]}}