{"id":77815,"date":"2013-11-26T14:34:35","date_gmt":"2013-11-26T12:34:35","guid":{"rendered":"http:\/\/kulturbloggen.com\/?p=77815"},"modified":"2013-11-26T14:34:35","modified_gmt":"2013-11-26T12:34:35","slug":"riddarna-slapper-nytt-album-i-februari","status":"publish","type":"post","link":"https:\/\/kulturbloggen.com\/?p=77815","title":{"rendered":"Riddarna sl\u00e4pper nytt album i februari"},"content":{"rendered":"<p><a href=\"http:\/\/kulturbloggen.com\/wp-content\/uploads\/2013\/11\/riddarna.jpg\"><img loading=\"lazy\" decoding=\"async\" class=\"aligncenter size-medium wp-image-77816\" alt=\"riddarna\" src=\"http:\/\/kulturbloggen.com\/wp-content\/uploads\/2013\/11\/riddarna-300x300.jpg\" width=\"300\" height=\"300\" srcset=\"https:\/\/kulturbloggen.com\/wp-content\/uploads\/2013\/11\/riddarna-300x300.jpg 300w, https:\/\/kulturbloggen.com\/wp-content\/uploads\/2013\/11\/riddarna-150x150.jpg 150w, https:\/\/kulturbloggen.com\/wp-content\/uploads\/2013\/11\/riddarna.jpg 400w\" sizes=\"auto, (max-width: 300px) 100vw, 300px\" \/><\/a><\/p>\n<p>&#8211; <a href=\"http:\/\/kulturbloggen.com\/?p=32462\"><em>De h\u00e4vdar att rock\u2019n&#8217;rollen \u00e4r d\u00f6d samtidigt som de g\u00f6r allt f\u00f6r att bevisa motsatsen<\/em><\/a>, skrev vi i v\u00e5r recension av deras sj\u00e4lvbetitlade debutalbum fr\u00e5n 2011.\u00a0Den 12 februari 2014 sl\u00e4pper G\u00f6teborgs-trion Riddarna, som allts\u00e5 tidigare gett ut de tv\u00e5 albumen <em>Riddarna<\/em> och <em>Bakom molnen<\/em>, sin tredje full\u00e4ngdare <em>Under jorden<\/em>.<\/p>\n<p>Under v\u00e5ren sl\u00e4ppte de en musikvideo varje m\u00e5nad. De var \u00e4ven med i filmen <em>K\u00e4nn ingen sorg<\/em> d\u00e4r de spelade sig sj\u00e4lva och sin demolerade version av Nationalteaterns <em>Kolla kolla<\/em>, vars musikvideo du kan se h\u00e4r nedan:<\/p>\n<p><iframe loading=\"lazy\" src=\"\/\/www.youtube.com\/embed\/5oGbYdQIvMc\" height=\"315\" width=\"420\" allowfullscreen=\"\" frameborder=\"0\"><\/iframe><\/p>\n","protected":false},"excerpt":{"rendered":"<p>&#8211; De h\u00e4vdar att rock\u2019n&#8217;rollen \u00e4r d\u00f6d samtidigt som de g\u00f6r allt f\u00f6r att bevisa motsatsen, skrev vi i v\u00e5r recension av deras sj\u00e4lvbetitlade debutalbum fr\u00e5n 2011.\u00a0Den 12 februari 2014 sl\u00e4pper G\u00f6teborgs-trion Riddarna, som allts\u00e5 tidigare gett ut de tv\u00e5 albumen Riddarna och Bakom molnen, sin tredje full\u00e4ngdare Under jorden. Under v\u00e5ren sl\u00e4ppte de en [&hellip;]<\/p>\n","protected":false},"author":3,"featured_media":0,"comment_status":"open","ping_status":"open","sticky":false,"template":"","format":"standard","meta":{"_genesis_hide_title":false,"_genesis_hide_breadcrumbs":false,"_genesis_hide_singular_image":false,"_genesis_hide_footer_widgets":false,"_genesis_custom_body_class":"","_genesis_custom_post_class":"","_genesis_layout":"","footnotes":""},"categories":[7],"tags":[4747],"class_list":{"0":"post-77815","1":"post","2":"type-post","3":"status-publish","4":"format-standard","6":"category-musik","7":"tag-riddarna","8":"entry"},"_links":{"self":[{"href":"https:\/\/kulturbloggen.com\/index.php?rest_route=\/wp\/v2\/posts\/77815","targetHints":{"allow":["GET"]}}],"collection":[{"href":"https:\/\/kulturbloggen.com\/index.php?rest_route=\/wp\/v2\/posts"}],"about":[{"href":"https:\/\/kulturbloggen.com\/index.php?rest_route=\/wp\/v2\/types\/post"}],"author":[{"embeddable":true,"href":"https:\/\/kulturbloggen.com\/index.php?rest_route=\/wp\/v2\/users\/3"}],"replies":[{"embeddable":true,"href":"https:\/\/kulturbloggen.com\/index.php?rest_route=%2Fwp%2Fv2%2Fcomments&post=77815"}],"version-history":[{"count":1,"href":"https:\/\/kulturbloggen.com\/index.php?rest_route=\/wp\/v2\/posts\/77815\/revisions"}],"predecessor-version":[{"id":77817,"href":"https:\/\/kulturbloggen.com\/index.php?rest_route=\/wp\/v2\/posts\/77815\/revisions\/77817"}],"wp:attachment":[{"href":"https:\/\/kulturbloggen.com\/index.php?rest_route=%2Fwp%2Fv2%2Fmedia&parent=77815"}],"wp:term":[{"taxonomy":"category","embeddable":true,"href":"https:\/\/kulturbloggen.com\/index.php?rest_route=%2Fwp%2Fv2%2Fcategories&post=77815"},{"taxonomy":"post_tag","embeddable":true,"href":"https:\/\/kulturbloggen.com\/index.php?rest_route=%2Fwp%2Fv2%2Ftags&post=77815"}],"curies":[{"name":"wp","href":"https:\/\/api.w.org\/{rel}","templated":true}]}}