{"id":7777,"date":"2009-03-18T09:40:01","date_gmt":"2009-03-18T08:40:01","guid":{"rendered":"http:\/\/kulturbloggen.com\/?p=7777"},"modified":"2009-03-18T09:40:01","modified_gmt":"2009-03-18T08:40:01","slug":"b-underhallning-i-melodifestivalen-far-ryssar-att-se-rott","status":"publish","type":"post","link":"https:\/\/kulturbloggen.com\/?p=7777","title":{"rendered":"B-underh\u00e5llning i Melodifestivalen f\u00e5r ryssar att se r\u00f6tt&#8230;"},"content":{"rendered":"<p>Ni f\u00e5r urs\u00e4kta den d\u00e5liga ordvitsen i rubriken, men n\u00e4r jag l\u00e4ste om ryska ambassaden i Sveriges reaktioner p\u00e5 pausunderh\u00e5llningen i Melodifestivalen kunde jag inte l\u00e5ta bli att reagera&#8230;<!--more--><\/p>\n<p>Jag missade faktsikt (frivilligt..?) finalen, d\u00e4rav den sena reaktionen, men tydligen ska pausunderh\u00e5llningen ha varit provocerande och anspelat p\u00e5 &#8221;f\u00f6rdomar&#8221; och &#8221;f\u00f6rvr\u00e4ngda stereotyper&#8221;. Som att n\u00e5gon skulle vara s\u00e5 hj\u00e4rntv\u00e4ttad att han\/hon tror att varje ord som s\u00e4gs om Ryssland i ett program som Melodifestivalen ger &#8221;den sanna bilden&#8221; av Ryssland idag. <\/p>\n<p>I k\u00f6lvattnet av Putins diktaturdemokrati finns det kanske eller s\u00e4kert eller inte alls men mest kanske en po\u00e4ng i &#8221;f\u00f6rdomarna&#8221; som inslaget anspelade p\u00e5. P\u00e5 samma s\u00e4tt som att alla tyskar is\u00e5danafall \u00e4r &#8221;bratwurst-\u00e4tande-nazis-i-lederhosen&#8221; och att alla skottar \u00e4r &#8221;s\u00e4ckpipebl\u00e5sande-kiltb\u00e4rande-whiskyalkoholister&#8221;. <\/p>\n<p>D\u00e4remot tycker jag att incidenten visar vissa personer i ryska ambassaden i Sveriges totala brist p\u00e5 tron p\u00e5 svenska tv-tittares f\u00f6rm\u00e5ga att skilja verklighet fr\u00e5n d\u00e5lig underh\u00e5llning.<\/p>\n<p>Men eftersom jag s\u00e4kert som vanligt har helt fel borde du l\u00e4sa vad <a href=\"http:\/\/www.aftonbladet.se\/nojesbladet\/melodifestivalen2009\/article4664919.ab\">Aftonbladet<\/a> skriver ist\u00e4llet.<\/p>\n","protected":false},"excerpt":{"rendered":"<p>Ni f\u00e5r urs\u00e4kta den d\u00e5liga ordvitsen i rubriken, men n\u00e4r jag l\u00e4ste om ryska ambassaden i Sveriges reaktioner p\u00e5 pausunderh\u00e5llningen i Melodifestivalen kunde jag inte l\u00e5ta bli att reagera&#8230;<\/p>\n","protected":false},"author":3,"featured_media":0,"comment_status":"open","ping_status":"open","sticky":false,"template":"","format":"standard","meta":{"_genesis_hide_title":false,"_genesis_hide_breadcrumbs":false,"_genesis_hide_singular_image":false,"_genesis_hide_footer_widgets":false,"_genesis_custom_body_class":"","_genesis_custom_post_class":"","_genesis_layout":"","footnotes":""},"categories":[62],"tags":[6555],"class_list":{"0":"post-7777","1":"post","2":"type-post","3":"status-publish","4":"format-standard","6":"category-medie-och-kulturpolitik","7":"tag-ovrigt","8":"entry"},"_links":{"self":[{"href":"https:\/\/kulturbloggen.com\/index.php?rest_route=\/wp\/v2\/posts\/7777","targetHints":{"allow":["GET"]}}],"collection":[{"href":"https:\/\/kulturbloggen.com\/index.php?rest_route=\/wp\/v2\/posts"}],"about":[{"href":"https:\/\/kulturbloggen.com\/index.php?rest_route=\/wp\/v2\/types\/post"}],"author":[{"embeddable":true,"href":"https:\/\/kulturbloggen.com\/index.php?rest_route=\/wp\/v2\/users\/3"}],"replies":[{"embeddable":true,"href":"https:\/\/kulturbloggen.com\/index.php?rest_route=%2Fwp%2Fv2%2Fcomments&post=7777"}],"version-history":[{"count":0,"href":"https:\/\/kulturbloggen.com\/index.php?rest_route=\/wp\/v2\/posts\/7777\/revisions"}],"wp:attachment":[{"href":"https:\/\/kulturbloggen.com\/index.php?rest_route=%2Fwp%2Fv2%2Fmedia&parent=7777"}],"wp:term":[{"taxonomy":"category","embeddable":true,"href":"https:\/\/kulturbloggen.com\/index.php?rest_route=%2Fwp%2Fv2%2Fcategories&post=7777"},{"taxonomy":"post_tag","embeddable":true,"href":"https:\/\/kulturbloggen.com\/index.php?rest_route=%2Fwp%2Fv2%2Ftags&post=7777"}],"curies":[{"name":"wp","href":"https:\/\/api.w.org\/{rel}","templated":true}]}}