{"id":77737,"date":"2013-11-24T10:32:58","date_gmt":"2013-11-24T08:32:58","guid":{"rendered":"http:\/\/kulturbloggen.com\/?p=77737"},"modified":"2013-11-24T10:46:02","modified_gmt":"2013-11-24T08:46:02","slug":"teater-kaleido-den-lyckliga-manniskan-2-0","status":"publish","type":"post","link":"https:\/\/kulturbloggen.com\/?p=77737","title":{"rendered":"Teater Kaleido: &#8221;Den Lyckliga M\u00e4nniskan 2.0&#8221; &#8211; en underbar drift av f\u00f6rdomar kring manligt och kvinnligt"},"content":{"rendered":"<p><a href=\"http:\/\/kulturbloggen.com\/wp-content\/uploads\/2013\/11\/denlyckligamanniskan.jpg\"><img loading=\"lazy\" decoding=\"async\" class=\"aligncenter size-full wp-image-77748\" alt=\"denlyckligamanniskan\" src=\"http:\/\/kulturbloggen.com\/wp-content\/uploads\/2013\/11\/denlyckligamanniskan.jpg\" width=\"201\" height=\"282\" \/><\/a><\/p>\n<p><a href=\"http:\/\/teaterkaleido.se\/vuxenteater\/den-lyckliga-m-nniskan-2-0.html\">Den Lyckliga M\u00e4nniskan 2.0<\/a><br \/>\nAv: Cecilia S\u00e4verman<br \/>\nKoreografi: Cecilia S\u00e4verman<br \/>\nSpelas av <a href=\"http:\/\/www.teaterkaleido.se\">Teater Kaleido<\/a> p\u00e5 Teater Alma i Stockholm<br \/>\nF\u00f6rest\u00e4llning som recenseras: 23 november 2013<\/p>\n<p>&#8221;Den Lyckliga M\u00e4nniskan 2.0&#8221; \u00e4r en underbar drift av f\u00f6rdomar kring manligt och kvinnligt som framf\u00f6rs i snyggt koreograferad dansteater-form. F\u00f6rest\u00e4llningen hade nypremi\u00e4r den 16 november och ges ytterligare en g\u00e5ng, p\u00e5 fredag den 29 november. Jag h\u00e5ller tummarna f\u00f6r att de ocks\u00e5 g\u00f6r en turn\u00e9 med f\u00f6rest\u00e4llningen.<\/p>\n<p>N\u00e5gra varelser fr\u00e5n rymden har best\u00e4mt att m\u00e4nskligheten ska utrotas. M\u00e4nniskorna har g\u00e5tt f\u00f6r l\u00e5ngt och brutit mot reglerna f\u00f6r hur m\u00e4n och kvinnor ska uppf\u00f6ra sig. Tv\u00e5 jord-m\u00e4nniskor har valts ut och placerats i ett laboratorium d\u00e4r de f\u00e5r chansen att r\u00e4dda m\u00e4nskligheten. De ska spela upp n\u00e5gra scener d\u00e4r de ska bevisa att jordm\u00e4nniskornas m\u00e4n vet hur en man ska vara och kvinnan ska visa att hon vet hur en kvinna ska uppf\u00f6ra sig. De f\u00e5r visa hur en flirt och en date ska g\u00e5 till och de f\u00e5r visa hur de sedan ska leva tillsammans.<\/p>\n<p>Varf\u00f6r f\u00e5r riktiga m\u00e4n inte raka sina ben och varf\u00f6r ska kvinnor l\u00e5tsas att de inte vill f\u00f6lja med en man hem, varf\u00f6r ska mannen driva p\u00e5 trots att kvinnan s\u00e4ger nej? Varf\u00f6r f\u00f6rv\u00e4ntas kvinnor ha mer starkare instinkt f\u00f6r att vilja ha barn och sk\u00f6ta om barn \u00e4n m\u00e4n? Varf\u00f6r f\u00e5r m\u00e4n inte visa k\u00e4nslor? F\u00f6rest\u00e4llningen tar upp m\u00e5nga fr\u00e5gor och funderingar kring manligt, kvinnligt och m\u00e4nskligt. F\u00f6rest\u00e4llningen skulle vara perfekt f\u00f6r att spelas runt om i landet p\u00e5 h\u00f6gstadier och gymnasier.<\/p>\n<p>De tv\u00e5 sk\u00e5despelarna \u00e4r duktiga och pendlar mellan olika s\u00e4tt att vara, b\u00e5de med kroppspr\u00e5k och hur de talar och r\u00f6r sig. Cecilia S\u00e4verman som g\u00f6r rollen som kvinnan (och ocks\u00e5 \u00e4r regiss\u00f6r, koreograf och manusf\u00f6rfattare) g\u00e5r p\u00e5 teaterh\u00f6gskolan i Stockholm och \u00e4r utbildad b\u00e5de inom musikal, dans och s\u00e5ng. En sak \u00e4r s\u00e4ker, vi kommer att h\u00f6ra mer om henne och se mer av henne. Ola Wallinder vet jag inte s\u00e5 mycket om, men jag skulle gissa att han ocks\u00e5 har n\u00e5gon form av utbildning inom dans ocks\u00e5, f\u00f6rutom att han \u00e4r sk\u00e5despelare och bland annat varit med i filmen &#8221;M\u00e4n som hatar kvinnor&#8221;. Vi kommer att se honom i fler sammanhang fram\u00f6ver, det \u00e4r jag \u00f6vertygad om.<\/p>\n<p>Publiken skrattade men samtidigt var det t\u00e4nkv\u00e4rt om \u00e4nd\u00e5 inte helt \u00f6verraskande. Argumenten kring k\u00f6nsidentiteter har h\u00f6rts f\u00f6rr &#8211; det \u00e4r dock inte alltid vad som s\u00e4gs utan hur det framf\u00f6rs som avg\u00f6r om det \u00e4r bra eller inte. Och f\u00f6rest\u00e4llningen &#8221;Den Lyckliga M\u00e4nniskan 2.0&#8221; \u00e4r mycket snyggt framf\u00f6rd och ber\u00f6r. Jag hoppas att det blir fler f\u00f6rest\u00e4llningar \u00e4n den sista som nu \u00e4r planerad den 29 november. Som sagt: kanske en turn\u00e9 i skolor?<\/p>\n","protected":false},"excerpt":{"rendered":"<p>Den Lyckliga M\u00e4nniskan 2.0 Av: Cecilia S\u00e4verman Koreografi: Cecilia S\u00e4verman Spelas av Teater Kaleido p\u00e5 Teater Alma i Stockholm F\u00f6rest\u00e4llning som recenseras: 23 november 2013 &#8221;Den Lyckliga M\u00e4nniskan 2.0&#8221; \u00e4r en underbar drift av f\u00f6rdomar kring manligt och kvinnligt som framf\u00f6rs i snyggt koreograferad dansteater-form. F\u00f6rest\u00e4llningen hade nypremi\u00e4r den 16 november och ges ytterligare en [&hellip;]<\/p>\n","protected":false},"author":2,"featured_media":0,"comment_status":"open","ping_status":"open","sticky":false,"template":"","format":"standard","meta":{"_genesis_hide_title":false,"_genesis_hide_breadcrumbs":false,"_genesis_hide_singular_image":false,"_genesis_hide_footer_widgets":false,"_genesis_custom_body_class":"","_genesis_custom_post_class":"","_genesis_layout":"","footnotes":""},"categories":[16,20,30,31],"tags":[],"class_list":{"0":"post-77737","1":"post","2":"type-post","3":"status-publish","4":"format-standard","6":"category-recension","7":"category-film","8":"category-teater","9":"category-teaterrecension","10":"entry"},"_links":{"self":[{"href":"https:\/\/kulturbloggen.com\/index.php?rest_route=\/wp\/v2\/posts\/77737","targetHints":{"allow":["GET"]}}],"collection":[{"href":"https:\/\/kulturbloggen.com\/index.php?rest_route=\/wp\/v2\/posts"}],"about":[{"href":"https:\/\/kulturbloggen.com\/index.php?rest_route=\/wp\/v2\/types\/post"}],"author":[{"embeddable":true,"href":"https:\/\/kulturbloggen.com\/index.php?rest_route=\/wp\/v2\/users\/2"}],"replies":[{"embeddable":true,"href":"https:\/\/kulturbloggen.com\/index.php?rest_route=%2Fwp%2Fv2%2Fcomments&post=77737"}],"version-history":[{"count":13,"href":"https:\/\/kulturbloggen.com\/index.php?rest_route=\/wp\/v2\/posts\/77737\/revisions"}],"predecessor-version":[{"id":77754,"href":"https:\/\/kulturbloggen.com\/index.php?rest_route=\/wp\/v2\/posts\/77737\/revisions\/77754"}],"wp:attachment":[{"href":"https:\/\/kulturbloggen.com\/index.php?rest_route=%2Fwp%2Fv2%2Fmedia&parent=77737"}],"wp:term":[{"taxonomy":"category","embeddable":true,"href":"https:\/\/kulturbloggen.com\/index.php?rest_route=%2Fwp%2Fv2%2Fcategories&post=77737"},{"taxonomy":"post_tag","embeddable":true,"href":"https:\/\/kulturbloggen.com\/index.php?rest_route=%2Fwp%2Fv2%2Ftags&post=77737"}],"curies":[{"name":"wp","href":"https:\/\/api.w.org\/{rel}","templated":true}]}}