{"id":77640,"date":"2013-11-20T11:44:42","date_gmt":"2013-11-20T09:44:42","guid":{"rendered":"http:\/\/kulturbloggen.com\/?p=77640"},"modified":"2013-11-20T11:44:42","modified_gmt":"2013-11-20T09:44:42","slug":"outkast-aterforenas-for-spelningar","status":"publish","type":"post","link":"https:\/\/kulturbloggen.com\/?p=77640","title":{"rendered":"OutKast \u00e5terf\u00f6renas f\u00f6r spelningar"},"content":{"rendered":"<p><a href=\"http:\/\/kulturbloggen.com\/wp-content\/uploads\/2013\/11\/outkast.jpg\"><img loading=\"lazy\" decoding=\"async\" class=\"aligncenter size-medium wp-image-77644\" alt=\"outkast\" src=\"http:\/\/kulturbloggen.com\/wp-content\/uploads\/2013\/11\/outkast-300x223.jpg\" width=\"300\" height=\"223\" srcset=\"https:\/\/kulturbloggen.com\/wp-content\/uploads\/2013\/11\/outkast-300x223.jpg 300w, https:\/\/kulturbloggen.com\/wp-content\/uploads\/2013\/11\/outkast.jpg 511w\" sizes=\"auto, (max-width: 300px) 100vw, 300px\" \/><\/a><\/p>\n<p>Nu \u00e4r det officiellt. Rykten om en eventuell \u00e5terf\u00f6rening och en spelning p\u00e5 den amerikanska Coachella-festivalen b\u00f6rjade spridas redan ig\u00e5r natt, men nu st\u00e5r det klart att hiphop-giganterna i OutKast \u00e5terv\u00e4nder till\u00a0livescenen. <a href=\"http:\/\/revolt.tv\/news\/exclusive-outkast-to-reunite-in-2014\/AA4E31F5-506C-40F7-AFC5-D51CA11A9BAF\">Revolt TV<\/a> var f\u00f6rst med att till\u00e4gga:\u00a0\u201cthe reunion is currently set to exist solely in the live setting, with no new album plans in sight, for now.\u201d<\/p>\n<p>Sju \u00e5r har g\u00e5tt sedan Big Boi och Andr\u00e9 3000 senast samarbetade p\u00e5 en l\u00e5t, och \u00e4nnu l\u00e4ngre sedan de intog en scen tillsammans, s\u00e5 \u00e5terf\u00f6reningen kommer lite som en \u00f6verraskning &#8212; 2014 markerar dock 20-\u00e5rsjubileet av deras debutalbum <em>Southernplayalisticadillacmuzik<\/em>.<\/p>\n<p><iframe loading=\"lazy\" src=\"\/\/www.youtube.com\/embed\/PWgvGjAhvIw\" height=\"315\" width=\"420\" allowfullscreen=\"\" frameborder=\"0\"><\/iframe><\/p>\n","protected":false},"excerpt":{"rendered":"<p>Nu \u00e4r det officiellt. Rykten om en eventuell \u00e5terf\u00f6rening och en spelning p\u00e5 den amerikanska Coachella-festivalen b\u00f6rjade spridas redan ig\u00e5r natt, men nu st\u00e5r det klart att hiphop-giganterna i OutKast \u00e5terv\u00e4nder till\u00a0livescenen. Revolt TV var f\u00f6rst med att till\u00e4gga:\u00a0\u201cthe reunion is currently set to exist solely in the live setting, with no new album plans [&hellip;]<\/p>\n","protected":false},"author":3,"featured_media":0,"comment_status":"open","ping_status":"open","sticky":false,"template":"","format":"standard","meta":{"_genesis_hide_title":false,"_genesis_hide_breadcrumbs":false,"_genesis_hide_singular_image":false,"_genesis_hide_footer_widgets":false,"_genesis_custom_body_class":"","_genesis_custom_post_class":"","_genesis_layout":"","footnotes":""},"categories":[7],"tags":[1019,10552],"class_list":{"0":"post-77640","1":"post","2":"type-post","3":"status-publish","4":"format-standard","6":"category-musik","7":"tag-coachella","8":"tag-outkast","9":"entry"},"_links":{"self":[{"href":"https:\/\/kulturbloggen.com\/index.php?rest_route=\/wp\/v2\/posts\/77640","targetHints":{"allow":["GET"]}}],"collection":[{"href":"https:\/\/kulturbloggen.com\/index.php?rest_route=\/wp\/v2\/posts"}],"about":[{"href":"https:\/\/kulturbloggen.com\/index.php?rest_route=\/wp\/v2\/types\/post"}],"author":[{"embeddable":true,"href":"https:\/\/kulturbloggen.com\/index.php?rest_route=\/wp\/v2\/users\/3"}],"replies":[{"embeddable":true,"href":"https:\/\/kulturbloggen.com\/index.php?rest_route=%2Fwp%2Fv2%2Fcomments&post=77640"}],"version-history":[{"count":1,"href":"https:\/\/kulturbloggen.com\/index.php?rest_route=\/wp\/v2\/posts\/77640\/revisions"}],"predecessor-version":[{"id":77645,"href":"https:\/\/kulturbloggen.com\/index.php?rest_route=\/wp\/v2\/posts\/77640\/revisions\/77645"}],"wp:attachment":[{"href":"https:\/\/kulturbloggen.com\/index.php?rest_route=%2Fwp%2Fv2%2Fmedia&parent=77640"}],"wp:term":[{"taxonomy":"category","embeddable":true,"href":"https:\/\/kulturbloggen.com\/index.php?rest_route=%2Fwp%2Fv2%2Fcategories&post=77640"},{"taxonomy":"post_tag","embeddable":true,"href":"https:\/\/kulturbloggen.com\/index.php?rest_route=%2Fwp%2Fv2%2Ftags&post=77640"}],"curies":[{"name":"wp","href":"https:\/\/api.w.org\/{rel}","templated":true}]}}